{"id":59559,"date":"2026-04-19T12:45:10","date_gmt":"2026-04-19T12:45:10","guid":{"rendered":"https:\/\/www.europesays.com\/cz\/59559\/"},"modified":"2026-04-19T12:45:10","modified_gmt":"2026-04-19T12:45:10","slug":"trumpovy-vyroky-komplikuji-uklidneni-situace-v-iranu-zni-z-bileho-domu","status":"publish","type":"post","link":"https:\/\/www.europesays.com\/cz\/59559\/","title":{"rendered":"Trumpovy v\u00fdroky komplikuj\u00ed uklidn\u011bn\u00ed situace v\u00a0\u00cdr\u00e1nu, zn\u00ed z\u00a0B\u00edl\u00e9ho domu"},"content":{"rendered":"<p class=\"e_bW\">V\u00e1lka na Bl\u00edzk\u00e9m v\u00fdchod\u011b m\u011bla p\u016fvodn\u011b podle americk\u00e9ho prezidenta Donalda Trumpa trvat kr\u00e1tce. Konflikt se v\u0161ak po sedmi t\u00fddnech d\u00e1le protahuje a\u00a0a\u010dkoliv mezi stranami plat\u00ed do\u010dasn\u00e9 p\u0159\u00edm\u011b\u0159\u00ed, m\u00edrov\u00e1 jedn\u00e1n\u00ed skon\u010dila bez dohody a\u00a0kl\u00ed\u010dov\u00fd Hormuzsk\u00fd pr\u016fliv z\u016fst\u00e1v\u00e1 uzav\u0159en\u00fd, co\u017e omezuje dod\u00e1vky ropy na sv\u011btov\u00fdch trz\u00edch a\u00a0vyvol\u00e1v\u00e1 obavy z\u00a0r\u016fstu cen pohonn\u00fdch hmot a\u00a0dal\u0161\u00edch surovin.<\/p>\n<p class=\"e_bW\">Samotn\u00e1 r\u00e9torika \u0161\u00e9fa B\u00edl\u00e9ho domu k\u00a0uklidn\u011bn\u00ed situace neprosp\u00edv\u00e1. V\u00a0konfliktu s\u00a0\u00cdr\u00e1nem vol\u00ed nevyzpytateln\u00fd a\u00a0\u010dasto improvizovan\u00fd komunika\u010dn\u00ed styl, kter\u00fd zneklid\u0148uje nejen spojence, ale i\u00a0jeho vlastn\u00ed spolupracovn\u00edky, uvedl s\u00a0odkazem na sv\u00e9 zdroje den\u00edk <a data-dot=\"atm-link\" target=\"_blank\" rel=\"noopener nofollow\" href=\"https:\/\/www.wsj.com\/politics\/national-security\/trump-public-bravado-private-fear-59814dca\" class=\"e_n\">The Wall Street Journal<\/a>.<\/p>\n<p class=\"e_bW\">Trump st\u0159\u00edd\u00e1 ostr\u00e9 v\u00fdhr\u016f\u017eky s\u00a0n\u00e1znaky ochoty jednat a\u00a0\u010dasto vyd\u00e1v\u00e1 prohl\u00e1\u0161en\u00ed bez p\u0159edchoz\u00ed konzultace se \u010dleny sv\u00e9ho t\u00fdmu. Na Velikono\u010dn\u00ed ned\u011bli nap\u0159\u00edklad na sv\u00e9 soci\u00e1ln\u00ed s\u00edt\u00ed Truth social adresoval Teher\u00e1nu pravd\u011bpodobn\u011b dosud nejtvrd\u0161\u00ed ve\u0159ejnou v\u00fdhr\u016f\u017eku k\u00a0otev\u0159en\u00ed Hormuzsk\u00e9ho pr\u016flivu, p\u0159i\u010dem\u017e pou\u017eil i\u00a0vulg\u00e1rn\u00ed v\u00fdrazy.<\/p>\n<p class=\"e_bW\">\u201eOtev\u0159ete ten zas***\u00fd pr\u016fliv, vy zatracen\u00ed bl\u00e1zni, jinak budete \u017e\u00edt v\u00a0pekle. Jen se d\u00edvejte,\u201c napsal Trump. Sv\u016fj vzkaz zakon\u010dil slovy \u201eChv\u00e1la All\u00e1hovi\u201c.  Krom\u011b toho nazna\u010dil mo\u017en\u00e9 \u00fatoky na \u00edr\u00e1nsk\u00e9 kl\u00ed\u010dov\u00e9 energetick\u00e9 a\u00a0dopravn\u00ed objekty. \u201eCht\u011bl p\u016fsobit nep\u0159edv\u00eddateln\u011b a\u00a0ur\u00e1\u017eliv\u011b, aby p\u0159im\u011bl Teher\u00e1n k\u00a0jedn\u00e1n\u00ed,\u201c okomentovali p\u0159\u00edsp\u011bvek p\u0159edstavitel\u00e9 americk\u00e9 administrativy.<\/p>\n<p>Trumpovy v\u00fdhru\u017eky:<a data-dot=\"mol-article-card-media\" aria-hidden=\"true\" tabindex=\"-1\" href=\"https:\/\/www.seznamzpravy.cz\/clanek\/zahranicni-trump-vulgarne-pohrozil-iranu-303342\" class=\"e_n f_l-\" rel=\"nofollow noopener\" target=\"_blank\"><img fetchpriority=\"high\" height=\"1687\"   width=\"3000\" src=\"https:\/\/www.europesays.com\/cz\/wp-content\/uploads\/2026\/03\/1774773910_869_donald-trump-trump.jpeg\" loading=\"eager\" decoding=\"sync\" class=\"e_aa e_Z\"\/><\/a><a data-dot=\"mol-article-card-media\" aria-hidden=\"true\" tabindex=\"-1\" href=\"https:\/\/www.seznamzpravy.cz\/clanek\/zahranicni-trumpovo-48hodinove-ultimatum-trva-treti-tyden-az-vyprsi-prijde-peklo-303399\" class=\"e_n f_l-\" rel=\"nofollow noopener\" target=\"_blank\"><img height=\"2304\"   width=\"4096\" src=\"https:\/\/www.europesays.com\/cz\/wp-content\/uploads\/2026\/04\/1775584989_456_tel-aviv-izrael-usa-trump.jpeg\" loading=\"eager\" decoding=\"sync\" class=\"e_aa e_Z\"\/><\/a><\/p>\n<p class=\"e_bW\">Podobn\u011b p\u016fsobilo i\u00a0jeho ultim\u00e1tum, v\u00a0n\u011bm\u017e pohrozil zni\u010den\u00edm \u00edr\u00e1nsk\u00e9 civilizace, pokud nedojde k\u00a0dohod\u011b. Podle zdroj\u016f z\u00a0okruhu administrativy \u0161lo op\u011bt o\u00a0improvizovan\u00e9 prohl\u00e1\u0161en\u00ed, kter\u00e9 nebylo p\u0159edem konzultov\u00e1no. Pozd\u011bji ozn\u00e1mil dvout\u00fddenn\u00ed p\u0159\u00edm\u011b\u0159\u00ed.<\/p>\n<p class=\"e_bW\">Americk\u00fd prezident tak\u00e9 \u010dasto poskytuje nepl\u00e1novan\u00e9 rozhovory m\u00e9di\u00edm, v\u00a0nich\u017e jeho sd\u011blen\u00ed p\u016fsob\u00ed nejednotn\u011b a\u00a0m\u00edsty si proti\u0159e\u010d\u00ed. Jeho poradci ho proto opakovan\u011b vyz\u00fdvaj\u00ed, aby tyto v\u00fdstupy omezil, proto\u017ee zt\u011b\u017euje ve\u0159ejnosti orientaci v\u00a0tom, co administrativa d\u011bl\u00e1.<\/p>\n<p class=\"e_bW\">Ob\u010das si z\u00a0cel\u00e9 situace d\u011blal Trump legraci. Mluv\u010d\u00ed B\u00edl\u00e9ho domu Karoline Leavittov\u00e9 nap\u0159\u00edklad \u017eertem \u0159\u00edk\u00e1val, \u017ee pr\u00e1v\u011b poskytl rozhovor novin\u00e1\u0159\u016fm a \u201erozjel velk\u00e9 t\u00e9ma\u201c, ale co p\u0159esn\u011b to bylo, se pr\u00fd sama dozv\u00ed a\u017e pozd\u011bji.<\/p>\n<p>\u00datoky na spojence<\/p>\n<p class=\"e_bW\">Trump se tak\u00e9 opakovan\u011b dost\u00e1v\u00e1 do spor\u016f se spojenci, zejm\u00e9na s\u00a0evropsk\u00fdmi st\u00e1ty a\u00a0NATO, kter\u00e9 podle n\u011bj nedostate\u010dn\u011b podporuj\u00ed jeho postup v\u016f\u010di \u00cdr\u00e1nu. Kritizoval jejich zdr\u017eenlivost a\u00a0nap\u0159\u00edklad <a data-dot=\"atm-link\" target=\"_blank\" rel=\"noopener nofollow\" href=\"https:\/\/www.bbc.com\/news\/articles\/c36rny6xgppo\" class=\"e_n\">vy\u010d\u00edtal<\/a> Brit\u00e1nii pozd\u011bj\u0161\u00ed schv\u00e1len\u00ed vyu\u017eit\u00ed vojensk\u00fdch z\u00e1kladen pro americk\u00e9 operace v\u00a0regionu.<\/p>\n<p class=\"e_bW\">Z\u00e1rove\u0148 vyjad\u0159oval frustraci nad t\u00edm, \u017ee spojenci nejsou ochotni pomoci s\u00a0otev\u0159en\u00edm Hormuzsk\u00e9ho pr\u016flivu a\u00a0po\u017eadoval jejich zapojen\u00ed. V\u00a0n\u011bkter\u00fdch sv\u00fdch vyj\u00e1d\u0159en\u00edch z\u00e1rove\u0148 pot\u00e9 nazna\u010doval, \u017ee Spojen\u00e9 st\u00e1ty vojenskou podporu partner\u016f nepot\u0159ebuj\u00ed a\u00a0\u017ee situaci zvl\u00e1dnou americk\u00e9 s\u00edly samy.<\/p>\n<p class=\"e_bW\">Ve\u0159ejn\u011b se tak\u00e9 op\u0159el do francouzsk\u00e9ho prezidenta Emanuela Macrona, kdy ho na videu zve\u0159ejn\u011bn\u00e9m na ofici\u00e1ln\u00edm \u00fa\u010dtu B\u00edl\u00e9ho domu na platform\u011b YouTube zesm\u011b\u0161\u0148oval, napodoboval francouzsk\u00fd p\u0159\u00edzvuk a\u00a0nap\u0159\u00edklad uvedl, \u017ee s\u00a0n\u00edm jeho man\u017eelka \u201ezach\u00e1z\u00ed velmi \u0161patn\u011b\u201c.<\/p>\n<p>Macron vs. Trump<a data-dot=\"mol-article-card-media\" aria-hidden=\"true\" tabindex=\"-1\" href=\"https:\/\/www.seznamzpravy.cz\/clanek\/zahranicni-mozna-byste-nemel-mluvit-kazdy-den-vzkazal-nastvany-macron-trumpovi-303285\" class=\"e_n f_l-\" rel=\"nofollow noopener\" target=\"_blank\"><img height=\"1152\"   width=\"2048\" src=\"https:\/\/www.europesays.com\/cz\/wp-content\/uploads\/2026\/04\/1776602709_850_emmanuel-macron-donald-trump-bily-dum.jpeg\" loading=\"eager\" decoding=\"sync\" class=\"e_aa e_Z\"\/><\/a><a data-dot=\"mol-article-card-media\" aria-hidden=\"true\" tabindex=\"-1\" href=\"https:\/\/www.seznamzpravy.cz\/clanek\/zahranicni-trump-sjednotil-francii-poznamkami-o-prvni-dame-macrona-se-zastavaji-i-kritici-303277\" class=\"e_n f_l-\" rel=\"nofollow noopener\" target=\"_blank\"><img height=\"1152\"   width=\"2048\" src=\"https:\/\/www.europesays.com\/cz\/wp-content\/uploads\/2026\/04\/1776602710_341_emmanuel-macron-donald-trump-bily-dum.jpeg\" loading=\"eager\" decoding=\"sync\" class=\"e_aa e_Z\"\/><\/a><\/p>\n<p class=\"e_bW\">Podle Trumpov\u00fdch poradc\u016f a\u00a0kritik\u016f vede jeho styl komunikace zalo\u017een\u00fd na ne\u010dekan\u00fdch v\u00fdroc\u00edch k\u00a0nejednotn\u00fdm sd\u011blen\u00edm a\u00a0obecn\u011b p\u0159isp\u00edv\u00e1 k\u00a0nejistot\u011b ohledn\u011b dal\u0161\u00edho postupu.<\/p>\n<p class=\"e_bW\">V\u00e1lka m\u00e1 z\u00e1rove\u0148 dopady i\u00a0na americkou politickou sc\u00e9nu. Pr\u016fzkumy nazna\u010duj\u00ed, \u017ee konflikt oslabuje podporu republik\u00e1n\u016f p\u0159ed listopadov\u00fdmi volbami, takzvan\u00fdmi midterms. V\u00a0nich se rozhodne o\u00a0slo\u017een\u00ed Kongresu, kde maj\u00ed republik\u00e1ni od posledn\u00edch voleb v\u00a0roce <a data-dot=\"atm-link\" target=\"_blank\" href=\"https:\/\/www.seznamzpravy.cz\/clanek\/volby-usa-2024-vysledky-hlasovani-263817\" class=\"e_n\" rel=\"nofollow noopener\">2024<\/a>\u00a0v\u00a0obou komor\u00e1ch v\u011bt\u0161inu.<\/p>\n<p class=\"e_bW\">P\u0159edstavitel\u00e9 B\u00edl\u00e9ho domu p\u0159esto uv\u00e1d\u011bj\u00ed, \u017ee Spojen\u00e9 st\u00e1ty nad\u00e1le usiluj\u00ed o\u00a0diplomatick\u00e9 \u0159e\u0161en\u00ed. Podle nich existuje mo\u017enost pr\u016flomu v\u00a0jedn\u00e1n\u00edch s\u00a0\u00cdr\u00e1nem v\u00a0nejbli\u017e\u0161\u00edch dnech.<\/p>\n","protected":false},"excerpt":{"rendered":"V\u00e1lka na Bl\u00edzk\u00e9m v\u00fdchod\u011b m\u011bla p\u016fvodn\u011b podle americk\u00e9ho prezidenta Donalda Trumpa trvat kr\u00e1tce. Konflikt se v\u0161ak po sedmi&hellip;\n","protected":false},"author":2,"featured_media":38138,"comment_status":"","ping_status":"","sticky":false,"template":"","format":"standard","meta":{"footnotes":"","_share_on_mastodon":"0"},"categories":[11],"tags":[6198,1187,212,58,6387,808,7825,168,54,113,762,17737,53,52],"class_list":["post-59559","post","type-post","status-publish","format-standard","has-post-thumbnail","category-svet","tag-administrativa","tag-bily-dum","tag-donald-trump","tag-druha-vlada-donalda-trumpa","tag-hormuzsky-pruliv","tag-iran","tag-konflikt-usa-izrael-iran","tag-severoatlanticka-aliance-nato","tag-svet","tag-usa","tag-vyhruzky","tag-vyroky","tag-world","tag-world-news"],"share_on_mastodon":{"url":"https:\/\/pubeurope.com\/@cz\/116431442945567223","error":""},"_links":{"self":[{"href":"https:\/\/www.europesays.com\/cz\/wp-json\/wp\/v2\/posts\/59559","targetHints":{"allow":["GET"]}}],"collection":[{"href":"https:\/\/www.europesays.com\/cz\/wp-json\/wp\/v2\/posts"}],"about":[{"href":"https:\/\/www.europesays.com\/cz\/wp-json\/wp\/v2\/types\/post"}],"author":[{"embeddable":true,"href":"https:\/\/www.europesays.com\/cz\/wp-json\/wp\/v2\/users\/2"}],"replies":[{"embeddable":true,"href":"https:\/\/www.europesays.com\/cz\/wp-json\/wp\/v2\/comments?post=59559"}],"version-history":[{"count":0,"href":"https:\/\/www.europesays.com\/cz\/wp-json\/wp\/v2\/posts\/59559\/revisions"}],"wp:featuredmedia":[{"embeddable":true,"href":"https:\/\/www.europesays.com\/cz\/wp-json\/wp\/v2\/media\/38138"}],"wp:attachment":[{"href":"https:\/\/www.europesays.com\/cz\/wp-json\/wp\/v2\/media?parent=59559"}],"wp:term":[{"taxonomy":"category","embeddable":true,"href":"https:\/\/www.europesays.com\/cz\/wp-json\/wp\/v2\/categories?post=59559"},{"taxonomy":"post_tag","embeddable":true,"href":"https:\/\/www.europesays.com\/cz\/wp-json\/wp\/v2\/tags?post=59559"}],"curies":[{"name":"wp","href":"https:\/\/api.w.org\/{rel}","templated":true}]}}