{"id":60527,"date":"2026-04-20T11:42:11","date_gmt":"2026-04-20T11:42:11","guid":{"rendered":"https:\/\/www.europesays.com\/cz\/60527\/"},"modified":"2026-04-20T11:42:11","modified_gmt":"2026-04-20T11:42:11","slug":"armada-ukazala-nove-uniformy-slusivy-stejnokroj-testuje-prvni-petice-vojaku-aktualne-cz","status":"publish","type":"post","link":"https:\/\/www.europesays.com\/cz\/60527\/","title":{"rendered":"Arm\u00e1da uk\u00e1zala nov\u00e9 uniformy, slu\u0161iv\u00fd stejnokroj testuje prvn\u00ed p\u011btice voj\u00e1k\u016f \u2013 Aktu\u00e1ln\u011b.cz"},"content":{"rendered":"<p class=\"e-web-aktualne-articles-card-horizontal__perex ff-lora\">V n\u011bkter\u00fdch skleni\u010dk\u00e1ch d\u011btsk\u00e9 v\u00fd\u017eivy od firmy HiPP v Rakousku, \u010cesku a na Slovensku se objevil jed na krysy. Uvedla to sama firma s t\u00edm, \u017ee jej\u00ed maloobchodn\u00ed partne\u0159i v\u0161echny v\u00fd\u017eivy preventivn\u011b odstranili z prodeje. Dv\u011b otr\u00e1ven\u00e9 sklenice se objevily i v Brn\u011b, policie v\u0161ak nepova\u017euje m\u00edru ohro\u017een\u00ed za vysokou. Den\u00edk Aktu\u00e1ln\u011b.cz odpov\u00edd\u00e1 na ot\u00e1zky, jak se podez\u0159el\u00fdm v\u00fd\u017eiv\u00e1m preventivn\u011b vyhnout.<\/p>\n","protected":false},"excerpt":{"rendered":"V n\u011bkter\u00fdch skleni\u010dk\u00e1ch d\u011btsk\u00e9 v\u00fd\u017eivy od firmy HiPP v Rakousku, \u010cesku a na Slovensku se objevil jed na&hellip;\n","protected":false},"author":2,"featured_media":60528,"comment_status":"","ping_status":"","sticky":false,"template":"","format":"standard","meta":{"footnotes":"","_share_on_mastodon":"0"},"categories":[7],"tags":[43,42,41,40,14053],"class_list":["post-60527","post","type-post","status-publish","format-standard","has-post-thumbnail","category-cesko","tag-ceska-republika","tag-cesko","tag-czech-republic","tag-czechia","tag-stejnokroj"],"share_on_mastodon":{"url":"https:\/\/pubeurope.com\/@cz\/116436857273180770","error":""},"_links":{"self":[{"href":"https:\/\/www.europesays.com\/cz\/wp-json\/wp\/v2\/posts\/60527","targetHints":{"allow":["GET"]}}],"collection":[{"href":"https:\/\/www.europesays.com\/cz\/wp-json\/wp\/v2\/posts"}],"about":[{"href":"https:\/\/www.europesays.com\/cz\/wp-json\/wp\/v2\/types\/post"}],"author":[{"embeddable":true,"href":"https:\/\/www.europesays.com\/cz\/wp-json\/wp\/v2\/users\/2"}],"replies":[{"embeddable":true,"href":"https:\/\/www.europesays.com\/cz\/wp-json\/wp\/v2\/comments?post=60527"}],"version-history":[{"count":0,"href":"https:\/\/www.europesays.com\/cz\/wp-json\/wp\/v2\/posts\/60527\/revisions"}],"wp:featuredmedia":[{"embeddable":true,"href":"https:\/\/www.europesays.com\/cz\/wp-json\/wp\/v2\/media\/60528"}],"wp:attachment":[{"href":"https:\/\/www.europesays.com\/cz\/wp-json\/wp\/v2\/media?parent=60527"}],"wp:term":[{"taxonomy":"category","embeddable":true,"href":"https:\/\/www.europesays.com\/cz\/wp-json\/wp\/v2\/categories?post=60527"},{"taxonomy":"post_tag","embeddable":true,"href":"https:\/\/www.europesays.com\/cz\/wp-json\/wp\/v2\/tags?post=60527"}],"curies":[{"name":"wp","href":"https:\/\/api.w.org\/{rel}","templated":true}]}}