{"id":60944,"date":"2026-04-20T17:00:13","date_gmt":"2026-04-20T17:00:13","guid":{"rendered":"https:\/\/www.europesays.com\/cz\/60944\/"},"modified":"2026-04-20T17:00:13","modified_gmt":"2026-04-20T17:00:13","slug":"armada-predstavila-nove-stejnokroje-novinky","status":"publish","type":"post","link":"https:\/\/www.europesays.com\/cz\/60944\/","title":{"rendered":"Arm\u00e1da p\u0159edstavila nov\u00e9 stejnokroje &#8211; Novinky"},"content":{"rendered":"<p class=\"c_bz\">Dosavadn\u00ed vojensk\u00fd stejnokroj podle arm\u00e1dy u\u017e neodpov\u00eddal sou\u010dasn\u00fdm n\u00e1rok\u016fm, a\u0165 u\u017e \u0161lo o\u00a0st\u0159ih nebo pou\u017eit\u00e9 materi\u00e1ly.<\/p>\n<p class=\"c_bz\">Probl\u00e9m byl i\u00a0v rozli\u0161ovac\u00edch znac\u00edch. I\u00a0p\u0159esto, \u017ee se arm\u00e1da po roce 1990\u00a0oprostila od p\u011btic\u00edp\u00e9 hv\u011bzdy, n\u011bkter\u00e9 znaky byly st\u00e1le identick\u00e9 s\u00a0t\u011bmi, kter\u00e9 pou\u017e\u00edv\u00e1 Rusk\u00e1 federace. \u0160lo nap\u0159\u00edklad o\u00a0tankisty, d\u011blost\u0159elce, letce, v\u00fdsadk\u00e1\u0159e a\u00a0spoja\u0159e.<\/p>\n<p class=\"c_bz\">To by se v\u0161ak m\u011blo nyn\u00ed zm\u011bnit. Komise vojensk\u00fdch tradic a\u00a0symboliky Vojensk\u00e9ho historick\u00e9ho \u00fastavu Praha po konzultaci s\u00a0Gener\u00e1ln\u00edm \u0161t\u00e1bem Arm\u00e1dy \u010cesk\u00e9 republiky mimo jin\u00e9 vytvo\u0159ila nov\u00e9 n\u00e1vrhy rozli\u0161ovac\u00edch znak\u016f druh\u016f vojsk, je\u017e byly zam\u011bniteln\u00e9 s\u00a0rusk\u00fdmi.<\/p>\n<p><img height=\"1536\"   width=\"1024\" src=\"https:\/\/www.europesays.com\/cz\/wp-content\/uploads\/2026\/04\/stejnokroj-armada.jpeg\" loading=\"lazy\" decoding=\"async\" class=\"c_t c_r c_l\"\/>Foto: Ministerstvo obrany, Jan Schejbal, NovinkyAnketa<\/p>\n<p>Ozn\u00e1mkujte nov\u00e9 uniformy \u010desk\u00e9 arm\u00e1dy jako ve \u0161kole. Jak se v\u00e1m l\u00edb\u00ed?<\/p>\n<p>Celkem<br \/>\n\t\t\t\thlasovalo<br \/>\n\t\t\t\t5880<br \/>\n\t\t\t\t\u010dten\u00e1\u0159\u016f.<\/p>\n<p class=\"c_bz\">S n\u00e1vrhem na zm\u011bnu uniforem p\u0159i\u0161la u\u017e b\u00fdval\u00e1 ministryn\u011b obrany Jana \u010cernochov\u00e1 (ODS). P\u0159ed t\u0159emi lety se obr\u00e1tila na n\u00e1\u010deln\u00edka gener\u00e1ln\u00edho \u0161t\u00e1bu Karla \u0158ehku a\u00a0\u0159editele Vojensk\u00e9ho historick\u00e9ho \u00fastavu Praha Ale\u0161e Kn\u00ed\u017eka a\u00a0po\u017e\u00e1dala je o\u00a0spolupr\u00e1ci.<\/p>\n<p class=\"c_bz\">\u201eNa st\u00e1vaj\u00edc\u00ed stejnokroj jsem sly\u0161ela kritiku \u010dasto a\u00a0naprosto opr\u00e1vn\u011bn\u011b. Kousal. Nev\u011btral. Ma\u010dkal se. A\u00a0kdy\u017e v\u00a0n\u011bm voj\u00e1k zmokl, nastalo peklo. A\u00a0voj\u00e1kyn\u011b? Ty m\u011bly roky v\u00a0z\u00e1sad\u011b jeden nevzhledn\u00fd typ saka a\u00a0sukn\u011b, bez ohledu na postavu. Sl\u00edbila jsem, \u017ee to zm\u011bn\u00edme. A\u00a0tady je v\u00fdsledek,\u201c napsala \u010cernochov\u00e1 na <a data-dot=\"atm-link\" target=\"_blank\" rel=\"noopener nofollow\" href=\"https:\/\/x.com\/jana_cernochova\/status\/2045934961266507842\" class=\"c_N\">s\u00edti X<\/a>.<\/p>\n<p class=\"c_bz\">Podobu nov\u00e9ho slu\u017eebn\u00edho stejnokroje p\u0159ipravil t\u00fdm odborn\u00edk\u016f z\u00a0Vojensk\u00e9ho historick\u00e9ho \u00fastavu Praha a\u00a0z Agentury logistiky. C\u00edlem n\u00e1vrhu by m\u011blo b\u00fdt sn\u00ed\u017een\u00ed sortimentu \u010d\u00e1st\u00ed v\u00fdstroje a\u00a0sou\u010dasn\u011b zachov\u00e1n\u00ed jej\u00ed funk\u010dnosti a\u00a0historick\u00e9ho r\u00e1mce.<\/p>\n<p class=\"c_bz\">Podle ministerstva nov\u00e9 uniformy vych\u00e1zej\u00ed z\u00a0tradic \u010deskoslovensk\u00e9 arm\u00e1dy, p\u0159i\u010dem\u017e zvolen\u00e1 barva khaki je podobn\u00e1 jako na \u010deskoslovensk\u00e9m stejnokroji z\u00a0dob druh\u00e9 sv\u011btov\u00e9 v\u00e1lky.<\/p>\n<p class=\"c_bz\">Verze pro p\u0159\u00edslu\u0161n\u00edky vzdu\u0161n\u00fdch sil je pak tmav\u011b modr\u00e1. Zm\u011bnily se ale n\u011bkter\u00e9 detaily, t\u0159eba zk\u0159\u00ed\u017een\u00e9 me\u010de na knofl\u00edc\u00edch nahradil \u010desk\u00fd lev.<\/p>\n<p class=\"c_bz\">\u201eNa prvn\u00ed pohled je z\u0159ejm\u00e9, s\u00a0jakou pe\u010dlivost\u00ed a\u00a0odpov\u011bdnost\u00ed k\u00a0tomuto \u00fakolu v\u0161ichni z\u00fa\u010dastn\u011bn\u00ed p\u0159istoupili. Zohlednili historick\u00e9, modern\u00ed i\u00a0ekonomick\u00e9 aspekty,\u201c dodal sou\u010dasn\u00fd ministr obrany Jarom\u00edr Z\u016fna (za SPD).<\/p>\n<p><a data-dot=\"atm-link\" target=\"_self\" href=\"https:\/\/www.novinky.cz\/clanek\/domaci-nacelnik-ma-moderni-maskace-my-odrbane-hadry-vojaci-zverejnili-co-je-v-armade-nejvic-trapi-40523303\" class=\"c_N\" rel=\"nofollow noopener\"><img height=\"2304\" width=\"4096\" src=\"https:\/\/www.europesays.com\/cz\/wp-content\/uploads\/2026\/04\/armada-vojaci-vystroj-vzor95-mad21.jpeg\" loading=\"lazy\" decoding=\"async\" class=\"c_t c_r c_l\"\/><\/a><\/p>\n","protected":false},"excerpt":{"rendered":"Dosavadn\u00ed vojensk\u00fd stejnokroj podle arm\u00e1dy u\u017e neodpov\u00eddal sou\u010dasn\u00fdm n\u00e1rok\u016fm, a\u0165 u\u017e \u0161lo o\u00a0st\u0159ih nebo pou\u017eit\u00e9 materi\u00e1ly. Probl\u00e9m byl&hellip;\n","protected":false},"author":2,"featured_media":60945,"comment_status":"","ping_status":"","sticky":false,"template":"","format":"standard","meta":{"footnotes":"","_share_on_mastodon":"0"},"categories":[10],"tags":[940,17,21,923,16,14053,18,19,22,20],"class_list":["post-60944","post","type-post","status-publish","format-standard","has-post-thumbnail","category-zpravy","tag-armada","tag-headlines","tag-hlavni-udalosti","tag-ministerstvo-obrany","tag-news","tag-stejnokroj","tag-top-news","tag-top-stories","tag-udalosti-dne","tag-zpravy"],"share_on_mastodon":{"url":"https:\/\/pubeurope.com\/@cz\/116438107709650130","error":""},"_links":{"self":[{"href":"https:\/\/www.europesays.com\/cz\/wp-json\/wp\/v2\/posts\/60944","targetHints":{"allow":["GET"]}}],"collection":[{"href":"https:\/\/www.europesays.com\/cz\/wp-json\/wp\/v2\/posts"}],"about":[{"href":"https:\/\/www.europesays.com\/cz\/wp-json\/wp\/v2\/types\/post"}],"author":[{"embeddable":true,"href":"https:\/\/www.europesays.com\/cz\/wp-json\/wp\/v2\/users\/2"}],"replies":[{"embeddable":true,"href":"https:\/\/www.europesays.com\/cz\/wp-json\/wp\/v2\/comments?post=60944"}],"version-history":[{"count":0,"href":"https:\/\/www.europesays.com\/cz\/wp-json\/wp\/v2\/posts\/60944\/revisions"}],"wp:featuredmedia":[{"embeddable":true,"href":"https:\/\/www.europesays.com\/cz\/wp-json\/wp\/v2\/media\/60945"}],"wp:attachment":[{"href":"https:\/\/www.europesays.com\/cz\/wp-json\/wp\/v2\/media?parent=60944"}],"wp:term":[{"taxonomy":"category","embeddable":true,"href":"https:\/\/www.europesays.com\/cz\/wp-json\/wp\/v2\/categories?post=60944"},{"taxonomy":"post_tag","embeddable":true,"href":"https:\/\/www.europesays.com\/cz\/wp-json\/wp\/v2\/tags?post=60944"}],"curies":[{"name":"wp","href":"https:\/\/api.w.org\/{rel}","templated":true}]}}