{"id":61363,"date":"2026-04-21T05:19:11","date_gmt":"2026-04-21T05:19:11","guid":{"rendered":"https:\/\/www.europesays.com\/cz\/61363\/"},"modified":"2026-04-21T05:19:11","modified_gmt":"2026-04-21T05:19:11","slug":"cervenka-vladne-hokejovemu-finale-jini-ve-40-letech-konci-on-pridava","status":"publish","type":"post","link":"https:\/\/www.europesays.com\/cz\/61363\/","title":{"rendered":"\u010cervenka vl\u00e1dne hokejov\u00e9mu fin\u00e1le. Jin\u00ed ve 40\u00a0letech kon\u010d\u00ed, on p\u0159id\u00e1v\u00e1"},"content":{"rendered":"<p class=\"e_bW\">Hr\u00e1\u010di kolem \u010dty\u0159ic\u00edtky s\u00a0dobrou kondic\u00ed jsou \u010dasto \u017e\u00e1dan\u00fdm dopl\u0148kem pro <a data-dot=\"atm-tag-link\" href=\"https:\/\/www.seznamzpravy.cz\/tag\/play-off-extraligy-107555\" class=\"e_n atm-tag-link\" rel=\"nofollow noopener\" target=\"_blank\">play off<\/a>. Jejich zku\u0161enosti a\u00a0klid mohou m\u00edt na t\u00fdm slu\u0161n\u00fd efekt. Dr\u017eet v\u00a0t\u00fdmu veter\u00e1na, nebo ho z\u00edskat pro z\u00e1pasy, kdy jde o\u00a0v\u0161echno, je b\u011b\u017en\u00e1 praxe.<\/p>\n<p><a data-dot=\"mol-article-card-media\" aria-hidden=\"true\" tabindex=\"-1\" href=\"https:\/\/www.seznamzpravy.cz\/clanek\/sport-hokej-trinecka-hokejova-revoluce-beton-je-minulost-ted-utocime-302893\" class=\"e_n f_l-\" rel=\"nofollow noopener\" target=\"_blank\"><img fetchpriority=\"high\" height=\"1012\"   width=\"1800\" src=\"https:\/\/www.europesays.com\/cz\/wp-content\/uploads\/2026\/03\/1774900627_171_hokej.jpeg\" loading=\"eager\" decoding=\"sync\" class=\"e_aa e_Z\"\/><\/a><\/p>\n<p class=\"e_bW\">Proto kluby <a data-dot=\"atm-tag-link\" href=\"https:\/\/www.seznamzpravy.cz\/tag\/nhl-57163\" class=\"e_n atm-tag-link\" rel=\"nofollow noopener\" target=\"_blank\">NHL <\/a>ka\u017ed\u00fd rok stoj\u00ed o\u00a0\u00fato\u010dn\u00edka\u00a0Coreyho Perryho. Je mu \u010dty\u0159icet, v\u00ed se o\u00a0n\u011bm, \u017ee p\u00e1r g\u00f3l\u016f v\u017edycky vst\u0159el\u00ed. Mlad\u0161\u00ed hr\u00e1\u010de dovede uklidnit, nav\u00edc d\u00e1 sestav\u011b hloubku. P\u011btkr\u00e1t za posledn\u00edch \u0161est let si zahr\u00e1l fin\u00e1le <a data-dot=\"atm-tag-link\" href=\"https:\/\/www.seznamzpravy.cz\/tag\/stanley-cup-57196\" class=\"e_n atm-tag-link\" rel=\"nofollow noopener\" target=\"_blank\">Stanley Cupu<\/a>. Te\u010f douf\u00e1 Tampa, \u017ee j\u00ed pom\u016f\u017ee.<\/p>\n<p class=\"e_bW\">Ve \u0160v\u00e9dsku zase Fr\u00f6lunda p\u0159ed p\u00e1r lety milovala Joela Lundqvista. Moc bod\u016f v\u00a0pozd\u011bj\u0161\u00edm v\u011bku nesb\u00edral, ale jako fyzicky dokonale p\u0159ipraven\u00fd profesion\u00e1l byl symbolem boje o\u00a0v\u0161echno.<\/p>\n<p class=\"e_bW\">I <a data-dot=\"atm-tag-link\" href=\"https:\/\/www.seznamzpravy.cz\/tag\/roman-cervenka-21745\" class=\"e_n atm-tag-link\" rel=\"nofollow noopener\" target=\"_blank\">Roman \u010cervenka<\/a> v\u00a0sob\u011b nese v\u0161echny benefity star\u0161\u00edho hr\u00e1\u010de, kter\u00fd si pro\u017eil na led\u011b tis\u00edce stresov\u00fdch situac\u00ed a\u00a0neklepou se mu kolena. Pro\u0161el si NHL, d\u0159\u00edv se na n\u011bj hromovalo po ka\u017ed\u00e9 por\u00e1\u017ece reprezentace, \u017ee m\u011bl b\u00fdt lep\u0161\u00ed. Poznal roli l\u00eddra ve \u0160v\u00fdcarsku i\u00a0v KHL. V\u00a0posledn\u00edch letech se stal respektovan\u00fdm \u0161\u00e9fem n\u00e1rodn\u00edho t\u00fdmu.<\/p>\n<p class=\"e_bW\">V extralize sko\u010d\u00ed na led a\u00a0dominuje. Nen\u00ed siln\u00fd jen zku\u0161enostmi, ale i\u00a0hern\u00edm projevem. Vyhr\u00e1l produktivitu z\u00e1kladn\u00ed \u010d\u00e1sti, v\u00a0play off vl\u00e1dne rovn\u011b\u017e.<\/p>\n<p>Bodov\u00fd pr\u016fm\u011br hr\u00e1\u010d\u016f nad 35\u00a0let v\u00a0historii play off | Sport SZjm\u00e9nopr\u016fm\u011br bod\u016f\/z\u00e1pasz\u00e1pasy1. Roman \u010cervenka1,39282. Martin Straka1653. Petr Nedv\u011bd0,98434. Richard \u017demli\u010dka0,97335. Ivan Huml0,9416<\/p>\n<p class=\"e_bW\">\u201ePro <a data-dot=\"atm-tag-link\" href=\"https:\/\/www.seznamzpravy.cz\/tag\/hc-dynamo-pardubice-75124\" class=\"e_n atm-tag-link\" rel=\"nofollow noopener\" target=\"_blank\">Pardubice <\/a>i\u00a0pro <a data-dot=\"atm-tag-link\" href=\"https:\/\/www.seznamzpravy.cz\/tag\/hc-ocelari-trinec-56443\" class=\"e_n atm-tag-link\" rel=\"nofollow noopener\" target=\"_blank\">T\u0159inec <\/a>plat\u00ed, \u017ee maj\u00ed skv\u011bl\u00e9 hr\u00e1\u010de. Ale pak je tam jeden, kter\u00fd ukazuje, \u017ee je nade v\u0161emi,\u201c vid\u00ed i\u00a0Michal Mikeska, b\u00fdval\u00fd \u00fato\u010dn\u00edk, v\u00edt\u011bz ligy 2005\u00a0a\u00a0dnes tren\u00e9r.<\/p>\n<p class=\"e_bW\">\u010cervenka drt\u00ed v\u00a0play off ka\u017ed\u00e9ho soupe\u0159e a\u00a0ve 40\u00a0letech z\u00e1\u0159\u00ed tak\u00e9\u00a0ve fin\u00e1le. Je kl\u00ed\u010dov\u00fdm faktorem, d\u00edky n\u011bmu\u017e Pardubice vedou 2:0\u00a0na z\u00e1pasy.<\/p>\n<p class=\"e_bW\">T\u0159inec p\u016fvodn\u011b tvrdil, \u017ee se chce starat hlavn\u011b o\u00a0sebe, ne o\u00a0soupe\u0159e.<\/p>\n<p class=\"e_bW\">Te\u010f\u00a0je \u010das pl\u00e1ny zm\u011bnit a\u00a0pl\u00e9st s\u00ed\u0165 na \u010cervenku. On d\u00e1v\u00e1 Ocel\u00e1\u0159\u016fm g\u00f3ly a\u00a0vym\u00fd\u0161l\u00ed \u0161ance pro spoluhr\u00e1\u010de (3\u00a0g\u00f3ly a\u00a01\u00a0asistence ve dvou \u00favodn\u00edch z\u00e1pasech). \u201eUd\u011bl\u00e1me maximum, abychom ho doma uhl\u00eddali,\u201c p\u0159ik\u00fdvl na dotaz Seznam Zpr\u00e1v kou\u010d Boris \u017dabka.<\/p>\n<p class=\"e_bW\">\u201ePoj\u010fme si \u0159\u00edct, \u017ee Roman \u010cervenka nem\u00e1 sezonu, kdy se n\u011bjak zbl\u00e1znil a\u00a0ne\u010dekan\u011b vyst\u0159elil nahoru. Ne, on m\u00e1 takovou u\u017e dvac\u00e1tou v\u00a0\u0159ad\u011b. Nen\u00ed d\u016fvod, pro\u010d bychom se m\u011bli divit, \u017ee takov\u00e1 zpr\u00e1va p\u0159ich\u00e1z\u00ed,\u201c \u0159\u00edk\u00e1 Mikeska.<\/p>\n<p class=\"e_bW\">Chv\u00edli se odml\u010d\u00ed a\u00a0pak s\u00a0\u00fasm\u011bvem dod\u00e1: \u201eA\u017e na ten v\u011bk.\u201c<\/p>\n<p>Kdo je Roman \u010cervenka| SZ SportNarodil se 10. prosince 1985 v Praze.Hraje za Pardubice, v \u010cesku nastupoval je\u0161t\u011b za Slavii, Chomutov a Lva Praha.Nastupoval v KHL (Petrohrad, Lev Praha a Omsk), v NHL (Calgary) a ve \u0160v\u00fdcarsku (Zug, Ambri-Piotta, Fribourg).Z\u00edskal 2x zlato z MS (2010 a 2024) a 2x bronz z MS (2011 a 2022).Vyhr\u00e1l extraligu (2008), KHL (2015) a v roce 2024 byl vyhl\u00e1\u0161en nejlep\u0161\u00edm hr\u00e1\u010dem, kter\u00fd hr\u00e1l mezin\u00e1rodn\u00ed sout\u011b\u017ee IIHF.Stal se nejproduktivn\u011bj\u0161\u00edm hr\u00e1\u010dem extraligy (2010 a 2016), \u0161v\u00fdcarsk\u00e9 ligy (2022 a 2023) a neju\u017eite\u010dn\u011bj\u0161\u00edm hr\u00e1\u010dem \u0161v\u00fdcarsk\u00e9 ligy (2022 a 2023).<\/p>\n<p class=\"e_bW\">V\u00a0Evrop\u011b nenajdete elitn\u00ed ligu, kde by hr\u00e1\u010d v\u00a0takov\u00e9m v\u011bku m\u011bl p\u0159i\u00a0play off podobn\u011b dominantn\u00ed roli, sv\u016fj t\u00fdm provedl do fin\u00e1le a\u00a0v n\u011bm z\u00e1\u0159il. Nic podobn\u00e9ho neexistuje ve \u0160v\u00e9dsku, ve Finsku ani ve \u0160v\u00fdcarsku.<\/p>\n<p class=\"e_bW\">Otakar Janeck\u00fd byl p\u0159ed dvaceti lety na \u0161pici bodov\u00e1n\u00ed finsk\u00e9 ligy, kdy\u017e dvakr\u00e1t v\u00a0\u0159ad\u011b do\u0161el s\u00a0Jokeritem Helsinky k\u00a0titulu. Jen\u017ee mu bylo 35\u00a0a\u00a036\u00a0let, tak\u017ee po\u0159\u00e1d byl v\u00fdrazn\u011b mlad\u0161\u00ed ne\u017e \u010cervenka dnes.<\/p>\n<p><a data-dot=\"mol-article-card-media\" aria-hidden=\"true\" tabindex=\"-1\" href=\"https:\/\/www.seznamzpravy.cz\/clanek\/sport-hokej-dvacet-let-od-prvniho-finale-ma-dalsi-sanci-hral-nhl-ale-titul-mu-chybi-304358\" class=\"e_n f_l-\" rel=\"nofollow noopener\" target=\"_blank\"><img height=\"1012\"   width=\"1800\" src=\"https:\/\/www.europesays.com\/cz\/wp-content\/uploads\/2026\/04\/1776748749_363_sobotka.jpeg\" loading=\"eager\" decoding=\"sync\" class=\"e_aa e_Z\"\/><\/a><\/p>\n<p class=\"e_bW\">Nejbl\u00ed\u017e k\u00a0tomu m\u00e1 p\u0159\u00edb\u011bh Martina Straky, kter\u00fd ve 40\u00a0letech vyhr\u00e1l s\u00a0Plzn\u00ed extraligu. V\u00a0sezon\u011b 2012\/13\u00a0vym\u00fd\u0161lel velk\u00e9 v\u011bci. Po\u0159\u00e1d byl hodn\u011b rychl\u00fd, v\u00a0sedm\u00e9m \u010dtvrtfin\u00e1le m\u011bl asistenci na v\u00edt\u011bzn\u00fd g\u00f3l. Posledn\u00ed \u0161est\u00e9 semifin\u00e1le \u0159\u00eddil, kdy\u017e p\u0159i v\u00fdh\u0159e 4:2\u00a0nad Slavi\u00ed z\u00edskal 3\u00a0body (1+2). Sedm\u00e9 fin\u00e1le proti Zl\u00ednu v\u00a097.\u00a0minut\u011b rozhodl g\u00f3lem.<\/p>\n<p class=\"e_bW\">Jen tehdy m\u011bl u\u00a0sebe par\u0165\u00e1ka Jana Kov\u00e1\u0159e, kter\u00fd vyhr\u00e1l produktivitu play off. Straka byl skv\u011bl\u00fd, ale \u010cervenka m\u00e1 na kl\u00ed\u010dov\u00e9 okam\u017eiky je\u0161t\u011b o\u00a0n\u011bco v\u011bt\u0161\u00ed vliv.<\/p>\n<p>\u010cervenka rozhoduje, co se stane<\/p>\n<p class=\"e_bW\">Te\u010f\u00a0je jasn\u011b nejnebezpe\u010dn\u011bj\u0161\u00edm hr\u00e1\u010dem Pardubic. P\u0159itom poprv\u00e9 v\u00a0\u010cesku takhle exceloval v\u00a0roce 2009.\u00a0<\/p>\n<p class=\"e_bW\">Ano, je to hodn\u011b d\u00e1vno. Petr D\u011bdek v\u00a0t\u00e9 dob\u011b p\u016fsobil jako jednatel prvoligov\u00e9ho HC Vrchlab\u00ed s\u00a0rozpo\u010dtem 25\u00a0milion\u016f korun. Dnes vlastn\u00ed Pardubice, klub ro\u010dn\u011b za hokej utrat\u00ed 400\u00a0milion\u016f a\u00a0\u010cervenku obstaral v\u00a0l\u00e9t\u011b 2024\u00a0jako nejv\u011bt\u0161\u00ed hv\u011bzdu pro svoje \u201eGalacticos\u201c.<\/p>\n<p class=\"e_bW\">Tahle trefa vy\u0161la, proto\u017ee veter\u00e1n pln\u00ed, co se od n\u011bj \u010dekalo. Mo\u017en\u00e1 je\u0161t\u011b v\u00edc.<\/p>\n<p>Nejproduktivn\u011bj\u0161\u00ed hr\u00e1\u010d v\u00a0play off, v\u011bk 37+ |Sport SZjm\u00e9nov\u011bksezonabodyz\u00e1pasy1. Roman \u010cervenka (Pardubice)402025\/2620 (11+9)132. Martin Straka (Plze\u0148)402012\/1320 (8+12)203. Roman \u010cervenka (Pardubice)392024\/2519 (5+14)154. Jaroslav Hlinka (Sparta)392015\/1617 (10+7)175. Martin R\u016f\u017ei\u010dka (T\u0159inec)372022\/2317 (9+8)22<\/p>\n<p class=\"e_bW\">Na jednu stranu upoutaj\u00ed \u010cervenkovy ne \u00fapln\u011b osl\u0148uj\u00edc\u00ed defenzivn\u00ed statistiky. Nem\u00e1 moc dobrou \u00fasp\u011b\u0161nost v\u00a0zastavov\u00e1n\u00ed soupe\u0159\u016f, kte\u0159\u00ed cht\u011bj\u00ed vjet do p\u00e1sma Pardubic. Extra se nepod\u00edl\u00ed na ucp\u00e1n\u00ed modr\u00e9 \u010d\u00e1ry.<\/p>\n<p class=\"e_bW\">Jen\u017ee tohle v\u0161echno si m\u016f\u017eete v\u00a0klidu \u0161krtnout. D\u016fvod? Je tak siln\u00fd v\u00a0\u00fato\u010dn\u00e9 f\u00e1zi, \u017ee s\u00a0n\u00edm se hraje hlavn\u011b dop\u0159edu.<\/p>\n<p class=\"e_bW\">\u201eV\u0161ichni \u010dekali, \u017ee p\u0159ijde m\u00edrn\u00fd pokles, \u017ee ve \u010dty\u0159iceti p\u0159estane st\u00edhat,\u201c \u0159\u00edk\u00e1 Mikeska. \u201eAle na mistrovstv\u00ed sv\u011bta i\u00a0na olympi\u00e1d\u011b n\u00e1m v\u017edycky uk\u00e1\u017ee, jak se um\u00ed adaptovat. P\u0159ijde jin\u00fd soupe\u0159, jin\u00e1 \u00farove\u0148 a\u00a0\u010cervus se automaticky p\u0159izp\u016fsob\u00ed, aby byl platn\u00fd. Vid\u00edme to i\u00a0te\u010f v\u00a0play off.\u201c<\/p>\n<p>Kdo reaguje, m\u00e1 v\u017edycky zpo\u017ed\u011bn\u00ed. Roman hru \u0159\u00edd\u00ed, jak pot\u0159ebuje a\u00a0soupe\u0159i jsou v\u00a0pozici, \u017ee mus\u00ed reagovat oni. Tady je jeho v\u00fdjime\u010dnost.<\/p>\n<p>Michal Mikeska<\/p>\n<p class=\"e_bW\">Nejl\u00e9pe \u010cervenku vystihuje moment p\u0159ed g\u00f3lem v\u00a0prvn\u00edm fin\u00e1le.<\/p>\n<p class=\"e_bW\">Oklamal Tom\u00e1\u0161e Kundr\u00e1tka, vyrazil opa\u010dn\u00fdm sm\u011brem, ne\u017e kter\u00fd t\u0159ineck\u00fd obr\u00e1nce \u010dekal. Zku\u0161en\u00fd Kundr\u00e1tek m\u00e1 siln\u00e9 play off, ale tady najednou k\u00a0mantinelu tiskl jen vzduch, prohr\u00e1l. \u010cervenka uj\u00ed\u017ed\u011bl pod\u00e9l hrazen\u00ed s\u00a0kotou\u010dem pry\u010d.<\/p>\n<p class=\"e_bW\">Tak na n\u011bj vyrazil druh\u00fd bek Jakub Galvas. Pardubick\u00fd l\u00eddr mu zamotal hlavu, jak m\u00edchal pukem zleva doprava, pak soupe\u0159e prohodil a\u00a0nahr\u00e1l p\u0159ed branku. Objel ji a\u00a0za chv\u00edli dorazil puk. G\u00f3l! U\u00a0\u010cervenky nikdo nest\u00e1l.<\/p>\n<p><a data-dot=\"mol-article-card-media\" aria-hidden=\"true\" tabindex=\"-1\" href=\"https:\/\/www.seznamzpravy.cz\/clanek\/sport-hokej-mlatili-ho-protoze-byl-evropan-nedal-se-a-dvere-do-nhl-otevrel-dalsim-304142\" class=\"e_n f_l-\" rel=\"nofollow noopener\" target=\"_blank\"><img height=\"1516\"   width=\"2695\" src=\"https:\/\/www.europesays.com\/cz\/wp-content\/uploads\/2026\/04\/1776584229_32_borje-salming.jpeg\" loading=\"eager\" decoding=\"sync\" class=\"e_aa e_Z\"\/><\/a><\/p>\n<p class=\"e_bW\">Jeho pohyb ud\u011blal v\u00a0t\u0159ineck\u00e9 obran\u011b tot\u00e1ln\u00ed chaos, z\u00a0n\u011bho\u017e vystupovali voln\u00ed spoluhr\u00e1\u010di.<\/p>\n<p class=\"e_bW\">\u201eNereaguje na soupe\u0159e nebo na nebezpe\u010d\u00ed, ale soupe\u0159 reaguje na n\u011bj. Kdo reaguje, m\u00e1 v\u017edycky zpo\u017ed\u011bn\u00ed. Roman hru \u0159\u00edd\u00ed, jak pot\u0159ebuje, a\u00a0soupe\u0159i jsou v\u00a0pozici, \u017ee mus\u00ed reagovat oni. Tady je jeho v\u00fdjime\u010dnost,\u201c popisuje \u010cervenk\u016fv hokej Mikeska.<\/p>\n<p class=\"e_bW\">Zkuste si v\u0161\u00edmat pohybu pardubick\u00e9ho \u00fato\u010dn\u00edka, kdy\u017e nem\u00e1 puk. Po\u0159\u00e1d dr\u017e\u00ed hlavu naho\u0159e, udr\u017euje si dokonal\u00fd p\u0159ehled o\u00a0d\u011bn\u00ed kolem sebe. Ned\u00edv\u00e1 se na kotou\u010d, ani kdy\u017e mu p\u0159istane na holi.<\/p>\n<p class=\"e_bW\">Jakmile se ho n\u011bkdo chyst\u00e1 sest\u0159elit, \u010cervenka zm\u011bn\u00ed sm\u011br, nebo odevzd\u00e1 puk. Soupe\u0159 mus\u00ed reagovat. \u201ePr\u00e1v\u011b, vid\u00ed v\u00e1s sekundu, mo\u017en\u00e1 dv\u011b, p\u0159edt\u00edm, ne\u017e se n\u011bco takov\u00e9ho chyst\u00e1te ud\u011blat. Dovede p\u0159e\u010d\u00edst situaci, \u017ee se na n\u011bj n\u011bkdo \u0159\u00edt\u00ed a\u00a0v\u010das zareaguje. Dobr\u00fd hr\u00e1\u010d \u0159e\u0161\u00ed, co se na led\u011b v\u00a0aktu\u00e1ln\u00edm \u010dase d\u011bje. Skv\u011bl\u00fd \u0159e\u0161\u00ed, co se stane za sekundu. Roman to vid\u00ed sekundu a\u00a0p\u016fl a\u017e dv\u011b dop\u0159edu,\u201c p\u0159id\u00e1v\u00e1 d\u016fle\u017eit\u00fd pohled Mikeska.<\/p>\n<p class=\"e_bW\">N\u00e1skok \u010cervenkovi ned\u00e1v\u00e1 jeho vlastn\u00ed pohyb, ale rychlost my\u0161len\u00ed a\u00a0zm\u00edn\u011bn\u00fd p\u0159ehled. V\u017edycky se jedn\u00e1 o\u00a0detail. P\u00e1r desetin sekund z\u00edsk\u00e1 zpracov\u00e1n\u00edm puku a\u00a0dal\u0161\u00ed t\u00edm, \u017ee u\u017e v\u00ed, jak\u00fd pohyb se chyst\u00e1 ud\u011blat.<\/p>\n<p class=\"e_bW\">Pokud kr\u00e1tk\u00e9 \u010dasov\u00e9 \u00faseky nas\u010d\u00edt\u00e1te, dost\u00e1v\u00e1te se k\u00a0v\u00fdhod\u011b klidn\u011b dvou sekund, o\u00a0nich\u017e mluv\u00ed Mikeska.<\/p>\n<p class=\"e_bW\">I proto se ob\u010das m\u016f\u017ee zd\u00e1t, \u017ee \u010cervenku nikdo nebr\u00e1n\u00ed. Br\u00e1nil by, ale on se zkr\u00e1tka dovede dostat do m\u00edst, kde nikdo nen\u00ed.<\/p>\n<p class=\"e_bW\">Jakmile se k\u00a0n\u011bmu hr\u00e1\u010d rozjede, otev\u00edr\u00e1 se mu voln\u00fd prostor pro nahr\u00e1vku. Ide\u00e1ln\u00ed pro pardubick\u00e9ho l\u00eddra je, kdy\u017e vznikne zmatek a\u00a0najednou ho chce chytat v\u00edc soupe\u0159\u016f.<\/p>\n<p class=\"e_bW\">V tu chv\u00edli se stoprocentn\u011b objev\u00ed neobsazen\u00fd spoluhr\u00e1\u010d.<\/p>\n<p>Do hlavy se \u010cervenkovi dost\u00e1v\u00e1 \u0161patn\u011b<\/p>\n<p class=\"e_bW\">Pardubic\u00edm ob\u010das v\u00a0play off pom\u016f\u017ee g\u00f3l Jana Mand\u00e1ta nebo Tom\u00e1\u0161e Vondr\u00e1\u010dka. Ale hlavn\u00ed porci obstar\u00e1vaj\u00ed Roman \u010cervenka s\u00a0Luk\u00e1\u0161em Sedl\u00e1kem. Aspo\u0148 jeden z\u00a0nich se pod\u00edlel dosud na 58\u00a0procentech branek t\u00fdmu.<\/p>\n<p class=\"e_bW\">T\u00edm p\u00e1dem p\u0159ed T\u0159incem stoj\u00ed dv\u011b mo\u017enosti, jak s\u00e9rii oto\u010dit.<\/p>\n<p class=\"e_bW\">Bu\u010f d\u00e1t v\u00edc g\u00f3l\u016f ne\u017e Sedl\u00e1k s\u00a0\u010cervenkou, nebo kl\u00ed\u010dov\u00fd \u00fatok Pardubic vypnout.<\/p>\n<p class=\"e_bW\">Ned\u011bln\u00ed z\u00e1pas kon\u010dil bitkou a\u00a0velk\u00fdmi emocemi. Kdy\u017e Sedl\u00e1k sly\u0161\u00ed, jestli je \u010das se chystat, \u017ee T\u0159inec zkus\u00ed rozehr\u00e1t n\u011bjak\u00fd p\u0159\u00edb\u011bh pro n\u011bj a\u00a0pro \u010cervenku, p\u0159ik\u00fdvne: \u201eJe to mo\u017en\u00e9.\u201c<\/p>\n<p>Na kolika g\u00f3lech t\u00fdmu se pod\u00edleli v\u00a0play off |Sport SZjm\u00e9nog\u00f3ly t\u00fdmupod\u00edl hr\u00e1\u010de na g\u00f3lechRoman \u010cervenka (Pardubice)4247,6 %Filip Chlap\u00edk (Sparta)4233,3 %Ond\u0159ej Kova\u0159\u010d\u00edk (T\u0159inec)4032,5 %Jan Bambula (K. Vary)3528,6 %<\/p>\n<p class=\"e_bW\">Sou\u010dasn\u011b dod\u00e1v\u00e1: \u201eKa\u017ed\u00fd z\u00e1pas je malinko jin\u00fd. V\u00a0tom posledn\u00edm na\u0161e lajna hr\u00e1la dob\u0159e, dali jsme n\u011bjak\u00e9 g\u00f3ly. Z\u00e1le\u017e\u00ed, jak k\u00a0tomu T\u0159inec p\u0159istoup\u00ed. Podle m\u011b je z\u00e1sadn\u00ed soust\u0159edit se na vlastn\u00ed st\u0159\u00edd\u00e1n\u00ed, na t\u00fdmov\u00fd v\u00fdkon a\u00a0ne na to, jestli v\u00e1s n\u011bkdo bude provokovat.\u201c<\/p>\n<p class=\"e_bW\">Jestli se d\u00e1 \u010cervenkovi \u0159e\u010dmi a\u00a0drobn\u00fdmi provokacemi navrtat do hlavy? \u201eJ\u00e1 za n\u00edm ur\u010dit\u011b nejezdil. Ani jsem nevid\u011bl nikoho od n\u00e1s, \u017ee by to d\u011blal,\u201c zavrt\u011bl hned hlavou Petr Kubiesa, kter\u00fd byl jedn\u00edm z\u00a0hlavn\u00edch inici\u00e1tor\u016f mely v\u00a0ned\u011bln\u00edm utk\u00e1n\u00ed.<\/p>\n<p class=\"e_bW\">Daniel Mal\u00e1k z\u00a0Plzn\u011b to v\u00a0z\u00e1kladn\u00ed \u010d\u00e1sti zkou\u0161el. Poznal, \u017ee je to t\u011b\u017ek\u00e1 pr\u00e1ce. S\u00a0Plzn\u00ed v\u00a0Pardubic\u00edch sice vyhr\u00e1l, ale s\u00a0\u010cervenkou se nad\u0159el. Prozradil, \u017ee hv\u011bzda na slovn\u00ed ataky nereaguje, p\u0159ech\u00e1z\u00ed je. Nenech\u00e1 se do ni\u010deho vt\u00e1hnout.<\/p>\n<p class=\"e_bW\">\u201eTakhle ho nedostanete. V\u016fbec,\u201c \u0159\u00edk\u00e1 i\u00a0Mikeska, ve sv\u00e9 dob\u011b jeden z\u00a0kr\u00e1l\u016f trash talku v\u00a0extralize. \u201eNav\u00edc kdyby to vid\u011bl man\u010daft, hned n\u011bkdo p\u0159ijede a\u00a0v\u0161echno se za\u010dne tlumit,\u201c p\u0159id\u00e1v\u00e1 b\u00fdval\u00fd \u00fato\u010dn\u00edk, \u017ee hr\u00e1\u010di jako Johnny Ludvig, Ond\u0159ej Mikli\u0161 nebo Tom\u00e1\u0161 Dvo\u0159\u00e1k nenechaj\u00ed \u010cervenku obt\u011b\u017eovat.<\/p>\n<p><img height=\"1191\"   width=\"1800\" src=\"https:\/\/www.europesays.com\/cz\/wp-content\/uploads\/2026\/04\/cervenka.jpeg\" loading=\"eager\" decoding=\"sync\" class=\"e_aa e_Z\"\/>Foto: Profimedia.cz<\/p>\n<p class=\"e_bW\">Roman \u010cervenka za\u010dal hr\u00e1t extraligu pravideln\u011b od sezony 2006\/2007\u00a0za Slavii.<\/p>\n<p class=\"e_bW\">Podle n\u011bj by \u0161lo \u010cervenku vyto\u010dit v\u00a0jedin\u00e9m p\u0159\u00edpad\u011b. \u201eKdyby nem\u011bl takov\u00e9 statistiky,\u201c usm\u011bje se Mikeska. \u201eByl by t\u0159eba podr\u00e1\u017ed\u011bn\u00fd, \u017ee t\u00fdmu nep\u0159in\u00e1\u0161\u00ed, co m\u00e1. Ale kdy\u017e m\u00e1 skv\u011bl\u00fdch moment\u016f tolik? Nev\u011b\u0159\u00edm, \u017ee ho n\u011bkdo vyvede z\u00a0m\u00edry. To by ho musel vylo\u017een\u011b urvat s\u00a0t\u00edm, \u017ee dostane klidn\u011b stopku na t\u0159i z\u00e1pasy. Ale zase on by takovou situaci dovedl p\u0159e\u010d\u00edst, \u017ee se n\u011bco chyst\u00e1.\u201c<\/p>\n<p class=\"e_bW\">Je\u0161t\u011b jedna v\u011bc ukazuje, jak moc je \u010cervenka platn\u00fd.<\/p>\n<p class=\"e_bW\">Vyhr\u00e1l produktivitu z\u00e1kladn\u00ed \u010d\u00e1sti, jen\u017ee v\u00a0play off sv\u016fj styl posunul jinam.<\/p>\n<p class=\"e_bW\">Oproti dlouhodob\u00e9 sezon\u011b odehr\u00e1l jen t\u0159etinu z\u00e1pas\u016f a\u00a0je u\u017e te\u010f t\u00e9m\u011b\u0159 na stejn\u00e9 hranici\u00a0\u2013 u\u00a0v\u00edt\u011bzn\u00fdch g\u00f3l\u016f (4\u00a0vs. 3) i\u00a0u p\u0159esilovkov\u00fdch (5\u00a0vs. 4).<\/p>\n<p class=\"e_bW\">\u201eV\u00edte, \u017ee on hlavn\u011b hled\u00e1 spoluhr\u00e1\u010de. Tud\u00ed\u017e je p\u0159i p\u0159esilovce varianta nechat ho zakon\u010dovat samotn\u00e9ho. Jen\u017ee on tuhle teorii stav\u00ed na hlavu t\u00edm, \u017ee m\u00e1 v\u00a0play off \u00fasp\u011b\u0161nost st\u0159elby kolem 35\u00a0procent. \u0160pi\u010dkov\u00fd hokejista se pohybuje na hran\u011b, \u017ee d\u00e1v\u00e1 z\u00a0ka\u017ed\u00e9 \u0161est\u00e9 st\u0159ely g\u00f3l. No, a\u00a0on te\u010f st\u0159\u00edl\u00ed g\u00f3ly z\u00a0ka\u017ed\u00e9 t\u0159et\u00ed,\u201c p\u0159id\u00e1v\u00e1 Mikeska.<\/p>\n<p class=\"e_bW\">Jestli \u010cervenka pom\u016f\u017ee Pardubic\u00edm k\u00a0titulu, p\u016fjde o\u00a0jeden z\u00a0nejv\u011bt\u0161\u00edch p\u0159\u00edb\u011bh\u016f v\u00a0historii \u010desk\u00e9ho play off.<\/p>\n","protected":false},"excerpt":{"rendered":"Hr\u00e1\u010di kolem \u010dty\u0159ic\u00edtky s\u00a0dobrou kondic\u00ed jsou \u010dasto \u017e\u00e1dan\u00fdm dopl\u0148kem pro play off. Jejich zku\u0161enosti a\u00a0klid mohou m\u00edt na&hellip;\n","protected":false},"author":2,"featured_media":61364,"comment_status":"","ping_status":"","sticky":false,"template":"","format":"standard","meta":{"footnotes":"","_share_on_mastodon":"0"},"categories":[10],"tags":[2428,4992,4991,17,21,16,8854,139,2729,18,19,22,20],"class_list":["post-61363","post","type-post","status-publish","format-standard","has-post-thumbnail","category-zpravy","tag-finale","tag-hc-dynamo-pardubice","tag-hc-ocelari-trinec","tag-headlines","tag-hlavni-udalosti","tag-news","tag-play-off-extraligy","tag-roman-cervenka","tag-tipsport-extraliga","tag-top-news","tag-top-stories","tag-udalosti-dne","tag-zpravy"],"share_on_mastodon":{"url":"https:\/\/pubeurope.com\/@cz\/116441013600990354","error":""},"_links":{"self":[{"href":"https:\/\/www.europesays.com\/cz\/wp-json\/wp\/v2\/posts\/61363","targetHints":{"allow":["GET"]}}],"collection":[{"href":"https:\/\/www.europesays.com\/cz\/wp-json\/wp\/v2\/posts"}],"about":[{"href":"https:\/\/www.europesays.com\/cz\/wp-json\/wp\/v2\/types\/post"}],"author":[{"embeddable":true,"href":"https:\/\/www.europesays.com\/cz\/wp-json\/wp\/v2\/users\/2"}],"replies":[{"embeddable":true,"href":"https:\/\/www.europesays.com\/cz\/wp-json\/wp\/v2\/comments?post=61363"}],"version-history":[{"count":0,"href":"https:\/\/www.europesays.com\/cz\/wp-json\/wp\/v2\/posts\/61363\/revisions"}],"wp:featuredmedia":[{"embeddable":true,"href":"https:\/\/www.europesays.com\/cz\/wp-json\/wp\/v2\/media\/61364"}],"wp:attachment":[{"href":"https:\/\/www.europesays.com\/cz\/wp-json\/wp\/v2\/media?parent=61363"}],"wp:term":[{"taxonomy":"category","embeddable":true,"href":"https:\/\/www.europesays.com\/cz\/wp-json\/wp\/v2\/categories?post=61363"},{"taxonomy":"post_tag","embeddable":true,"href":"https:\/\/www.europesays.com\/cz\/wp-json\/wp\/v2\/tags?post=61363"}],"curies":[{"name":"wp","href":"https:\/\/api.w.org\/{rel}","templated":true}]}}