{"id":61649,"date":"2026-04-21T10:42:09","date_gmt":"2026-04-21T10:42:09","guid":{"rendered":"https:\/\/www.europesays.com\/cz\/61649\/"},"modified":"2026-04-21T10:42:09","modified_gmt":"2026-04-21T10:42:09","slug":"autobus-v-prerove-srazil-vravorajiciho-chodce","status":"publish","type":"post","link":"https:\/\/www.europesays.com\/cz\/61649\/","title":{"rendered":"Autobus v\u00a0P\u0159erov\u011b srazil vr\u00e1voraj\u00edc\u00edho chodce"},"content":{"rendered":"<p class=\"c_bz\">Nehoda se stala po 17:00\u00a0na \u010cechov\u011b ulici. \u201eMu\u017e p\u0159ech\u00e1zel ulici sm\u011brem k\u00a0baru Macao. Z\u00a0chodn\u00edku vstoupil mezi dv\u011b zaparkovan\u00e1 vozidla, kde pravd\u011bpodobn\u011b vlivem p\u0159edchoz\u00edho po\u017eit\u00ed alkoholu zavr\u00e1voral sm\u011brem do vozovky v\u00a0dob\u011b, kdy tudy proj\u00ed\u017ed\u011bl linkov\u00fd autobus m\u011bstsk\u00e9 hromadn\u00e9 dopravy sm\u011brem k\u00a0n\u00e1dra\u017e\u00ed,\u201c informovala v\u00a0\u00fater\u00fd policejn\u00ed mluv\u010d\u00ed Milu\u0161e Zaj\u00edcov\u00e1.<\/p>\n<p class=\"c_bz\">\u0158idi\u010d autobusu nestihl adekv\u00e1tn\u011b zareagovat. V\u00a0protism\u011bru jel dal\u0161\u00ed autobus, a\u00a0tak ani nemohl ud\u011blat \u00fahybn\u00fd man\u00e9vr. N\u00e1raz odhodil chodce na zaparkovan\u00e9 auto, kter\u00e9 mu\u017e po\u0161kodil, n\u00e1sledn\u011b upadl na vozovku.<\/p>\n<p class=\"c_bz\">\u201eDechov\u00e1 zkou\u0161ka na alkohol byla u\u00a0\u0159idi\u010de autobusu negativn\u00ed. Dechov\u00e1 zkou\u0161ka u\u00a0chodce nebyla z\u00a0d\u016fvodu zran\u011bn\u00ed provedena. Mu\u017e byl p\u0159evezen do m\u00edstn\u00ed nemocnice, kde mu byla b\u011bhem vy\u0161et\u0159en\u00ed odebr\u00e1na za \u00fa\u010delem zji\u0161t\u011bn\u00ed p\u0159\u00edtomnosti alkoholu krev,\u201c doplnila policejn\u00ed mluv\u010d\u00ed. V\u00fdsledek rozboru zat\u00edm policie nem\u00e1 k\u00a0dispozici.<\/p>\n<p class=\"c_bz\">\u201eMu\u017e byl p\u0159evezen na chirurgickou ambulanci p\u0159erovsk\u00e9 nemocnice s\u00a0\u00farazem hlavy, krv\u00e1cen\u00edm z\u00a0nosu a\u00a0od\u011brkami. Byl p\u0159i v\u011bdom\u00ed,\u201c konstatovala mluv\u010d\u00ed zdravotnick\u00e9 z\u00e1chrann\u00e9 slu\u017eby Lucie Mikiskov\u00e1.<\/p>\n<p class=\"c_bz\">Hmotn\u00e1 \u0161koda, kter\u00e1 vznikla p\u0159i nehod\u011b, byla odhadnuta na 150\u00a0tis\u00edc korun. Bli\u017e\u0161\u00ed okolnosti nehody jsou nad\u00e1le v\u00a0\u0161et\u0159en\u00ed.<\/p>\n<p><a data-dot=\"atm-link\" target=\"_self\" href=\"https:\/\/www.novinky.cz\/clanek\/krimi-ridicka-autobusu-prehledla-na-prechodu-v-prerove-seniora-a-srazila-ho-40515868\" class=\"c_N\" rel=\"nofollow noopener\"><img fetchpriority=\"high\" height=\"360\" width=\"640\" src=\"https:\/\/www.europesays.com\/cz\/wp-content\/uploads\/2026\/04\/policie-srazeni-chodce-autobus-prerov.jpeg\" loading=\"eager\" decoding=\"sync\" class=\"c_t c_r\"\/><\/a><\/p>\n","protected":false},"excerpt":{"rendered":"Nehoda se stala po 17:00\u00a0na \u010cechov\u011b ulici. \u201eMu\u017e p\u0159ech\u00e1zel ulici sm\u011brem k\u00a0baru Macao. Z\u00a0chodn\u00edku vstoupil mezi dv\u011b zaparkovan\u00e1&hellip;\n","protected":false},"author":2,"featured_media":61650,"comment_status":"","ping_status":"","sticky":false,"template":"","format":"standard","meta":{"footnotes":"","_share_on_mastodon":"0"},"categories":[7],"tags":[1669,43,42,158,41,40,323,325,3534],"class_list":["post-61649","post","type-post","status-publish","format-standard","has-post-thumbnail","category-cesko","tag-autobusy","tag-ceska-republika","tag-cesko","tag-chodci","tag-czech-republic","tag-czechia","tag-dopravni-nehody","tag-policie","tag-prerov"],"share_on_mastodon":{"url":"https:\/\/pubeurope.com\/@cz\/116442283583135066","error":""},"_links":{"self":[{"href":"https:\/\/www.europesays.com\/cz\/wp-json\/wp\/v2\/posts\/61649","targetHints":{"allow":["GET"]}}],"collection":[{"href":"https:\/\/www.europesays.com\/cz\/wp-json\/wp\/v2\/posts"}],"about":[{"href":"https:\/\/www.europesays.com\/cz\/wp-json\/wp\/v2\/types\/post"}],"author":[{"embeddable":true,"href":"https:\/\/www.europesays.com\/cz\/wp-json\/wp\/v2\/users\/2"}],"replies":[{"embeddable":true,"href":"https:\/\/www.europesays.com\/cz\/wp-json\/wp\/v2\/comments?post=61649"}],"version-history":[{"count":0,"href":"https:\/\/www.europesays.com\/cz\/wp-json\/wp\/v2\/posts\/61649\/revisions"}],"wp:featuredmedia":[{"embeddable":true,"href":"https:\/\/www.europesays.com\/cz\/wp-json\/wp\/v2\/media\/61650"}],"wp:attachment":[{"href":"https:\/\/www.europesays.com\/cz\/wp-json\/wp\/v2\/media?parent=61649"}],"wp:term":[{"taxonomy":"category","embeddable":true,"href":"https:\/\/www.europesays.com\/cz\/wp-json\/wp\/v2\/categories?post=61649"},{"taxonomy":"post_tag","embeddable":true,"href":"https:\/\/www.europesays.com\/cz\/wp-json\/wp\/v2\/tags?post=61649"}],"curies":[{"name":"wp","href":"https:\/\/api.w.org\/{rel}","templated":true}]}}