{"id":61942,"date":"2026-04-21T15:00:09","date_gmt":"2026-04-21T15:00:09","guid":{"rendered":"https:\/\/www.europesays.com\/cz\/61942\/"},"modified":"2026-04-21T15:00:09","modified_gmt":"2026-04-21T15:00:09","slug":"tiskova-konference-predsedy-senatu-vystrcila-o-letu-na-tchaj-wan","status":"publish","type":"post","link":"https:\/\/www.europesays.com\/cz\/61942\/","title":{"rendered":"Tiskov\u00e1 konference p\u0159edsedy Sen\u00e1tu Vystr\u010dila o\u00a0letu na Tchaj-wan"},"content":{"rendered":"<p class=\"c_bz\">Informace p\u0159inesl minulou\u00a0sobotu ve\u010der den\u00edk <a data-dot=\"atm-link\" target=\"_blank\" rel=\"noopener nofollow\" href=\"https:\/\/www.blesk.cz\/clanek\/zpravy-politika\/837642\/vlada-zatrhla-vystrcilovi-let-na-tchaj-wan-muze-cestovat-linkou-vzkazal-babis.html\" class=\"c_N\">Blesk<\/a>. Babi\u0161 v\u00a0debat\u011b XTV v\u00a0Praze uvedl, \u017ee Vystr\u010dil p\u0159edlo\u017eil po\u017eadavek na arm\u00e1dn\u00ed letadlo, o\u00a0\u010dem\u017e v\u017edy rozhoduje vl\u00e1da. \u201eMy jsme rozhodli, \u017ee to letadlo neschv\u00e1l\u00edme, proto\u017ee t\u00edm p\u00e1dem bychom tomu dali vl\u00e1dn\u00ed punc, a\u00a0to my nechceme,\u201c uvedl premi\u00e9r.<\/p>\n<p class=\"c_bz\">Dodal, \u017ee zahrani\u010dn\u00ed politiku d\u011bl\u00e1 vl\u00e1da. \u201eMy zkr\u00e1tka m\u00e1me jinou zahrani\u010dn\u00ed politiku ne\u017e Sen\u00e1t,\u201c doplnil. Premi\u00e9r ale odm\u00edtl, \u017ee by se s\u00e1m chystal do \u010c\u00edny. V\u00a0\u010c\u00edn\u011b samotn\u00e9 Babi\u0161\u016fv krok tamn\u00ed m\u00e9dia p\u0159ijala s\u00a0povd\u011bkem. <\/p>\n<p><a data-dot=\"atm-link\" target=\"_self\" href=\"https:\/\/www.novinky.cz\/clanek\/zahranicni-svet-v-cine-kvituji-rozhodnuti-babise-ze-vystrcila-nepusti-specialem-na-tchaj-wan-40574617\" class=\"c_N\" rel=\"nofollow noopener\"><img fetchpriority=\"high\" height=\"2304\" width=\"4096\" src=\"https:\/\/www.europesays.com\/cz\/wp-content\/uploads\/2026\/04\/1776783608_651_65a1.jpeg\" loading=\"eager\" decoding=\"sync\" class=\"c_t c_r\"\/><\/a><\/p>\n<p class=\"c_bz\">P\u0159edseda horn\u00ed parlamentn\u00ed komory m\u00e1 Tchaj-wan nav\u0161t\u00edvit s\u00a0podnikatelskou delegac\u00ed na p\u0159elomu kv\u011btna a\u00a0\u010dervna. Vystr\u010dil spor o\u00a0let potvrdil v\u00a0\u010cT, v\u00edce informac\u00ed ale neposkytl s\u00a0t\u00edm, \u017ee ho bude \u0161\u00ed\u0159eji komentovat s\u00a0odstupem.<\/p>\n<p>Anketa<\/p>\n<p>Jak by m\u011bl cestovat \u0161\u00e9f Sen\u00e1tu na n\u00e1v\u0161t\u011bvu Tchaj-wanu?<\/p>\n<p>Celkem<br \/>\n\t\t\t\thlasovalo<br \/>\n\t\t\t\t7064<br \/>\n\t\t\t\t\u010dten\u00e1\u0159\u016f.<\/p>\n<p><a data-dot=\"atm-link\" target=\"_self\" href=\"https:\/\/www.novinky.cz\/clanek\/domaci-vystrcil-chtel-na-tchaj-wan-letet-armadnim-letounem-babis-to-zakazal-40574184\" class=\"c_N\" rel=\"nofollow noopener\"><img height=\"2304\" width=\"4096\" src=\"https:\/\/www.europesays.com\/cz\/wp-content\/uploads\/2026\/04\/1776589508_245_4243.jpeg\" loading=\"eager\" decoding=\"sync\" class=\"c_t c_r\"\/><\/a><\/p>\n","protected":false},"excerpt":{"rendered":"Informace p\u0159inesl minulou\u00a0sobotu ve\u010der den\u00edk Blesk. Babi\u0161 v\u00a0debat\u011b XTV v\u00a0Praze uvedl, \u017ee Vystr\u010dil p\u0159edlo\u017eil po\u017eadavek na arm\u00e1dn\u00ed letadlo,&hellip;\n","protected":false},"author":2,"featured_media":61943,"comment_status":"","ping_status":"","sticky":false,"template":"","format":"standard","meta":{"footnotes":"","_share_on_mastodon":"0"},"categories":[7],"tags":[266,43,42,41,40,2888,5529],"class_list":["post-61942","post","type-post","status-publish","format-standard","has-post-thumbnail","category-cesko","tag-andrej-babis","tag-ceska-republika","tag-cesko","tag-czech-republic","tag-czechia","tag-letecka-doprava","tag-milos-vystrcil"],"share_on_mastodon":{"url":"https:\/\/pubeurope.com\/@cz\/116443298102216099","error":""},"_links":{"self":[{"href":"https:\/\/www.europesays.com\/cz\/wp-json\/wp\/v2\/posts\/61942","targetHints":{"allow":["GET"]}}],"collection":[{"href":"https:\/\/www.europesays.com\/cz\/wp-json\/wp\/v2\/posts"}],"about":[{"href":"https:\/\/www.europesays.com\/cz\/wp-json\/wp\/v2\/types\/post"}],"author":[{"embeddable":true,"href":"https:\/\/www.europesays.com\/cz\/wp-json\/wp\/v2\/users\/2"}],"replies":[{"embeddable":true,"href":"https:\/\/www.europesays.com\/cz\/wp-json\/wp\/v2\/comments?post=61942"}],"version-history":[{"count":0,"href":"https:\/\/www.europesays.com\/cz\/wp-json\/wp\/v2\/posts\/61942\/revisions"}],"wp:featuredmedia":[{"embeddable":true,"href":"https:\/\/www.europesays.com\/cz\/wp-json\/wp\/v2\/media\/61943"}],"wp:attachment":[{"href":"https:\/\/www.europesays.com\/cz\/wp-json\/wp\/v2\/media?parent=61942"}],"wp:term":[{"taxonomy":"category","embeddable":true,"href":"https:\/\/www.europesays.com\/cz\/wp-json\/wp\/v2\/categories?post=61942"},{"taxonomy":"post_tag","embeddable":true,"href":"https:\/\/www.europesays.com\/cz\/wp-json\/wp\/v2\/tags?post=61942"}],"curies":[{"name":"wp","href":"https:\/\/api.w.org\/{rel}","templated":true}]}}