{"id":62497,"date":"2026-04-22T06:45:10","date_gmt":"2026-04-22T06:45:10","guid":{"rendered":"https:\/\/www.europesays.com\/cz\/62497\/"},"modified":"2026-04-22T06:45:10","modified_gmt":"2026-04-22T06:45:10","slug":"supermarkety-postupne-vraceji-vyzivy-hipp-do-prodeje","status":"publish","type":"post","link":"https:\/\/www.europesays.com\/cz\/62497\/","title":{"rendered":"Supermarkety postupn\u011b vracej\u00ed v\u00fd\u017eivy HiPP do prodeje"},"content":{"rendered":"<p class=\"c_bz\">\u201eSklenice opustily na\u0161e linky HiPP v\u00a0perfektn\u00edm stavu,\u201c uvedla podle agentury AP <a data-dot=\"atm-link\" target=\"_blank\" rel=\"noopener nofollow\" href=\"https:\/\/www.euronews.com\/health\/2026\/04\/20\/rat-poison-baby-food-austria\" class=\"c_N\">firma ve sv\u00e9m prohl\u00e1\u0161en\u00ed<\/a>. Firma m\u00edn\u00ed, \u017ee k\u00a0p\u0159id\u00e1n\u00ed jedu mohlo doj\u00edt pozd\u011bji b\u011bhem distribuce \u010di p\u0159\u00edmo v\u00a0konkr\u00e9tn\u00edch prodejn\u00e1ch. <\/p>\n<p class=\"c_bz\">Kontaminovan\u00fdch lahvi\u010dek se podle \u00fa\u0159ad\u016f na\u0161lo celkem p\u011bt\u00a0\u2013 dv\u011b balen\u00ed \u00fa\u0159ady zajistily v\u00a0\u010cesku, dv\u011b na Slovensku a\u00a0jedno v\u00a0Rakousku. V\u00a0Rakousku se st\u00e1le hled\u00e1 je\u0161t\u011b jedno, na kter\u00e9 upozornil anonym. Tamn\u00ed m\u00e9dia ale spekuluj\u00ed a\u017e o\u00a0dvan\u00e1cti kusech. <\/p>\n<p class=\"c_bz\">V \u010cesku byly z\u00e1vadn\u00e9 skleni\u010dky nalezeny v\u00a0brn\u011bnsk\u00e9m obchod\u011b Tesco. Ke sta\u017een\u00ed v\u00fdrobk\u016f ale na\u010das p\u0159istoupili i\u00a0dal\u0161\u00ed prodejci. <\/p>\n<p><a data-dot=\"atm-link\" target=\"_self\" href=\"https:\/\/www.novinky.cz\/clanek\/ekonomika-supermarkety-postupne-vraceji-vyzivy-hipp-do-prodeje-40574592\" class=\"c_N\" rel=\"nofollow noopener\"><img fetchpriority=\"high\" height=\"956\" width=\"1700\" src=\"https:\/\/www.europesays.com\/cz\/wp-content\/uploads\/2026\/04\/1776840310_681_2526.jpeg\" loading=\"eager\" decoding=\"sync\" class=\"c_t c_r\"\/><\/a><\/p>\n<p class=\"c_bz\">\u201eO v\u00edkendu jsme s\u00a0okam\u017eitou platnost\u00ed preventivn\u011b st\u00e1hli z\u00a0prodeje v\u0161echny \u0161ar\u017ee i\u00a0varianty t\u00e9to kojeneck\u00e9 v\u00fd\u017eivy,\u201c potvrdil Novink\u00e1m mluv\u010d\u00ed prodejen Albert Ji\u0159\u00ed Mare\u010dek. <\/p>\n<p class=\"c_bz\">Nyn\u00ed se ale zbo\u017e\u00ed op\u011bt prod\u00e1v\u00e1. \u201eOd za\u010d\u00e1tku jsme byli v\u00a0intenzivn\u00edm kontaktu s\u00a0dodavatelem a\u00a0po jeho p\u00edsemn\u00e9m uji\u0161t\u011bn\u00ed o\u00a0nez\u00e1vadnosti produkt\u016f a\u00a0po manu\u00e1ln\u00ed vizu\u00e1ln\u00ed kontrole ka\u017ed\u00e9ho kusu jsme produkt vr\u00e1tili do prodeje,\u201c dodal Mare\u010dek.<\/p>\n<p class=\"c_bz\">Albert podle mluv\u010d\u00edho situaci pe\u010dliv\u011b sleduje. Bezpe\u010dnost a\u00a0ochranu z\u00e1kazn\u00edk\u016f Mare\u010dek ozna\u010dil za absolutn\u00ed prioritu.<\/p>\n<p class=\"c_bz\">O specifik\u00e1ch balen\u00ed se necht\u011bl \u0161\u00ed\u0159it, proto\u017ee nem\u016f\u017ee mluvit za dodavatele a\u00a0v\u00fdrobce. Obecn\u011b ale nazna\u010dil, \u017ee jde o\u00a0v\u00ed\u010dka vy\u0161\u0161\u00ed technologie, tak\u017ee lze pom\u011brn\u011b snadno poznat, zda je t\u011bsn\u00e9, nebo s\u00a0n\u00edm bylo manipulov\u00e1no.<\/p>\n<p class=\"c_bz\">Supermarkety Billa podle mluv\u010d\u00ed Dany Brat\u00e1nkov\u00e9 spole\u010dnost HiPP ofici\u00e1ln\u011b informovala s\u00a0uji\u0161t\u011bn\u00edm, \u017ee skleni\u010dky s\u00a0d\u011btskou v\u00fd\u017eivou prod\u00e1van\u00e9 v\u00a0prodejn\u00e1ch Billa nejsou t\u00edmto p\u0159\u00edpadem dot\u010deny.<\/p>\n<p class=\"c_bz\">K preventivn\u00edmu sta\u017een\u00ed v\u0161ech v\u00fdrobk\u016f ve skle se v\u0161ak uch\u00fdlil Globus. Do prodeje je vr\u00e1t\u00ed, a\u017e z\u00e1stupci firmy HiPP kontrolou potvrd\u00ed neporu\u0161enost v\u0161ech balen\u00ed. <\/p>\n<p class=\"c_bz\">Prodejny Lidl v\u00fd\u017eivu t\u00e9to zna\u010dky nenab\u00edzej\u00ed. Zato posti\u017een\u00e9 Tesco muselo v\u00a0cel\u00e9m \u010cesku v\u0161echny v\u00fdrobky d\u011btsk\u00e9 v\u00fd\u017eivy HiPP st\u00e1hnout u\u017e v\u00a0p\u00e1tek odpoledne z\u00a0prodeje. Podle mluv\u010d\u00ed Lucie Lou\u010dkov\u00e9 mohou lid\u00e9 zakoupenou v\u00fd\u017eivu vr\u00e1tit do prodejny a\u00a0dostanou zp\u011bt pen\u00edze. <\/p>\n<p class=\"c_bz\">Vzhledem k\u00a0prob\u00edhaj\u00edc\u00edmu vy\u0161et\u0159ov\u00e1n\u00ed nemohla sd\u011blit dal\u0161\u00ed informace. V\u011bc je v\u00a0gesci Krajsk\u00e9ho st\u00e1tn\u00edho zastupitelstv\u00ed v\u00a0Brn\u011b.<\/p>\n<p>Pom\u016f\u017ee vitamin<\/p>\n<p class=\"c_bz\">Rakousk\u00e9 \u00fa\u0159ady potvrdily kontaminaci v\u00a0ned\u011bli, p\u0159i\u010dem\u017e prvn\u00ed pozitivn\u00ed test byl zaznamen\u00e1n o\u00a0den d\u0159\u00edve. Dot\u010den\u00e9 produkty jsou sklenice mrkvov\u00e9 a\u00a0bramborov\u00e9 d\u011btsk\u00e9 v\u00fd\u017eivy o\u00a0hmotnosti 190\u00a0gram\u016f ur\u010den\u00e9 pro kojence ve v\u011bku p\u011bti m\u011bs\u00edc\u016f a\u00a0v\u00edce. V\u00a0Rakousku je prod\u00e1valy \u0159et\u011bzce supermarket\u016f SPAR.<\/p>\n<p class=\"c_bz\">Rakousk\u00e1 policie uvedla, \u017ee lid\u00e9 mohli probl\u00e9mov\u00e9 skleni\u010dky poznat podle b\u00edl\u00e9 n\u00e1lepky s\u00a0\u010derven\u00fdm kruhem na dn\u011b a\u00a0podle ji\u017e otev\u0159en\u00e9ho \u010di po\u0161kozen\u00e9ho v\u00ed\u010dka, chyb\u011bj\u00edc\u00edho bezpe\u010dnostn\u00edho uz\u00e1v\u011bru nebo neobvykl\u00e9ho z\u00e1pachu.<\/p>\n<p class=\"c_bz\">Spole\u010dnost HiPP obdr\u017eela koncem b\u0159ezna e-mail, ve kter\u00e9m vyd\u011bra\u010d po\u017eadoval dva miliony eur (49\u00a0milion\u016f korun). Zpr\u00e1vy zaslan\u00e9 na obecnou adresu si ale firma v\u0161imla a\u017e 16.\u00a0dubna, kdy informovala policii. <\/p>\n<p class=\"c_bz\">Rakousk\u00e1 Agentura pro zdrav\u00ed a\u00a0bezpe\u010dnost potravin upozornila, \u017ee l\u00e1tky obsa\u017een\u00e9 v\u00a0jedech na krysy sni\u017euj\u00ed sr\u00e1\u017elivost krve a\u00a0jejich po\u017eit\u00ed se m\u016f\u017ee projevit krv\u00e1cen\u00edm z\u00a0d\u00e1sn\u00ed \u010di z\u00a0nosu, mod\u0159inami nebo p\u0159\u00edtomnost\u00ed krve ve stolici. V\u00a0takov\u00fdch p\u0159\u00edpadech je pot\u0159eba vyhledat l\u00e9ka\u0159e. Otravu lze \u00fa\u010dinn\u011b l\u00e9\u010dit pod\u00e1n\u00edm vitaminu K.<\/p>\n<p><a data-dot=\"atm-link\" target=\"_self\" href=\"https:\/\/www.novinky.cz\/clanek\/zahranicni-evropa-prehledne-co-vime-o-kauze-otravene-detske-vyzivy-40574590\" class=\"c_N\" rel=\"nofollow noopener\"><img height=\"922\" width=\"1639\" src=\"https:\/\/www.europesays.com\/cz\/wp-content\/uploads\/2026\/04\/1776840310_455_hipp-vyziva.jpeg\" loading=\"eager\" decoding=\"sync\" class=\"c_t c_r\"\/><\/a><\/p>\n","protected":false},"excerpt":{"rendered":"\u201eSklenice opustily na\u0161e linky HiPP v\u00a0perfektn\u00edm stavu,\u201c uvedla podle agentury AP firma ve sv\u00e9m prohl\u00e1\u0161en\u00ed. Firma m\u00edn\u00ed, \u017ee&hellip;\n","protected":false},"author":2,"featured_media":62498,"comment_status":"","ping_status":"","sticky":false,"template":"","format":"standard","meta":{"footnotes":"","_share_on_mastodon":"0"},"categories":[10],"tags":[708,17,21,1268,16,18,19,22,597,20],"class_list":["post-62497","post","type-post","status-publish","format-standard","has-post-thumbnail","category-zpravy","tag-ekonomika","tag-headlines","tag-hlavni-udalosti","tag-hygiena","tag-news","tag-top-news","tag-top-stories","tag-udalosti-dne","tag-zdravi","tag-zpravy"],"share_on_mastodon":{"url":"https:\/\/pubeurope.com\/@cz\/116447014087494142","error":""},"_links":{"self":[{"href":"https:\/\/www.europesays.com\/cz\/wp-json\/wp\/v2\/posts\/62497","targetHints":{"allow":["GET"]}}],"collection":[{"href":"https:\/\/www.europesays.com\/cz\/wp-json\/wp\/v2\/posts"}],"about":[{"href":"https:\/\/www.europesays.com\/cz\/wp-json\/wp\/v2\/types\/post"}],"author":[{"embeddable":true,"href":"https:\/\/www.europesays.com\/cz\/wp-json\/wp\/v2\/users\/2"}],"replies":[{"embeddable":true,"href":"https:\/\/www.europesays.com\/cz\/wp-json\/wp\/v2\/comments?post=62497"}],"version-history":[{"count":0,"href":"https:\/\/www.europesays.com\/cz\/wp-json\/wp\/v2\/posts\/62497\/revisions"}],"wp:featuredmedia":[{"embeddable":true,"href":"https:\/\/www.europesays.com\/cz\/wp-json\/wp\/v2\/media\/62498"}],"wp:attachment":[{"href":"https:\/\/www.europesays.com\/cz\/wp-json\/wp\/v2\/media?parent=62497"}],"wp:term":[{"taxonomy":"category","embeddable":true,"href":"https:\/\/www.europesays.com\/cz\/wp-json\/wp\/v2\/categories?post=62497"},{"taxonomy":"post_tag","embeddable":true,"href":"https:\/\/www.europesays.com\/cz\/wp-json\/wp\/v2\/tags?post=62497"}],"curies":[{"name":"wp","href":"https:\/\/api.w.org\/{rel}","templated":true}]}}