{"id":62759,"date":"2026-04-22T11:08:07","date_gmt":"2026-04-22T11:08:07","guid":{"rendered":"https:\/\/www.europesays.com\/cz\/62759\/"},"modified":"2026-04-22T11:08:07","modified_gmt":"2026-04-22T11:08:07","slug":"obchvat-prestic-letos-neotevrou-stavba-nabrala-zpozdeni-osm-mesicu","status":"publish","type":"post","link":"https:\/\/www.europesays.com\/cz\/62759\/","title":{"rendered":"Obchvat P\u0159e\u0161tic letos neotev\u0159ou. Stavba nabrala zpo\u017ed\u011bn\u00ed osm m\u011bs\u00edc\u016f"},"content":{"rendered":"<p>\n                                        \u0158SD vysv\u011btluje zpo\u017ed\u011bn\u00ed archeologick\u00fdm pr\u016fzkumem.                                     <\/p>\n<p>\u0158editelstv\u00ed silnic a d\u00e1lnic (\u0158SD) provede letos hlavn\u00ed d\u00edl prac\u00ed na budovan\u00e9m obchvatu P\u0159e\u0161tic na jihu Plze\u0148ska. P\u0159ijde na 800 milion\u016f K\u010d a kompletn\u011b hotov\u00fd bude v z\u00e1\u0159\u00ed 2027, \u0159ekl dnes \u010cTK region\u00e1ln\u00ed mluv\u010d\u00ed \u0158SD Adam Kolou\u0161ek. Stavba se vinou lo\u0148sk\u00e9ho archeologick\u00e9ho pr\u016fzkumu, kter\u00fd trval do listopadu, zpozd\u00ed o osm m\u011bs\u00edc\u016f.<\/p>\n<p>Stavba ofici\u00e1ln\u011b za\u010dala loni v b\u0159eznu, hotovo m\u011blo b\u00fdt do konce leto\u0161n\u00edho roku.\u00a0U\u017e loni se m\u011bl stav\u011bt nov\u00fd \u017eelezni\u010dn\u00ed most na hlavn\u00ed trati Plze\u0148 \u2013 Klatovy \u2013 \u017delezn\u00e1 Ruda, konkr\u00e9tn\u011b na konci trasy obchvatu ve sm\u011bru na Klatovy. P\u016fvodn\u011b domluven\u00e1 v\u00fdluka se Spr\u00e1vou \u017eeleznic musela b\u00fdt p\u0159esunut\u00e1. \u201eZa\u010dala letos 26. \u00fanora a skon\u010d\u00ed na konci \u010dervna, kdy mus\u00ed b\u00fdt most hotov\u00fd. U\u017e se stav\u00ed,\u201c \u0159ekl Kolou\u0161ek. Vlaky tam nahradily autobusy.<\/p>\n<p>\u201eNa obchvatu letos zrealizujeme zhruba t\u0159i kilometry hlavn\u00ed trasy a\u017e do asfaltov\u00fdch vrstev a sedm z dev\u00edti most\u016f,\u201c \u0159ekl \u0161\u00e9f plze\u0148sk\u00e9 oblasti Miroslav Blabol. Do konce roku by podle Kolou\u0161ka cht\u011bli stavba\u0159i zprovoznit krajsk\u00e9 silnice druh\u00e9 t\u0159\u00eddy, kter\u00e9 jsou kv\u016fli stavb\u011b uzav\u0159en\u00e9. \u201eAby u\u017e p\u0159\u00ed\u0161t\u00ed rok bylo omezen\u00ed dopravy pro m\u00edstn\u00ed \u0159idi\u010de co nejmen\u0161\u00ed,\u201c uvedl.<\/p>\n<p>Obchvat P\u0159e\u0161tic, 5,3 km dlouh\u00e1 silnice na hlavn\u00edm tahu Plze\u0148 \u2013 Klatovy \u2013 \u017delezn\u00e1 Ruda \u2013 N\u011bmecko, odvede tranzitn\u00ed dopravu mimo m\u011bsto. \u201eAut p\u0159ib\u00fdv\u00e1, je jich kolem 20.000 denn\u011b, co\u017e je obrovsk\u00e1 z\u00e1t\u011b\u017e,\u201c \u0159ekl starosta sedmitis\u00edcov\u00e9ho m\u011bsta Tom\u00e1\u0161 Chmel\u00edk (STAN). M\u00edstn\u00ed podle n\u011bj \u010dekaj\u00ed na obchvat asi 30 let. Silnici stav\u00ed sdru\u017een\u00ed VALCANO Praha, ma\u010farsk\u00e1 Duna Aszfalt a Silnice Klatovy.<\/p>\n<p>\u0158SD podle Blabola nic nepodcenilo. P\u0159ed za\u010d\u00e1tkem stavby loni v b\u0159eznu nechalo zpracovat t\u0159i archeologick\u00e9 pr\u016fzkumy, ale pot\u00e9, co stavba\u0159i za\u010dali skr\u00fdvat zeminu, tak se objevila dal\u0161\u00ed \u010dty\u0159i m\u00edsta cenn\u00fdch n\u00e1lez\u016f, kter\u00e9 ani jeden z p\u0159edchoz\u00edch pr\u016fzkum\u016f neodhalil.<\/p>\n<p>\u00a0<\/p>\n<p>                                                        Tagy<\/p>\n<p>                                                                                                                                                                                                                            <a href=\"https:\/\/zdopravy.cz\/tag\/duna-aszfalt\/\" type=\"button\" class=\"btn btn-secondary mb-1 btn-sm\" rel=\"nofollow noopener\" target=\"_blank\"><br \/>\n                                                                Duna Aszfalt                                                            <\/a><br \/>\n                                                                                                                                                                                                                                <a href=\"https:\/\/zdopravy.cz\/tag\/i-27\/\" type=\"button\" class=\"btn btn-secondary mb-1 btn-sm\" rel=\"nofollow noopener\" target=\"_blank\"><br \/>\n                                                                I\/27                                                            <\/a><br \/>\n                                                                                                                                                                                                                                <a href=\"https:\/\/zdopravy.cz\/tag\/prestice-obchvat\/\" type=\"button\" class=\"btn btn-secondary mb-1 btn-sm\" rel=\"nofollow noopener\" target=\"_blank\"><br \/>\n                                                                P\u0159e\u0161tice obchvat                                                            <\/a><br \/>\n                                                                                                                                                                                                                                <a href=\"https:\/\/zdopravy.cz\/tag\/reditelstvi-silnic-a-dalnic\/\" type=\"button\" class=\"btn btn-secondary mb-1 btn-sm\" rel=\"nofollow noopener\" target=\"_blank\"><br \/>\n                                                                \u0158editelstv\u00ed silnic a d\u00e1lnic                                                            <\/a><br \/>\n                                                                                                                                                                                                                                <a href=\"https:\/\/zdopravy.cz\/tag\/rsd\/\" type=\"button\" class=\"btn btn-secondary mb-1 btn-sm\" rel=\"nofollow noopener\" target=\"_blank\"><br \/>\n                                                                \u0158SD                                                            <\/a><br \/>\n                                                                                                                                                                                                                                                                                                                                            <a href=\"https:\/\/zdopravy.cz\/tag\/silnice-klatovy\/\" type=\"button\" class=\"btn btn-secondary mb-1 btn-sm\" rel=\"nofollow noopener\" target=\"_blank\"><br \/>\n                                                                Silnice Klatovy                                                            <\/a><br \/>\n                                                                                                                                                                                                                                <a href=\"https:\/\/zdopravy.cz\/tag\/valcano\/\" type=\"button\" class=\"btn btn-secondary mb-1 btn-sm\" rel=\"nofollow noopener\" target=\"_blank\"><br \/>\n                                                                Valcano                                                            <\/a><\/p>\n<p>                                                <a href=\"https:\/\/zdopravy.cz\/obchvat-prestic-letos-neotevrou-stavba-nabrala-zpozdeni-osm-mesicu-279466\/?comments=1#comments\" class=\"ml-3 text-body mb-3 mt-4 d-inline-block\" rel=\"nofollow noopener\" target=\"_blank\"><\/p>\n<p>                                                    6 koment\u00e1\u0159\u016f                                                <\/a><\/p>\n","protected":false},"excerpt":{"rendered":"\u0158SD vysv\u011btluje zpo\u017ed\u011bn\u00ed archeologick\u00fdm pr\u016fzkumem. \u0158editelstv\u00ed silnic a d\u00e1lnic (\u0158SD) provede letos hlavn\u00ed d\u00edl prac\u00ed na budovan\u00e9m obchvatu&hellip;\n","protected":false},"author":2,"featured_media":62760,"comment_status":"","ping_status":"","sticky":false,"template":"","format":"standard","meta":{"footnotes":"","_share_on_mastodon":"0"},"categories":[7],"tags":[43,42,41,40,21594,5426,5427,2607,2608,119,21595,21596],"class_list":["post-62759","post","type-post","status-publish","format-standard","has-post-thumbnail","category-cesko","tag-ceska-republika","tag-cesko","tag-czech-republic","tag-czechia","tag-duna-aszfalt","tag-i-27","tag-prestice-obchvat","tag-reditelstvi-silnic-a-dalnic","tag-rsd","tag-seznam","tag-silnice-klatovy","tag-valcano"],"share_on_mastodon":{"url":"https:\/\/pubeurope.com\/@cz\/116448048159270077","error":""},"_links":{"self":[{"href":"https:\/\/www.europesays.com\/cz\/wp-json\/wp\/v2\/posts\/62759","targetHints":{"allow":["GET"]}}],"collection":[{"href":"https:\/\/www.europesays.com\/cz\/wp-json\/wp\/v2\/posts"}],"about":[{"href":"https:\/\/www.europesays.com\/cz\/wp-json\/wp\/v2\/types\/post"}],"author":[{"embeddable":true,"href":"https:\/\/www.europesays.com\/cz\/wp-json\/wp\/v2\/users\/2"}],"replies":[{"embeddable":true,"href":"https:\/\/www.europesays.com\/cz\/wp-json\/wp\/v2\/comments?post=62759"}],"version-history":[{"count":0,"href":"https:\/\/www.europesays.com\/cz\/wp-json\/wp\/v2\/posts\/62759\/revisions"}],"wp:featuredmedia":[{"embeddable":true,"href":"https:\/\/www.europesays.com\/cz\/wp-json\/wp\/v2\/media\/62760"}],"wp:attachment":[{"href":"https:\/\/www.europesays.com\/cz\/wp-json\/wp\/v2\/media?parent=62759"}],"wp:term":[{"taxonomy":"category","embeddable":true,"href":"https:\/\/www.europesays.com\/cz\/wp-json\/wp\/v2\/categories?post=62759"},{"taxonomy":"post_tag","embeddable":true,"href":"https:\/\/www.europesays.com\/cz\/wp-json\/wp\/v2\/tags?post=62759"}],"curies":[{"name":"wp","href":"https:\/\/api.w.org\/{rel}","templated":true}]}}