{"id":62929,"date":"2026-04-22T13:50:11","date_gmt":"2026-04-22T13:50:11","guid":{"rendered":"https:\/\/www.europesays.com\/cz\/62929\/"},"modified":"2026-04-22T13:50:11","modified_gmt":"2026-04-22T13:50:11","slug":"u-francouzskych-brehu-ve-stredomori-krouzi-desetimetrovy-zralok-rybari-jej-zachytili-na-video","status":"publish","type":"post","link":"https:\/\/www.europesays.com\/cz\/62929\/","title":{"rendered":"U francouzsk\u00fdch b\u0159eh\u016f ve St\u0159edomo\u0159\u00ed krou\u017e\u00ed desetimetrov\u00fd \u017eralok. Ryb\u00e1\u0159i jej zachytili na video"},"content":{"rendered":"<p class=\"c_bz\">Lid\u00e9 se ale ob\u0159\u00edho \u017eivo\u010dicha ob\u00e1vat nemus\u00ed. Jde o\u00a0\u017eraloka velik\u00e9ho (Cetorhinus maximus)\u00a0\u2013 druh, kter\u00fd nen\u00ed \u010dlov\u011bku nebezpe\u010dn\u00fd.<\/p>\n<p class=\"c_bz\">\u017dralok velik\u00fd, jen\u017e dor\u016fst\u00e1 d\u00e9lky a\u017e dvan\u00e1cti metr\u016f, nem\u00e1 velk\u00e9 zuby, jen mno\u017estv\u00ed mal\u00fdch zoubk\u016f. Potravu p\u0159ij\u00edm\u00e1 pasivn\u011b pomoc\u00ed \u017eabern\u00edch filtr\u016f, jimi\u017e nas\u00e1v\u00e1 plankton, mal\u00e9 ryby a\u00a0jin\u00e9 bezobratl\u00e9 \u017eivo\u010dichy. Za hodinu dok\u00e1\u017ee p\u0159efiltrovat okolo dvou tis\u00edc metr\u016f krychlov\u00fdch vody.<\/p>\n<p class=\"c_bz\">Podle den\u00edku <a data-dot=\"atm-link\" target=\"_blank\" rel=\"noopener nofollow\" href=\"https:\/\/www.lindependant.fr\/2026\/04\/19\/un-requin-dune-dizaine-de-metres-a-ete-observe-a-moins-dun-kilometre-des-cotes-de-port-la-nouvelle-13333508.php\" class=\"c_N\">L\u2019Independant<\/a> nen\u00ed v\u00fdskyt \u017eraloka velik\u00e9ho u\u00a0pob\u0159e\u017e\u00ed v\u00a0jarn\u00edch m\u011bs\u00edc\u00edch p\u0159ekvapen\u00edm. V\u00a0tomto obdob\u00ed se ve St\u0159edomo\u0159\u00ed zvy\u0161uje mno\u017estv\u00ed planktonu, co\u017e zm\u00edn\u011bn\u00e9 \u017eivo\u010dichy l\u00e1k\u00e1 z\u00a0hlubin k\u00a0hladin\u011b a\u00a0tak\u00e9 bl\u00ed\u017ee k\u00a0pevnin\u011b.<\/p>\n<p class=\"c_bz\">\u201eV t\u011bchto t\u00fddnech se planktonu da\u0159\u00ed. \u017dralok velik\u00fd pak pomal\u00fdm plav\u00e1n\u00edm s\u00a0otev\u0159enou tlamou filtruje vodu, aby z\u00edskal potravu,\u201c potvrdil Mathieu Lapinski z\u00a0region\u00e1ln\u00edho \u0159editelstv\u00ed na ochranu \u017eivotn\u00edho prost\u0159ed\u00ed.<\/p>\n<p class=\"c_bz\">\u201eJe to nejv\u011bt\u0161\u00ed \u017eralok ve St\u0159edomo\u0159\u00ed, ale st\u00e1le o\u00a0n\u011bm v\u00edme jen m\u00e1lo. Od zah\u00e1jen\u00ed pozorovac\u00edho programu po roce 2000\u00a0m\u00e1me pouze 300\u00a0hl\u00e1\u0161en\u00ed o\u00a0jeho v\u00fdskytu,\u201c dodal Lapinski.<\/p>\n<p class=\"c_bz\">\u017dralok velik\u00fd je na seznamu ohro\u017een\u00fdch druh\u016f, p\u0159edev\u0161\u00edm kv\u016fli nadm\u011brn\u00e9mu lovu, koliz\u00edm s\u00a0plavidly nebo zapleten\u00ed do ryb\u00e1\u0159sk\u00fdch s\u00edt\u00ed.<\/p>\n<p><a data-dot=\"atm-link\" target=\"_self\" href=\"https:\/\/www.novinky.cz\/clanek\/zahranicni-spanela-behem-libanek-na-maledivach-napadl-zralok-prisel-o-nohu-40573887\" class=\"c_N\" rel=\"nofollow noopener\"><img fetchpriority=\"high\" height=\"1632\" width=\"2901\" src=\"https:\/\/www.europesays.com\/cz\/wp-content\/uploads\/2026\/04\/1776865811_590_zralok.jpeg\" loading=\"eager\" decoding=\"sync\" class=\"c_t c_r\"\/><\/a><\/p>\n","protected":false},"excerpt":{"rendered":"Lid\u00e9 se ale ob\u0159\u00edho \u017eivo\u010dicha ob\u00e1vat nemus\u00ed. Jde o\u00a0\u017eraloka velik\u00e9ho (Cetorhinus maximus)\u00a0\u2013 druh, kter\u00fd nen\u00ed \u010dlov\u011bku nebezpe\u010dn\u00fd. \u017dralok&hellip;\n","protected":false},"author":2,"featured_media":62930,"comment_status":"","ping_status":"","sticky":false,"template":"","format":"standard","meta":{"footnotes":"","_share_on_mastodon":"0"},"categories":[11],"tags":[378,9487,54,53,52,15748],"class_list":["post-62929","post","type-post","status-publish","format-standard","has-post-thumbnail","category-svet","tag-francie","tag-stredozemni-more","tag-svet","tag-world","tag-world-news","tag-zraloci"],"share_on_mastodon":{"url":"https:\/\/pubeurope.com\/@cz\/116448685359882257","error":""},"_links":{"self":[{"href":"https:\/\/www.europesays.com\/cz\/wp-json\/wp\/v2\/posts\/62929","targetHints":{"allow":["GET"]}}],"collection":[{"href":"https:\/\/www.europesays.com\/cz\/wp-json\/wp\/v2\/posts"}],"about":[{"href":"https:\/\/www.europesays.com\/cz\/wp-json\/wp\/v2\/types\/post"}],"author":[{"embeddable":true,"href":"https:\/\/www.europesays.com\/cz\/wp-json\/wp\/v2\/users\/2"}],"replies":[{"embeddable":true,"href":"https:\/\/www.europesays.com\/cz\/wp-json\/wp\/v2\/comments?post=62929"}],"version-history":[{"count":0,"href":"https:\/\/www.europesays.com\/cz\/wp-json\/wp\/v2\/posts\/62929\/revisions"}],"wp:featuredmedia":[{"embeddable":true,"href":"https:\/\/www.europesays.com\/cz\/wp-json\/wp\/v2\/media\/62930"}],"wp:attachment":[{"href":"https:\/\/www.europesays.com\/cz\/wp-json\/wp\/v2\/media?parent=62929"}],"wp:term":[{"taxonomy":"category","embeddable":true,"href":"https:\/\/www.europesays.com\/cz\/wp-json\/wp\/v2\/categories?post=62929"},{"taxonomy":"post_tag","embeddable":true,"href":"https:\/\/www.europesays.com\/cz\/wp-json\/wp\/v2\/tags?post=62929"}],"curies":[{"name":"wp","href":"https:\/\/api.w.org\/{rel}","templated":true}]}}