{"id":64009,"date":"2026-04-23T13:11:48","date_gmt":"2026-04-23T13:11:48","guid":{"rendered":"https:\/\/www.europesays.com\/cz\/64009\/"},"modified":"2026-04-23T13:11:48","modified_gmt":"2026-04-23T13:11:48","slug":"do-ceska-miri-ministr-spravedlnosti-filipin-aby-zajistil-vydani-exposlance-coa-obvineneho-z-korupce","status":"publish","type":"post","link":"https:\/\/www.europesays.com\/cz\/64009\/","title":{"rendered":"Do \u010ceska m\u00ed\u0159\u00ed ministr spravedlnosti Filip\u00edn, aby zajistil vyd\u00e1n\u00ed exposlance Coa obvin\u011bn\u00e9ho z\u00a0korupce"},"content":{"rendered":"<p class=\"c_bz\">O pl\u00e1novan\u00e9 cest\u011b Vida ji\u017e d\u0159\u00edve informoval v\u00a0rozhovoru se serverem <a data-dot=\"atm-link\" target=\"_blank\" rel=\"noopener nofollow\" href=\"https:\/\/abogado.com.ph\/govt-begins-bid-to-secure-zaldy-cos-return-vida-to-travel-thursday\/\" class=\"c_N\">Abogado<\/a>, podrobnosti ale odm\u00edtl sd\u011blit bez dal\u0161\u00edho \u010dasov\u00e9ho ur\u010den\u00ed s\u00a0t\u00edm, \u017ee na jejich zve\u0159ejn\u011bn\u00ed dojde pozd\u011bji.<\/p>\n<p class=\"c_bz\">\u010cesk\u00e9 \u00fa\u0159ady se k\u00a0p\u0159\u00edpadu zat\u00edm nevyjad\u0159ovaly, podle informac\u00ed Novinek prob\u00edh\u00e1 ve\u0161ker\u00e1 komunikace ve v\u011bci v\u00fdhradn\u011b diplomatickou cestou. Ministra m\u00e1 doprov\u00e1zet hlavn\u00ed st\u00e1tn\u00ed z\u00e1stupce Filip\u00edn Dennis Chan.<\/p>\n<p class=\"c_bz\">Prezident Marcos minul\u00fd t\u00fdden uvedl, \u017ee Co byl zadr\u017een b\u011bhem n\u00e1hodn\u00e9 hrani\u010dn\u00ed kontroly, kdy\u017e cestoval se svou rodinou z\u00a0\u010cesk\u00e9 republiky do N\u011bmecka, a\u00a0to bez pat\u0159i\u010dn\u00fdch doklad\u016f. O\u00a0pl\u00e1nu vyslat koordina\u010dn\u00ed t\u00fdm pro vyjedn\u00e1n\u00ed p\u0159ed\u00e1n\u00ed Coa pak prezident informoval v\u00a0pond\u011bl\u00ed.<\/p>\n<p><a data-dot=\"atm-link\" target=\"_self\" href=\"https:\/\/www.novinky.cz\/clanek\/krimi-policie-privezla-do-ceska-zenu-odsouzenou-s-guruem-jarou-40441412\" class=\"c_N\" rel=\"nofollow noopener\"><img fetchpriority=\"high\" height=\"1177\" width=\"2094\" src=\"https:\/\/www.europesays.com\/cz\/wp-content\/uploads\/2026\/04\/guru-jara-asistentka.jpeg\" loading=\"eager\" decoding=\"sync\" class=\"c_t c_r\"\/><\/a><\/p>\n<p class=\"c_bz\">Zaldy Co, kter\u00fd pob\u00fdv\u00e1 mimo Filip\u00edny od roku 2025, je mezi 16\u00a0lidmi obvin\u011bn\u00fdmi z\u00a0korupce a\u00a0podvod\u016f v\u00a0souvislosti s\u00a0projekty protipovod\u0148ov\u00e9 ochrany. Spolu s\u00a0b\u00fdval\u00fdmi \u0161\u00e9fy doln\u00ed a\u00a0horn\u00ed komory Martinem Romualdezem a\u00a0Francisem Escuderem pat\u0159\u00ed k\u00a0n\u011bkolika vlivn\u00fdm z\u00e1konod\u00e1rc\u016fm obvin\u011bn\u00fdm z\u00a0toho, \u017ee si p\u0159ivlastnili obrovsk\u00e9 provize.<\/p>\n<p class=\"c_bz\">Obvin\u011bn\u00fd je b\u00fdval\u00fdm p\u0159edsedou filip\u00ednsk\u00e9ho sn\u011bmovn\u00edho rozpo\u010dtov\u00e9ho v\u00fdboru, na poslaneck\u00fd mand\u00e1t rezignoval loni v\u00a0z\u00e1\u0159\u00ed. Obvin\u011bn\u00ed ji\u017e d\u0159\u00edve pop\u0159el.<\/p>\n<p><a data-dot=\"atm-link\" target=\"_self\" href=\"https:\/\/www.novinky.cz\/clanek\/zahranicni-evropa-uprchleho-prince-odsouzeneho-za-restitucni-podvod-zatkli-na-malte-40469808\" class=\"c_N\" rel=\"nofollow noopener\"><img height=\"872\" width=\"1550\" src=\"https:\/\/www.europesays.com\/cz\/wp-content\/uploads\/2026\/04\/princ-paul-philippe-rumunsko.jpeg\" loading=\"eager\" decoding=\"sync\" class=\"c_t c_r\"\/><\/a><\/p>\n","protected":false},"excerpt":{"rendered":"O pl\u00e1novan\u00e9 cest\u011b Vida ji\u017e d\u0159\u00edve informoval v\u00a0rozhovoru se serverem Abogado, podrobnosti ale odm\u00edtl sd\u011blit bez dal\u0161\u00edho \u010dasov\u00e9ho&hellip;\n","protected":false},"author":2,"featured_media":42747,"comment_status":"","ping_status":"","sticky":false,"template":"","format":"standard","meta":{"footnotes":"","_share_on_mastodon":"0"},"categories":[3],"tags":[109,108,106,7839,1733,1829,1487],"class_list":["post-64009","post","type-post","status-publish","format-standard","has-post-thumbnail","category-evropa","tag-europa","tag-europe","tag-evropa","tag-filipiny","tag-korupce","tag-poslanci","tag-vydani"],"share_on_mastodon":{"url":"https:\/\/pubeurope.com\/@cz\/116454198108404396","error":""},"_links":{"self":[{"href":"https:\/\/www.europesays.com\/cz\/wp-json\/wp\/v2\/posts\/64009","targetHints":{"allow":["GET"]}}],"collection":[{"href":"https:\/\/www.europesays.com\/cz\/wp-json\/wp\/v2\/posts"}],"about":[{"href":"https:\/\/www.europesays.com\/cz\/wp-json\/wp\/v2\/types\/post"}],"author":[{"embeddable":true,"href":"https:\/\/www.europesays.com\/cz\/wp-json\/wp\/v2\/users\/2"}],"replies":[{"embeddable":true,"href":"https:\/\/www.europesays.com\/cz\/wp-json\/wp\/v2\/comments?post=64009"}],"version-history":[{"count":0,"href":"https:\/\/www.europesays.com\/cz\/wp-json\/wp\/v2\/posts\/64009\/revisions"}],"wp:featuredmedia":[{"embeddable":true,"href":"https:\/\/www.europesays.com\/cz\/wp-json\/wp\/v2\/media\/42747"}],"wp:attachment":[{"href":"https:\/\/www.europesays.com\/cz\/wp-json\/wp\/v2\/media?parent=64009"}],"wp:term":[{"taxonomy":"category","embeddable":true,"href":"https:\/\/www.europesays.com\/cz\/wp-json\/wp\/v2\/categories?post=64009"},{"taxonomy":"post_tag","embeddable":true,"href":"https:\/\/www.europesays.com\/cz\/wp-json\/wp\/v2\/tags?post=64009"}],"curies":[{"name":"wp","href":"https:\/\/api.w.org\/{rel}","templated":true}]}}