{"id":65322,"date":"2026-04-24T17:49:09","date_gmt":"2026-04-24T17:49:09","guid":{"rendered":"https:\/\/www.europesays.com\/cz\/65322\/"},"modified":"2026-04-24T17:49:09","modified_gmt":"2026-04-24T17:49:09","slug":"konvickova-riskuje-strach-projevila-i-koktova","status":"publish","type":"post","link":"https:\/\/www.europesays.com\/cz\/65322\/","title":{"rendered":"Konvi\u010dkov\u00e1 riskuje! Strach projevila i Koktov\u00e1"},"content":{"rendered":"<p>Zp\u011bva\u010dka si na Malediv\u00e1ch pln\u00ed sny, ze kter\u00fdch norm\u00e1ln\u00edmu smrteln\u00edkovi tuhne krev v \u017eil\u00e1ch. Mark\u00e9ta se bez v\u00e1h\u00e1n\u00ed nat\u00e1hla na hladinu oce\u00e1nu, zat\u00edmco kolem n\u00ed krou\u017eily des\u00edtky \u017eralo\u010d\u00edch ploutv\u00ed.<\/p>\n<p>\u201eTo byl adrenalin, skv\u011bl\u00fd z\u00e1\u017eitek. Byl to m\u016fj sen,\u201c vzk\u00e1zala z dovolen\u00e9, kde ji od ostr\u00fdch zub\u016f d\u011blilo jen p\u00e1r centimetr\u016f.<\/p>\n<p>    <a href=\"https:\/\/www.ahaonline.cz\/clanek\/zhave-drby\/233420\/nemocna-konvickova-si-plni-sny-z-toho-se-vhani-slzy-do-oci.html\" rel=\"nofollow noopener\" target=\"_blank\"><\/p>\n<p>        <img decoding=\"async\" src=\"https:\/\/www.europesays.com\/cz\/wp-content\/uploads\/2026\/04\/9817633-crop.jpg\" alt=\"Nemocn\u00e1 Konvi\u010dkov\u00e1 si pln\u00ed sny: Z toho se vh\u00e1n\u00ed slzy do o\u010d\u00ed\" title=\"Nemocn\u00e1 Konvi\u010dkov\u00e1 si pln\u00ed sny: Z toho se vh\u00e1n\u00ed slzy do o\u010d\u00ed\" height=\"140\" width=\"220\" class=\"lazyload \" loading=\"lazy\" \/><\/p>\n<p>    <\/a><\/p>\n<p>Tento risk nenechal chladnou ani Ornellu Koktovou, kter\u00e1 se p\u0159i pohledu na fotku skoro zhroutila. \u201eObdivuji, ale z\u00e1rove\u0148 se boj\u00edm. Jsem generace, co vyrostla na filmu \u017dralok \u00fato\u010d\u00ed,\u201c napsala Ornella, kter\u00e1 m\u011bla o Mark\u00e9tu o\u010dividn\u011b nahn\u00e1no. Konvi\u010dkov\u00e1 ji ale s ledov\u00fdm klidem odp\u00e1lkovala, \u017ee \u0161lo o z\u00e1\u017eitek na cel\u00fd \u017eivot a \u017e\u00e1dn\u00fd strach si nep\u0159ipou\u0161t\u00ed.<\/p>\n<p>U\u017e p\u0159ed odletem pro Super.cz jasn\u011b \u0159ekla: \u201eC\u00edt\u00edm se skv\u011ble.\u201c Cestov\u00e1n\u00ed j\u00ed o\u010dividn\u011b vl\u00e9v\u00e1 novou krev do \u017eil a Maledivy jsou pro ni dal\u0161\u00edm velk\u00fdm miln\u00edkem. Ka\u017ed\u00fd moment si u\u017e\u00edv\u00e1 po boku sv\u00e9ho partnera Ren\u00e9ho a milovan\u00e9 dcerky, kte\u0159\u00ed jsou pro ni tou nejv\u011bt\u0161\u00ed oporou. Pr\u00e1v\u011b rodinn\u00e9 \u0161t\u011bst\u00ed j\u00ed d\u00e1v\u00e1 obrovskou energii v jej\u00edm dlouhodob\u00e9m a state\u010dn\u00e9m boji s t\u011b\u017ekou nemoc\u00ed.<\/p>\n<p>    <a href=\"https:\/\/www.ahaonline.cz\/clanek\/zhave-drby\/229239\/nemoci-ztrapena-konvickova-polyka-slzy-jde-o-partnera-reneho.html\" rel=\"nofollow noopener\" target=\"_blank\"><\/p>\n<p>        <img decoding=\"async\" src=\"https:\/\/www.europesays.com\/cz\/wp-content\/uploads\/2026\/04\/9660678-crop.jpg\" alt=\"Nemoc\u00ed ztr\u00e1pen\u00e1 Konvi\u010dkov\u00e1 polyk\u00e1 slzy: Jde o partnera Ren\u00e9ho\" title=\"Nemoc\u00ed ztr\u00e1pen\u00e1 Konvi\u010dkov\u00e1 polyk\u00e1 slzy: Jde o partnera Ren\u00e9ho\" height=\"140\" width=\"220\" class=\"lazyload \" loading=\"lazy\" \/><\/p>\n<p>    <\/a><\/p>\n","protected":false},"excerpt":{"rendered":"Zp\u011bva\u010dka si na Malediv\u00e1ch pln\u00ed sny, ze kter\u00fdch norm\u00e1ln\u00edmu smrteln\u00edkovi tuhne krev v \u017eil\u00e1ch. Mark\u00e9ta se bez v\u00e1h\u00e1n\u00ed&hellip;\n","protected":false},"author":2,"featured_media":65323,"comment_status":"","ping_status":"","sticky":false,"template":"","format":"standard","meta":{"footnotes":"","_share_on_mastodon":"0"},"categories":[14],"tags":[1471,79,8500,5541,22221,80,163,15748],"class_list":["post-65322","post","type-post","status-publish","format-standard","has-post-thumbnail","category-zabava","tag-dovolena","tag-entertainment","tag-maledivy","tag-marketa-konvickova","tag-risk","tag-zabava","tag-zhave-drby","tag-zraloci"],"share_on_mastodon":{"url":"https:\/\/pubeurope.com\/@cz\/116460949665071096","error":""},"_links":{"self":[{"href":"https:\/\/www.europesays.com\/cz\/wp-json\/wp\/v2\/posts\/65322","targetHints":{"allow":["GET"]}}],"collection":[{"href":"https:\/\/www.europesays.com\/cz\/wp-json\/wp\/v2\/posts"}],"about":[{"href":"https:\/\/www.europesays.com\/cz\/wp-json\/wp\/v2\/types\/post"}],"author":[{"embeddable":true,"href":"https:\/\/www.europesays.com\/cz\/wp-json\/wp\/v2\/users\/2"}],"replies":[{"embeddable":true,"href":"https:\/\/www.europesays.com\/cz\/wp-json\/wp\/v2\/comments?post=65322"}],"version-history":[{"count":0,"href":"https:\/\/www.europesays.com\/cz\/wp-json\/wp\/v2\/posts\/65322\/revisions"}],"wp:featuredmedia":[{"embeddable":true,"href":"https:\/\/www.europesays.com\/cz\/wp-json\/wp\/v2\/media\/65323"}],"wp:attachment":[{"href":"https:\/\/www.europesays.com\/cz\/wp-json\/wp\/v2\/media?parent=65322"}],"wp:term":[{"taxonomy":"category","embeddable":true,"href":"https:\/\/www.europesays.com\/cz\/wp-json\/wp\/v2\/categories?post=65322"},{"taxonomy":"post_tag","embeddable":true,"href":"https:\/\/www.europesays.com\/cz\/wp-json\/wp\/v2\/tags?post=65322"}],"curies":[{"name":"wp","href":"https:\/\/api.w.org\/{rel}","templated":true}]}}