{"id":65475,"date":"2026-04-24T19:59:10","date_gmt":"2026-04-24T19:59:10","guid":{"rendered":"https:\/\/www.europesays.com\/cz\/65475\/"},"modified":"2026-04-24T19:59:10","modified_gmt":"2026-04-24T19:59:10","slug":"foto-konvoj-svobody-vyjel-na-plzen-americane-pripominaji-vyroci-osvobozeni-novinky","status":"publish","type":"post","link":"https:\/\/www.europesays.com\/cz\/65475\/","title":{"rendered":"FOTO: Konvoj svobody vyjel na Plze\u0148. Ameri\u010dan\u00e9 p\u0159ipom\u00ednaj\u00ed v\u00fdro\u010d\u00ed osvobozen\u00ed &#8211; Novinky"},"content":{"rendered":"<p><a href=\"https:\/\/news.google.com\/rss\/articles\/CBMivAFBVV95cUxORmlDZHgxbGJkQ2pjaEpaYWVRcnV4VGV6Vk9RX1p1OVVubjg5cGl1bW1vQnFpOTNud2dMVzdvXzQyczc2MmdFNl9Kb0wzQm1LRWczRDlBRlRpczhvVm9VcXphUTYtSmp1bGZDUXJfSk5NaG8yQVBCd0xDdUZTRTNYQmlxMGIybVZtTEZ5ZmRKenZCbkR5dXY3dkRRZHNXaXhWckdlMm9MSi1Jek41cG00NVV0WHZSR1hoZFhEeA?oc=5\" target=\"_blank\" rel=\"nofollow noopener\">FOTO: Konvoj svobody vyjel na Plze\u0148. Ameri\u010dan\u00e9 p\u0159ipom\u00ednaj\u00ed v\u00fdro\u010d\u00ed osvobozen\u00ed<\/a>&nbsp;&nbsp;Novinky<a href=\"https:\/\/news.google.com\/rss\/articles\/CBMi7gFBVV95cUxNWUNIb2h1c3NkYml6NGtsTXAwYU4zSC1ua1A5djVJZ09qVXl1Uk8tcW9HZnJUbUtEbkJ2ZkdKR1BUR0plX1dZMVBuMWRKSzRMR2k4emJKSVZtTklZVjk2SmFlRDhPUkJlNmpPY2htaG1YLWpKUk04YnktZ01lSEZLbTNCbm5LZ2dqN09IdFA2WDJFMjZmREY4cHB4OFo1dG1rbUs5ZGkxckM2Z3lvVk5tclRJLWlRQ3g5QWJwSFMzSER3eXZLWXRKdERINEJpcGw4dG1YRF9sY1N6WFZLVlVydW1GWUU0WFR6U0c4clhB?oc=5\" target=\"_blank\" rel=\"nofollow noopener\">Operace Anthropoid pomohla ukon\u010dit 2. sv\u011btovou v\u00e1lku, \u0159ekl americk\u00fd velvyslanec v Praze<\/a>&nbsp;&nbsp;Novinky<a href=\"https:\/\/news.google.com\/rss\/articles\/CBMi1gFBVV95cUxQYlJmdmhlWGVKTGdqQnd1VnRXOUNsb2tpVEtiTzJtV3pYNW85N3g3dE1aV05UbjFxV2p2VVBtM3pDbGxRYUlwTDdDXzRnUkFWWXU5cDR2N0FuME1TLWpfQUlLb2Y4S2dtakZVcXJsSk5GQ2MtWFdQeTdYcVRSUWlLdzN4MnR6THhwR3RlY3lEZ0tlOUlncWR1WmdJeHFEekkySmNqTkFfNDl4aTNQSURzd3hQU1l3dy1HY01Bdm1rVHFqaXpaNmFNT0lxNS1qaEFqT0puRkRR?oc=5\" target=\"_blank\" rel=\"nofollow noopener\">OBRAZEM: Kousek Ameriky na Mal\u00e9 Stran\u011b. Konvoj svobody dorazil do Prahy<\/a>&nbsp;&nbsp;iDNES.cz<a href=\"https:\/\/news.google.com\/rss\/articles\/CBMirgFBVV95cUxPejEwaFRNSXNaUElsd1hlUlc1c2theUhIMmRZS0NFSWlDdFpnaXNBMzZPbU5QZjBEWFRkTXpmZWJjcTlKdmRzSDVsRjBqMmZFS1RocWpMRmF1dWU1QXE3LTJGTjJia0J1UkN5TFgxcVhfVndodDl3X29UWC1ZXzZoZjJJbE03Q2QwU1YwcmhpQ3liYVVqQ0FIYUpLcnI4OUJHMXdVT09tS2RSMEZ6YVE?oc=5\" target=\"_blank\" rel=\"nofollow noopener\">Cheb si p\u0159ipomene 81. v\u00fdro\u010d\u00ed osvobozen\u00ed americkou arm\u00e1dou<\/a>&nbsp;&nbsp;Chebsk\u00fd den\u00edk<a href=\"https:\/\/news.google.com\/rss\/articles\/CBMixgFBVV95cUxQVExtQ21rQXZZR3BLQzNtWUVaT0tRVEZSbURBUFZwYzB2dTk1N0lSNUFidkZmQ1JkNmRJSUh5MXdkZTRGUFdRTWl5NEp0a3hEZTBZRmlTbnQ2QXlDNzBOa2o3LWRoWWJ2NFBFTmM2NDdtem8xbDQwMEdxTlplQ1VVdzkzckhRbGdrZjVsNzdDWjlRZVlfV1JtM2NmV3JJdHNkd0tlTTNLeUFzUmJtMWNlV2theGhjTzBYTzF3TktxTHhxSmtzUmc?oc=5\" target=\"_blank\" rel=\"nofollow noopener\">OBRAZEM: Historick\u00fd konvoj p\u0159ipomn\u011bl v Praze v\u00fdro\u010d\u00ed konce druh\u00e9 sv\u011btov\u00e9 v\u00e1lky<\/a>&nbsp;&nbsp;\u010cT24<\/p>\n","protected":false},"excerpt":{"rendered":"FOTO: Konvoj svobody vyjel na Plze\u0148. Ameri\u010dan\u00e9 p\u0159ipom\u00ednaj\u00ed v\u00fdro\u010d\u00ed osvobozen\u00ed&nbsp;&nbsp;NovinkyOperace Anthropoid pomohla ukon\u010dit 2. sv\u011btovou v\u00e1lku, \u0159ekl americk\u00fd&hellip;\n","protected":false},"author":2,"featured_media":65001,"comment_status":"","ping_status":"","sticky":false,"template":"","format":"standard","meta":{"footnotes":"","_share_on_mastodon":"0"},"categories":[7],"tags":[43,42,41,40,22134,12296],"class_list":["post-65475","post","type-post","status-publish","format-standard","has-post-thumbnail","category-cesko","tag-ceska-republika","tag-cesko","tag-czech-republic","tag-czechia","tag-konvoj","tag-osvobozeni"],"share_on_mastodon":{"url":"https:\/\/pubeurope.com\/@cz\/116461460903833397","error":""},"_links":{"self":[{"href":"https:\/\/www.europesays.com\/cz\/wp-json\/wp\/v2\/posts\/65475","targetHints":{"allow":["GET"]}}],"collection":[{"href":"https:\/\/www.europesays.com\/cz\/wp-json\/wp\/v2\/posts"}],"about":[{"href":"https:\/\/www.europesays.com\/cz\/wp-json\/wp\/v2\/types\/post"}],"author":[{"embeddable":true,"href":"https:\/\/www.europesays.com\/cz\/wp-json\/wp\/v2\/users\/2"}],"replies":[{"embeddable":true,"href":"https:\/\/www.europesays.com\/cz\/wp-json\/wp\/v2\/comments?post=65475"}],"version-history":[{"count":0,"href":"https:\/\/www.europesays.com\/cz\/wp-json\/wp\/v2\/posts\/65475\/revisions"}],"wp:featuredmedia":[{"embeddable":true,"href":"https:\/\/www.europesays.com\/cz\/wp-json\/wp\/v2\/media\/65001"}],"wp:attachment":[{"href":"https:\/\/www.europesays.com\/cz\/wp-json\/wp\/v2\/media?parent=65475"}],"wp:term":[{"taxonomy":"category","embeddable":true,"href":"https:\/\/www.europesays.com\/cz\/wp-json\/wp\/v2\/categories?post=65475"},{"taxonomy":"post_tag","embeddable":true,"href":"https:\/\/www.europesays.com\/cz\/wp-json\/wp\/v2\/tags?post=65475"}],"curies":[{"name":"wp","href":"https:\/\/api.w.org\/{rel}","templated":true}]}}