{"id":65675,"date":"2026-04-25T05:29:11","date_gmt":"2026-04-25T05:29:11","guid":{"rendered":"https:\/\/www.europesays.com\/cz\/65675\/"},"modified":"2026-04-25T05:29:11","modified_gmt":"2026-04-25T05:29:11","slug":"dneska-to-asi-balime-rikali-si-hokejiste-po-poplachu-v-hale-nakonec-souperi-dovolili-jen-devet-strel","status":"publish","type":"post","link":"https:\/\/www.europesays.com\/cz\/65675\/","title":{"rendered":"Dneska to asi bal\u00edme, \u0159\u00edkali si hokejist\u00e9 po poplachu v\u00a0hale. Nakonec soupe\u0159i dovolili jen dev\u011bt st\u0159el"},"content":{"rendered":"<p class=\"b_bD\">Kou\u010d Rul\u00edk v\u00a0kempech zat\u00edm ordinuje n\u00e1ro\u010dn\u00e9 kondi\u010dn\u00ed tr\u00e9ninky, i\u00a0tak celek na konci t\u00fddenn\u00edch cykl\u016f v\u017edy v\u00edt\u011bzn\u011b zvl\u00e1dl p\u0159\u00edpravn\u00e1 utk\u00e1n\u00ed. \u201eV\u00edt\u011bzstv\u00ed a\u00a0g\u00f3ly n\u00e1m pom\u00e1haj\u00ed ke zv\u00fd\u0161en\u00ed sebev\u011bdom\u00ed. T\u0159eba pro n\u00e1s je dobr\u00e9, \u017ee a\u017e na p\u00e1tek, kdy chyb\u011bl Fl\u00ed\u010dek (Flek), se na\u0161e lajna nem\u011bn\u00ed, tak\u017ee si \u010dlov\u011bk zvykne na n\u011bjak\u00e9 v\u011bci. Vych\u00e1zej\u00ed n\u00e1m p\u0159esilovky. Dneska jsme hr\u00e1li celkov\u011b dob\u0159e a\u00a0soupe\u0159i toho moc nedovolili. Mo\u017en\u00e1 to bylo t\u00edm men\u0161\u00edm h\u0159i\u0161t\u011bm, \u017ee jsme byli kompaktn\u011bj\u0161\u00ed,\u201c vypr\u00e1v\u011bl Tom\u00e1\u0161ek po p\u00e1te\u010dn\u00ed v\u00fdh\u0159e 4:0\u00a0v\u00a0Jihlav\u011b.<\/p>\n<p class=\"b_bD\">Zat\u00edmco v\u00a0Rakousku se hr\u00e1lo na \u0161irok\u00e9m kluzi\u0161ti, v\u00a0jihlavsk\u00e9 ar\u00e9n\u011b p\u0159i p\u00e1te\u010dn\u00ed odvet\u011b bylo o\u00a0t\u0159i metry u\u017e\u0161\u00ed. \u201eM\u00e1 to sv\u00e9 pro a\u00a0proti. Na za\u010d\u00e1tku v\u00a0Jihlav\u011b docela dob\u0159e br\u00e1nili, my to mo\u017en\u00e1 p\u0159ehr\u00e1vali a\u00a0bylo tam tak m\u00e9n\u011b m\u00edsta. Ale zase n\u00e1m l\u00e9pe fungovalo napad\u00e1n\u00ed,\u201c v\u011bd\u011bl Tom\u00e1\u0161ek.<\/p>\n<p><a data-dot=\"atm-link\" target=\"_self\" href=\"https:\/\/www.sport.cz\/clanek\/hokej-reprezentace-ze-zamori-se-k-reprezentaci-pripoji-sest-hokejistu-5442531\" class=\"b_V g_iJ\" rel=\"nofollow noopener\"><img fetchpriority=\"high\" height=\"2168\" width=\"2890\" src=\"https:\/\/www.europesays.com\/cz\/wp-content\/uploads\/2026\/04\/1777094949_426_hokej-filip-hronek.jpeg\" loading=\"eager\" decoding=\"sync\" class=\"b_B b_z\"\/><\/a><\/p>\n<p class=\"b_bD\">Soupe\u0159 p\u016fsobil odevzdan\u011b, v\u017edy\u0165 Kv\u00e1\u010dovi k\u00a0nule sta\u010dilo dev\u011bt z\u00e1krok\u016f, na v\u00edc se Raku\u0161an\u00e9 nezmohli. \u201eBylo dob\u0159e, \u017ee jsme nehr\u00e1li v\u00a0oslaben\u00ed, proto\u017ee to samoz\u0159ejm\u011b bere s\u00edly a\u00a0d\u00e1v\u00e1 soupe\u0159i mo\u017enost se vr\u00e1tit do z\u00e1pasu,\u201c \u0159\u00edkal Tom\u00e1\u0161ek a\u00a0kou\u010d Rul\u00edk dopl\u0148oval: \u201ePo cel\u00e9 utk\u00e1n\u00ed jsme m\u011bli p\u0159evahu a\u00a0n\u00e1\u0161 g\u00f3lman nem\u011bl moc z\u00e1sah\u016f. N\u011bjakou vylo\u017eenou \u0161anci si Raku\u0161an\u00e9 nevytvo\u0159ili a\u00a0bylo jenom ot\u00e1zkou \u010dasu, jak\u00e9 bude sk\u00f3re.\u201c<\/p>\n<p class=\"b_bD\">Div\u00e1ky i\u00a0hr\u00e1\u010de snad jen zasko\u010dil mimo\u0159\u00e1dn\u00fd poplach, kter\u00fd odlo\u017eil za\u010d\u00e1tek utk\u00e1n\u00ed. U\u017e jednou se v\u00a0Jihlav\u011b stalo, \u017ee si n\u011bkdo z\u00a0n\u00e1v\u0161t\u011bvn\u00edk\u016f zap\u00e1lil a\u00a0citliv\u00e1 \u010didla spustila alarm, te\u010f to p\u016fsobilo podobn\u011b. \u201eKdy\u017e to za\u010dali hl\u00e1sit, tak si kluci d\u011blali srandu, \u017ee to dneska bal\u00edme,\u201c popisoval Tom\u00e1\u0161ek.<\/p>\n<p class=\"b_bD\">Nakonec se po 10\u00a0minut\u00e1ch padlo \u00favodn\u00ed vhazov\u00e1n\u00ed, tak\u017ee do\u0161lo jen na mal\u00e9 zdr\u017een\u00ed.<\/p>\n<p class=\"b_bD\">Te\u010f u\u017e p\u0159ijdou t\u011b\u017e\u0161\u00ed z\u00e1pasy, proto\u017ee n\u00e1rodn\u00ed t\u00fdm \u010dekaj\u00ed dva turnaje Euro Hockey Tour za sebou. Ten prvn\u00ed host\u00ed p\u0159\u00ed\u0161t\u00ed t\u00fdden \u010cesk\u00e9 Bud\u011bjovice.<\/p>\n<p>Nominace na \u010cesk\u00e9 hry &#8211; Fortuna Hockey Games v\u00a0\u010cesk\u00fdch Bud\u011bjovicic\u00edch a\u00a0J\u00f6nk\u00f6pingu:<\/p>\n<p class=\"b_bD\">Brank\u00e1\u0159i: Petr Kv\u00e1\u010da (Liberec), Josef Ko\u0159en\u00e1\u0159 (Sparta), Ji\u0159\u00ed Patera (Abbotsford\/AHL),<\/p>\n<p class=\"b_bD\">obr\u00e1nci: Filip Kr\u00e1l, Jan \u0160\u010dotka, Libor Z\u00e1bransk\u00fd (v\u0161ichni Brno), Tom\u00e1\u0161 Cibulka (\u010cesk\u00e9 Bud\u011bjovice), Tom\u00e1\u0161 Galvas (Liberec), Martin Jandus (Kladno), Filip Pyrochta (Mlad\u00e1 Boleslav), Michal Kempn\u00fd (Bryn\u00e4s\/\u0160v\u00e9d.), Ji\u0159\u00ed Tich\u00e1\u010dek (K\u00e4rp\u00e4t Oulu\/Fin.), Filip Hronek (Vancouver\/NHL),<\/p>\n<p class=\"b_bD\">\u00fato\u010dn\u00edci: Ond\u0159ej Ber\u00e1nek, Ji\u0159\u00ed \u010cernoch (oba Karlovy Vary), Dominik Kubal\u00edk, Daniel Vo\u017een\u00edlek (oba Zug\/\u0160v\u00fdc.), Maty\u00e1\u0161 Filip (Plze\u0148), Jakub Flek (Brno), Marcel Marcel (Kladno), Radovan Pavl\u00edk (Hradec Kr\u00e1lov\u00e9), Michael \u0160pa\u010dek (Sparta), Maty\u00e1\u0161 Kantner (K\u00e4rp\u00e4t Oulu\/Fin.), David Tom\u00e1\u0161ek (F\u00e4rjestad\/\u0160v\u00e9d.), Adam Klapka (Calgary\/NHL), Jaroslav Chmela\u0159 (New York Rangers\/NHL), Maty\u00e1\u0161 Melovsk\u00fd (Utica\/AHL), Michal Kunc (Tucson\/AHL).<\/p>\n<p><a data-dot=\"atm-link\" target=\"_self\" href=\"https:\/\/www.sport.cz\/clanek\/hokej-ms-priprava-jihlava-cesko-rakousko-online-5442321\" class=\"b_V g_iJ\" rel=\"nofollow noopener\"><img height=\"1704\" width=\"2272\" src=\"https:\/\/www.europesays.com\/cz\/wp-content\/uploads\/2026\/04\/3661.jpeg\" loading=\"eager\" decoding=\"sync\" class=\"b_B b_z\"\/><\/a><\/p>\n","protected":false},"excerpt":{"rendered":"Kou\u010d Rul\u00edk v\u00a0kempech zat\u00edm ordinuje n\u00e1ro\u010dn\u00e9 kondi\u010dn\u00ed tr\u00e9ninky, i\u00a0tak celek na konci t\u00fddenn\u00edch cykl\u016f v\u017edy v\u00edt\u011bzn\u011b zvl\u00e1dl p\u0159\u00edpravn\u00e1&hellip;\n","protected":false},"author":2,"featured_media":65676,"comment_status":"","ping_status":"","sticky":false,"template":"","format":"standard","meta":{"footnotes":"","_share_on_mastodon":"0"},"categories":[10],"tags":[28,17638,17,21,29,16,18,19,22,20],"class_list":["post-65675","post","type-post","status-publish","format-standard","has-post-thumbnail","category-zpravy","tag-ceska-hokejova-reprezentace","tag-david-tomasek","tag-headlines","tag-hlavni-udalosti","tag-hokej","tag-news","tag-top-news","tag-top-stories","tag-udalosti-dne","tag-zpravy"],"share_on_mastodon":{"url":"https:\/\/pubeurope.com\/@cz\/116463702222452782","error":""},"_links":{"self":[{"href":"https:\/\/www.europesays.com\/cz\/wp-json\/wp\/v2\/posts\/65675","targetHints":{"allow":["GET"]}}],"collection":[{"href":"https:\/\/www.europesays.com\/cz\/wp-json\/wp\/v2\/posts"}],"about":[{"href":"https:\/\/www.europesays.com\/cz\/wp-json\/wp\/v2\/types\/post"}],"author":[{"embeddable":true,"href":"https:\/\/www.europesays.com\/cz\/wp-json\/wp\/v2\/users\/2"}],"replies":[{"embeddable":true,"href":"https:\/\/www.europesays.com\/cz\/wp-json\/wp\/v2\/comments?post=65675"}],"version-history":[{"count":0,"href":"https:\/\/www.europesays.com\/cz\/wp-json\/wp\/v2\/posts\/65675\/revisions"}],"wp:featuredmedia":[{"embeddable":true,"href":"https:\/\/www.europesays.com\/cz\/wp-json\/wp\/v2\/media\/65676"}],"wp:attachment":[{"href":"https:\/\/www.europesays.com\/cz\/wp-json\/wp\/v2\/media?parent=65675"}],"wp:term":[{"taxonomy":"category","embeddable":true,"href":"https:\/\/www.europesays.com\/cz\/wp-json\/wp\/v2\/categories?post=65675"},{"taxonomy":"post_tag","embeddable":true,"href":"https:\/\/www.europesays.com\/cz\/wp-json\/wp\/v2\/tags?post=65675"}],"curies":[{"name":"wp","href":"https:\/\/api.w.org\/{rel}","templated":true}]}}