{"id":66778,"date":"2026-04-26T09:09:08","date_gmt":"2026-04-26T09:09:08","guid":{"rendered":"https:\/\/www.europesays.com\/cz\/66778\/"},"modified":"2026-04-26T09:09:08","modified_gmt":"2026-04-26T09:09:08","slug":"legendy-na-prerovsku-spanila-jizda-nablyskanych-veteranu-vyrazi-na-helfstyn","status":"publish","type":"post","link":"https:\/\/www.europesays.com\/cz\/66778\/","title":{"rendered":"Legendy na P\u0159erovsku: Spanil\u00e1 j\u00edzda nabl\u00fdskan\u00fdch veter\u00e1n\u016f vyr\u00e1\u017e\u00ed na Helf\u0161t\u00fdn"},"content":{"rendered":"<p class=\"c_bz\">Jedn\u00e1 se o\u00a0vozidla vyroben\u00e1 do roku 1939.\u00a0Nabl\u00fdskan\u00e9 stroje mohou lid\u00e9 obdivovat po cel\u00e9 trase, kter\u00e1 vede p\u0159es dv\u011b des\u00edtky obc\u00ed na P\u0159erovsku i\u00a0v sousedn\u00edm Krom\u011b\u0159\u00ed\u017esku. Novinkou leto\u0161n\u00edho ro\u010dn\u00edku akce Ze z\u00e1mku na hrad je juniorsk\u00e1 kategorie pro mlad\u00e9 \u00fa\u010dastn\u00edky do 21\u00a0let s\u00a0vozidly vyroben\u00fdmi do roku 1970\u00a0i\u00a0zast\u00e1vka u\u00a0nov\u00e9 rozhledny v\u00a0Tu\u010d\u00edn\u011b u\u00a0P\u0159erova. <\/p>\n<p class=\"c_bz\">\u201eOp\u011bt se tady sch\u00e1z\u00ed sestava kr\u00e1sn\u00fdch \u010desk\u00fdch automobil\u016f, jako je Praga, Aero, Tatra. Z\u00a0t\u011bch zahrani\u010dn\u00edch pak nap\u0159\u00edklad Packard. M\u00e1me i\u00a0p\u0159isl\u00edbenou \u00fa\u010dast britsk\u00e9ho vozu Alvis, ale i\u00a0dal\u0161\u00edch zna\u010dek, nap\u0159\u00edklad Rolls-Royce a\u00a0Bentley,\u201c sd\u011blil Novink\u00e1m a\u00a0Pr\u00e1vu po\u0159adatel akce Ji\u0159\u00ed Zem\u00e1nek z\u00a0Oldtimer Clubu Helf\u0161t\u00fdn.<\/p>\n<p class=\"c_bz\">Mezi o\u010dek\u00e1van\u00fdmi expon\u00e1ty budou nap\u0159\u00edklad americk\u00fd motocykl Henderson z\u00a0roku 1925, \u010dty\u0159v\u00e1lcov\u00fd Ariel 1000\u00a0z\u00a0roku 1937\u00a0\u010di stroje zna\u010dek Indian, Harley-Davidson, Jawa a\u00a0\u010cZ.<\/p>\n<p class=\"c_bz\">Program za\u010dal na p\u0159erovsk\u00e9m Horn\u00edm n\u00e1m\u011bst\u00ed v\u00a0dev\u011bt hodin, a\u00a0to v\u00fdstavou historick\u00fdch vozidel. Pom\u011br motocykl\u016f a\u00a0automobil\u016f je zhruba jedna k\u00a0jedn\u00e9. P\u0159ihl\u00e1\u0161eni jsou podle Zem\u00e1nka \u00fa\u010dastn\u00edci z\u00a0\u010ceska, Slovenska i\u00a0Rakouska, z\u00e1jem projevil tak\u00e9 majitel veter\u00e1nu z\u00a0Ma\u010farska.<\/p>\n<p class=\"c_bz\">Trasa spanil\u00e9 j\u00edzdy je dlouh\u00e1 zhruba 80\u00a0kilometr\u016f a\u00a0vede z\u00a0P\u0159erova tentokr\u00e1t ji\u017en\u00edm sm\u011brem p\u0159es Horn\u00ed Mo\u0161t\u011bnici, P\u0159estavlky, Starou Ves, Kostelec u\u00a0Hole\u0161ova, Pacetluky, Bo\u0159enovice. Pot\u00e9 veter\u00e1ny projedou okrajem Hole\u0161ova, p\u0159es Tu\u010dapy, Prusinovice, Hlinsko pod Host\u00fdnem a\u00a0zam\u00ed\u0159\u00ed do Byst\u0159ice pod Host\u00fdnem, kam by kolona m\u011bla na n\u00e1m\u011bst\u00ed dorazit kolem 11:45, n\u00e1sledovat bude v\u00fdstava vozidel a\u00a0slavnostn\u00ed p\u0159ed\u00e1n\u00ed poh\u00e1r\u016f.<\/p>\n<p class=\"c_bz\">Automobily a\u00a0motocykly pak zam\u00ed\u0159\u00ed p\u0159es K\u0159tomil do D\u0159evohostic, kde je p\u0159ipraven doprovodn\u00fd kulturn\u00ed program a\u00a0komentovan\u00fd pr\u016fjezd. Dal\u0161\u00ed novinkou leto\u0161n\u00edho ro\u010dn\u00edku je podle \u010cTK zast\u00e1vka u\u00a0rozhledny v\u00a0Tu\u010d\u00edn\u011b, kde se uskute\u010dn\u00ed v\u00fdstava historick\u00fdch vozidel. C\u00edl j\u00edzdy je hrad Helf\u0161t\u00fdn, kam by prvn\u00ed stroje m\u011bly dorazit kolem 14:20.\u00a0N\u00e1v\u0161t\u011bvn\u00edci si tam budou moci prohl\u00e9dnout v\u0161echna vozidla.<\/p>\n<p class=\"c_bz\">Majitel\u00e9 veter\u00e1n\u016f ka\u017edoro\u010dn\u011b\u00a0na P\u0159erovsku sezonu tak\u00e9 na podzim zakon\u010duj\u00ed. I\u00a0tehdy je c\u00edlem hrad Helf\u0161t\u00fdn, na kter\u00fd ale vyr\u00e1\u017eej\u00ed z\u00a0Lipn\u00edku nad Be\u010dvou.<\/p>\n<p><img fetchpriority=\"high\" height=\"1200\"   width=\"1600\" src=\"https:\/\/www.europesays.com\/cz\/wp-content\/uploads\/2026\/04\/historicka-vozidla.jpeg\" loading=\"eager\" decoding=\"sync\" class=\"c_t c_r\"\/>Foto: Ale\u0161 Fuksa, Novinky<a data-dot=\"atm-link\" target=\"_self\" href=\"https:\/\/www.novinky.cz\/clanek\/domaci-zpravy-zlinsky-kraj-modrofialova-nadhera-v-lacnove-rozkvetl-vzacny-safran-40568753\" class=\"c_N\" rel=\"nofollow noopener\"><img height=\"1080\" width=\"1920\" src=\"https:\/\/www.europesays.com\/cz\/wp-content\/uploads\/2026\/04\/safrany-lacnov-louka.jpeg\" loading=\"eager\" decoding=\"sync\" class=\"c_t c_r\"\/><\/a><\/p>\n","protected":false},"excerpt":{"rendered":"Jedn\u00e1 se o\u00a0vozidla vyroben\u00e1 do roku 1939.\u00a0Nabl\u00fdskan\u00e9 stroje mohou lid\u00e9 obdivovat po cel\u00e9 trase, kter\u00e1 vede p\u0159es dv\u011b&hellip;\n","protected":false},"author":2,"featured_media":66779,"comment_status":"","ping_status":"","sticky":false,"template":"","format":"standard","meta":{"footnotes":"","_share_on_mastodon":"0"},"categories":[7],"tags":[2074,43,42,41,40,22527,6207,3534,165],"class_list":["post-66778","post","type-post","status-publish","format-standard","has-post-thumbnail","category-cesko","tag-automobily","tag-ceska-republika","tag-cesko","tag-czech-republic","tag-czechia","tag-helfstyn","tag-motocykly","tag-prerov","tag-veterani-auta"],"share_on_mastodon":{"url":"https:\/\/pubeurope.com\/@cz\/116470229469231920","error":""},"_links":{"self":[{"href":"https:\/\/www.europesays.com\/cz\/wp-json\/wp\/v2\/posts\/66778","targetHints":{"allow":["GET"]}}],"collection":[{"href":"https:\/\/www.europesays.com\/cz\/wp-json\/wp\/v2\/posts"}],"about":[{"href":"https:\/\/www.europesays.com\/cz\/wp-json\/wp\/v2\/types\/post"}],"author":[{"embeddable":true,"href":"https:\/\/www.europesays.com\/cz\/wp-json\/wp\/v2\/users\/2"}],"replies":[{"embeddable":true,"href":"https:\/\/www.europesays.com\/cz\/wp-json\/wp\/v2\/comments?post=66778"}],"version-history":[{"count":0,"href":"https:\/\/www.europesays.com\/cz\/wp-json\/wp\/v2\/posts\/66778\/revisions"}],"wp:featuredmedia":[{"embeddable":true,"href":"https:\/\/www.europesays.com\/cz\/wp-json\/wp\/v2\/media\/66779"}],"wp:attachment":[{"href":"https:\/\/www.europesays.com\/cz\/wp-json\/wp\/v2\/media?parent=66778"}],"wp:term":[{"taxonomy":"category","embeddable":true,"href":"https:\/\/www.europesays.com\/cz\/wp-json\/wp\/v2\/categories?post=66778"},{"taxonomy":"post_tag","embeddable":true,"href":"https:\/\/www.europesays.com\/cz\/wp-json\/wp\/v2\/tags?post=66778"}],"curies":[{"name":"wp","href":"https:\/\/api.w.org\/{rel}","templated":true}]}}