{"id":67542,"date":"2026-04-27T06:02:15","date_gmt":"2026-04-27T06:02:15","guid":{"rendered":"https:\/\/www.europesays.com\/cz\/67542\/"},"modified":"2026-04-27T06:02:15","modified_gmt":"2026-04-27T06:02:15","slug":"lord-of-hatred-meni-strom-dovednosti","status":"publish","type":"post","link":"https:\/\/www.europesays.com\/cz\/67542\/","title":{"rendered":"Lord of Hatred m\u011bn\u00ed strom dovednost\u00ed"},"content":{"rendered":"<p>Nejv\u00fdrazn\u011bj\u0161\u00edch zm\u011bn se do\u010dkali nekromanti a druidi.<\/p>\n<p>Chystan\u00e9 roz\u0161\u00ed\u0159en\u00ed Lord of Hatred pro Diablo 4 po\u0159\u00e1dn\u011b zam\u00edch\u00e1 s t\u00edm, jak jsme byli zvykl\u00ed hr\u00e1t za jednotliv\u00e9 t\u0159\u00eddy. Nejv\u011bt\u0161\u00ed pozornost na sebe strhli nekromanti a druidi.<\/p>\n<p>Nekromanti se v nov\u00e9 expanzi v podstat\u011b m\u011bn\u00ed na gener\u00e1ly nemrtv\u00fdch arm\u00e1d. Zapome\u0148te na skromnou skupinku kostlivc\u016f, se spr\u00e1vn\u00fdm vybaven\u00edm jich kolem v\u00e1s m\u016f\u017ee pob\u00edhat a\u017e 28. Kostliv\u00ed v\u00e1le\u010dn\u00edci se te\u010f objevuj\u00ed pasivn\u011b, pokud jsou v bl\u00edzkosti mrtvoly.<\/p>\n<p>Zkr\u00e1tka nep\u0159ijdou ani druidi, hlavn\u011b ti, kte\u0159\u00ed necht\u011bj\u00ed tr\u00e1vit celou hru v k\u016f\u017ei medv\u011bda. Schopnosti u\u017e toti\u017e nejsou natvrdo spojen\u00e9 s konkr\u00e9tn\u00ed zv\u00ed\u0159ec\u00ed formou. V dovednostn\u00edm strom\u011b si m\u016f\u017eete sami vybrat, do jak\u00e9 podoby v\u00e1s dan\u00fd \u00fatok prom\u011bn\u00ed. Pokud tedy tou\u017e\u00edte po \u010dist\u011b lidsk\u00e9m druidovi, kter\u00fd ovl\u00e1d\u00e1 s\u00edlu zem\u011b a bou\u0159\u00ed, kone\u010dn\u011b m\u00e1te mo\u017enost.<\/p>\n<p>Pozadu nez\u016fstaly ani ostatn\u00ed t\u0159\u00eddy. \u010carod\u011bjky nap\u0159\u00edklad dostaly varianty schopnost\u00ed, d\u00edky kter\u00fdm mohou m\u011bnit sv\u00e9 ho\u0159\u00edc\u00ed meteory na ledov\u00e9 komety. V\u0161echny tyto novinky budou k dispozici hned 27. dubna 2026, kdy Lord of Hatred ofici\u00e1ln\u011b vych\u00e1z\u00ed.<\/p>\n<p>Pravideln\u00fd p\u0159ehled novinek<\/p>\n<p>\n\t\tV\u011bd\u011bl(a) jsi, \u017ee pravideln\u011b odes\u00edl\u00e1me p\u0159ehled novinek? P\u0159ihlas se k odb\u011bru mailov\u00e9ho newsletteru ve sv\u00e9m profilu.<br \/>\n\t\tV\u00edce informac\u00ed najde\u0161<br \/>\n\t\t<a href=\"https:\/\/zing.cz\/t\/newsletter\" rel=\"nofollow noopener\" target=\"_blank\">zde<\/a>.<\/p>\n<p>\t\tPod\u00edvej se na<br \/>\n\t\t<a href=\"https:\/\/zing.cz\/preview-mail\/mail\/lfix20fv2pkwssr43c7os1sqnea6aj0hqqoh6r6frtn712g03n351a7qskx6qfrp\" target=\"_blank\" rel=\"nofollow noopener\">uk\u00e1zku<\/a>.\n\t<\/p>\n","protected":false},"excerpt":{"rendered":"Nejv\u00fdrazn\u011bj\u0161\u00edch zm\u011bn se do\u010dkali nekromanti a druidi. Chystan\u00e9 roz\u0161\u00ed\u0159en\u00ed Lord of Hatred pro Diablo 4 po\u0159\u00e1dn\u011b zam\u00edch\u00e1 s&hellip;\n","protected":false},"author":2,"featured_media":67543,"comment_status":"","ping_status":"","sticky":false,"template":"","format":"standard","meta":{"footnotes":"","_share_on_mastodon":"0"},"categories":[13],"tags":[11274,8940,9895,1902,74,73,78,75,77,76],"class_list":["post-67542","post","type-post","status-publish","format-standard","has-post-thumbnail","category-veda-a-technika","tag-blizzard-entertainment","tag-diablo-4","tag-lord-of-hatred","tag-novinka","tag-science","tag-science-technology","tag-technika","tag-technology","tag-veda","tag-veda-a-technika"],"share_on_mastodon":{"url":"https:\/\/pubeurope.com\/@cz\/116475156420744757","error":""},"_links":{"self":[{"href":"https:\/\/www.europesays.com\/cz\/wp-json\/wp\/v2\/posts\/67542","targetHints":{"allow":["GET"]}}],"collection":[{"href":"https:\/\/www.europesays.com\/cz\/wp-json\/wp\/v2\/posts"}],"about":[{"href":"https:\/\/www.europesays.com\/cz\/wp-json\/wp\/v2\/types\/post"}],"author":[{"embeddable":true,"href":"https:\/\/www.europesays.com\/cz\/wp-json\/wp\/v2\/users\/2"}],"replies":[{"embeddable":true,"href":"https:\/\/www.europesays.com\/cz\/wp-json\/wp\/v2\/comments?post=67542"}],"version-history":[{"count":0,"href":"https:\/\/www.europesays.com\/cz\/wp-json\/wp\/v2\/posts\/67542\/revisions"}],"wp:featuredmedia":[{"embeddable":true,"href":"https:\/\/www.europesays.com\/cz\/wp-json\/wp\/v2\/media\/67543"}],"wp:attachment":[{"href":"https:\/\/www.europesays.com\/cz\/wp-json\/wp\/v2\/media?parent=67542"}],"wp:term":[{"taxonomy":"category","embeddable":true,"href":"https:\/\/www.europesays.com\/cz\/wp-json\/wp\/v2\/categories?post=67542"},{"taxonomy":"post_tag","embeddable":true,"href":"https:\/\/www.europesays.com\/cz\/wp-json\/wp\/v2\/tags?post=67542"}],"curies":[{"name":"wp","href":"https:\/\/api.w.org\/{rel}","templated":true}]}}