{"id":68046,"date":"2026-04-27T14:13:11","date_gmt":"2026-04-27T14:13:11","guid":{"rendered":"https:\/\/www.europesays.com\/cz\/68046\/"},"modified":"2026-04-27T14:13:11","modified_gmt":"2026-04-27T14:13:11","slug":"hranicni-vylouceni-na-slavii-rozhodci-situaci-mohl-resit-i-jinak-pripustila-komise","status":"publish","type":"post","link":"https:\/\/www.europesays.com\/cz\/68046\/","title":{"rendered":"Hrani\u010dn\u00ed vylou\u010den\u00ed na Slavii. Rozhod\u010d\u00ed situaci mohl \u0159e\u0161it i\u00a0jinak, p\u0159ipustila komise"},"content":{"rendered":"<p>SK Slavia Praha &#8211; SK Sigma Olomouc 2:1<\/p>\n<p class=\"b_bD\">Ve 31.\u00a0minut\u011b cht\u011bl stoper Olomouce Louis Lurvink na dlouhou nohu odkopnout m\u00ed\u010d, kter\u00fd se od n\u011bj p\u0159edt\u00edm odrazil, jen\u017ee podr\u00e1\u017ekou trefil ze strany do oblasti kolene Davida Doud\u011bru. Sud\u00ed Stanislav Volek tasil ihned \u010dervenou kartu.<\/p>\n<p class=\"b_bD\">Vyj\u00e1d\u0159en\u00ed komise: \u201eV t\u00e9to situaci spr\u00e1vn\u011b rozhod\u010d\u00ed ud\u011blil hostuj\u00edc\u00edmu hr\u00e1\u010di Lurvinkovi, kter\u00fd v\u00a0souboji o\u00a0m\u00ed\u010d zas\u00e1hl podr\u00e1\u017ekou nata\u017een\u00e9 nohy soupe\u0159e do kolena. Vzhledem k\u00a0nep\u0159\u00edli\u0161 vysok\u00e9 intenzit\u011b z\u00e1kroku by v\u00a0p\u0159\u00edpad\u011b ud\u011blen\u00ed pouze \u017elut\u00e9 karty nem\u011bl VAR intervenovat.\u201c<\/p>\n<p><a data-dot=\"atm-link\" target=\"_self\" href=\"https:\/\/www.sport.cz\/clanek\/podcasty-tukes-tukes-nema-tam-co-delat-kritizuje-divis-expert-se-po-vybuchu-sparty-pustil-do-posily-5444161\" class=\"b_V g_iJ\" rel=\"nofollow noopener\"><img fetchpriority=\"high\" height=\"1080\" width=\"1440\" src=\"https:\/\/www.europesays.com\/cz\/wp-content\/uploads\/2026\/02\/1772096125_389_tukes-podcast-jakub-divis.jpeg\" loading=\"eager\" decoding=\"sync\" class=\"b_B b_z\"\/><\/a>FK Jablonec &#8211; FC Slovan Liberec 1:2<\/p>\n<p class=\"b_bD\">V 64.\u00a0minut\u011b zahr\u00e1val Jablonec rohov\u00fd kop a\u00a0odra\u017een\u00fd m\u00ed\u010d nap\u00e1lil z\u00a0hranice v\u00e1pna Vachtang \u010canturi\u0161vili. Jen\u017ee balon trefil blokuj\u00edc\u00edho Azize Kayonda do oblasti ramene \u010di vrchn\u00ed \u010d\u00e1sti pa\u017ee. Hlavn\u00ed rozhod\u010d\u00ed Luk\u00e1\u0161 Nehasil odp\u00edskal pokutov\u00fd kop, v\u0161e je\u0161t\u011b celkem dlouho zkoumal VAR.<\/p>\n<p class=\"b_bD\">Vyj\u00e1d\u0159en\u00ed komise: \u201eV 64.\u00a0minut\u011b rozhod\u010d\u00ed na\u0159\u00eddil pokutov\u00fd kop pro dom\u00e1c\u00ed mu\u017estvo. Azyz Kayondo m\u011bl p\u0159i st\u0159ele na branku svoji levou ruku v\u00a0nep\u0159irozen\u00e9 pozici od t\u011bla. M\u00ed\u010d zas\u00e1hl ruku v\u00a0hrani\u010dn\u00edm m\u00edst\u011b mezi ramenem a\u00a0pa\u017e\u00ed. P\u0159ikl\u00e1n\u00edme se k\u00a0n\u00e1zoru, \u017ee sud\u00ed na\u0159\u00eddil pokutov\u00fd kop spr\u00e1vn\u011b.\u201c<\/p>\n<p class=\"b_bD\">Sest\u0159ih z\u00e1pasu Jablonec &#8211; LiberecVideo: LFA<\/p>\n<p class=\"b_bD\">Bohemians Praha 1905 &#8211; AC Sparta Praha 2:0<\/p>\n<p class=\"b_bD\">Ve 20.\u00a0minut\u011b za stavu 0:0\u00a0se po rohov\u00e9m kopu Sparty a\u00a0n\u00e1sledn\u00e9m z\u00e1varu p\u0159ed brankou dostal m\u00ed\u010d ke kapit\u00e1novi Klokan\u016f Luk\u00e1\u0161i H\u016flkovi. Balon odkopl a\u00a0vz\u00e1p\u011bt\u00ed mu do prav\u00e9ho kotn\u00edku stojn\u00e9 nohy zajel podr\u00e1\u017ekou kopa\u010dky John Mercado. Hlavn\u00ed rozhod\u010d\u00ed Karel Rou\u010dek st\u00e1l pobl\u00ed\u017e, Mercadovi okam\u017eit\u011b uk\u00e1zal \u010dervenou kartu.<\/p>\n<p class=\"b_bD\">Vyj\u00e1d\u0159en\u00ed komise: \u201eVe 20.\u00a0minut\u011b rozhod\u010d\u00ed spr\u00e1vn\u011b vylou\u010dil hostuj\u00edc\u00edho hr\u00e1\u010de Mercada. Z\u00e1krok byl proveden vysokou intenzitou, jednalo se o\u00a0surovou hru.\u201c<\/p>\n<p class=\"b_bD\">Sest\u0159ih z\u00e1pasu Bohemians &#8211; Sparta PrahaVideo: LFA<\/p>\n<p class=\"b_bD\">FK Teplice &#8211; Hradec Kr\u00e1lov\u00e9 0:1<\/p>\n<p class=\"b_bD\">V 65.\u00a0minut\u011b podnikli host\u00e9 rychlou akci, na jej\u00edm\u017e konci si sb\u011bhl na p\u0159ihr\u00e1vku Vladim\u00edra Daridy za teplickou obranu Daniel Truba\u010d. Ve chv\u00edli, kdy se uvnit\u0159 dom\u00e1c\u00ed \u0161estn\u00e1ctky chystal p\u0159evz\u00edt m\u00ed\u010d, ho ze strany postr\u010dil teplick\u00fd Michal B\u00edlek. Hlavn\u00ed rozhod\u010d\u00ed Jakub Wulkan odp\u00edskal pokutov\u00fd kop. Situaci pak je\u0161t\u011b \u0159e\u0161il na d\u00e1lku s\u00a0kolegy u\u00a0videa, kte\u0159\u00ed mu jeho verdikt potvrdili.<\/p>\n<p class=\"b_bD\">Vyj\u00e1d\u0159en\u00ed komise: \u201eV t\u00e9to situaci rozhod\u010d\u00ed spr\u00e1vn\u011b na\u0159\u00eddil pokutov\u00fd kop za vra\u017een\u00ed do soupe\u0159e. Jednalo se sice o\u00a0zma\u0159en\u00ed zjevn\u00e9 g\u00f3lov\u00e9 pozice a\u00a0\u0161lo o\u00a0souboj o\u00a0m\u00ed\u010d. K\u00a0p\u0159estupku v\u0161ak do\u0161lo v\u00a0pokutov\u00e9m \u00fazem\u00ed a\u00a0teplick\u00e9mu hr\u00e1\u010di Michalu B\u00edlkovi byla spr\u00e1vn\u011b ud\u011blena \u017elut\u00e1 karta.\u201c<\/p>\n<p><a data-dot=\"atm-link\" target=\"_self\" href=\"https:\/\/www.sport.cz\/clanek\/nazory-komentare-analyza-sparta-ma-mit-bliz-ke-slavii-banik-zase-ke-spase-hradec-totalne-osalil-data-5444090\" class=\"b_V g_iJ\" rel=\"nofollow noopener\"><img height=\"738\" width=\"985\" src=\"https:\/\/www.europesays.com\/cz\/wp-content\/uploads\/2026\/04\/1777299191_96_analyza.jpeg\" loading=\"eager\" decoding=\"sync\" class=\"b_B b_z\"\/><\/a><\/p>\n","protected":false},"excerpt":{"rendered":"SK Slavia Praha &#8211; SK Sigma Olomouc 2:1 Ve 31.\u00a0minut\u011b cht\u011bl stoper Olomouce Louis Lurvink na dlouhou nohu&hellip;\n","protected":false},"author":2,"featured_media":68047,"comment_status":"","ping_status":"","sticky":false,"template":"","format":"standard","meta":{"footnotes":"","_share_on_mastodon":"0"},"categories":[15],"tags":[1198,1177,326,4792,6711,872,864,94,93],"class_list":["post-68046","post","type-post","status-publish","format-standard","has-post-thumbnail","category-sport","tag-ac-sparta-praha","tag-chance-liga-fotbal","tag-fotbal","tag-john-mercado","tag-louis-lurvink","tag-sk-sigma-olomouc","tag-sk-slavia-praha","tag-sport","tag-sports"],"share_on_mastodon":{"url":"https:\/\/pubeurope.com\/@cz\/116477087154444249","error":""},"_links":{"self":[{"href":"https:\/\/www.europesays.com\/cz\/wp-json\/wp\/v2\/posts\/68046","targetHints":{"allow":["GET"]}}],"collection":[{"href":"https:\/\/www.europesays.com\/cz\/wp-json\/wp\/v2\/posts"}],"about":[{"href":"https:\/\/www.europesays.com\/cz\/wp-json\/wp\/v2\/types\/post"}],"author":[{"embeddable":true,"href":"https:\/\/www.europesays.com\/cz\/wp-json\/wp\/v2\/users\/2"}],"replies":[{"embeddable":true,"href":"https:\/\/www.europesays.com\/cz\/wp-json\/wp\/v2\/comments?post=68046"}],"version-history":[{"count":0,"href":"https:\/\/www.europesays.com\/cz\/wp-json\/wp\/v2\/posts\/68046\/revisions"}],"wp:featuredmedia":[{"embeddable":true,"href":"https:\/\/www.europesays.com\/cz\/wp-json\/wp\/v2\/media\/68047"}],"wp:attachment":[{"href":"https:\/\/www.europesays.com\/cz\/wp-json\/wp\/v2\/media?parent=68046"}],"wp:term":[{"taxonomy":"category","embeddable":true,"href":"https:\/\/www.europesays.com\/cz\/wp-json\/wp\/v2\/categories?post=68046"},{"taxonomy":"post_tag","embeddable":true,"href":"https:\/\/www.europesays.com\/cz\/wp-json\/wp\/v2\/tags?post=68046"}],"curies":[{"name":"wp","href":"https:\/\/api.w.org\/{rel}","templated":true}]}}