{"id":70027,"date":"2026-04-29T08:29:10","date_gmt":"2026-04-29T08:29:10","guid":{"rendered":"https:\/\/www.europesays.com\/cz\/70027\/"},"modified":"2026-04-29T08:29:10","modified_gmt":"2026-04-29T08:29:10","slug":"vystrcil-babis-je-pomstychtivy-a-zarli","status":"publish","type":"post","link":"https:\/\/www.europesays.com\/cz\/70027\/","title":{"rendered":"Vystr\u010dil: Babi\u0161 je pomstychtiv\u00fd a\u00a0\u017e\u00e1rl\u00ed"},"content":{"rendered":"<p>Uplynul\u00fd t\u00fdden se v\u00e1m zkomplikovala va\u0161e pl\u00e1novan\u00e1 cesta na Tchaj-wan, kdy\u017e v\u00e1m vl\u00e1da ANO, SPD a\u00a0Motorist\u016f odm\u00edtla poskytnout vl\u00e1dn\u00ed letadlo. Jak to nyn\u00ed s\u00a0cestou vypad\u00e1?<\/p>\n<p class=\"c_bz\">Pro m\u011b jako osobu to, jestli vyu\u017eiji vl\u00e1dn\u00ed letku nebo komer\u010dn\u00ed linku, nen\u00ed velk\u00fd probl\u00e9m, je to malichernost. Z\u00e1sadn\u00ed probl\u00e9m je to pro v\u00fdzkumn\u00edky, v\u011bdeck\u00e9 pracovn\u00edky univerzit, z\u00e1stupce kultury a\u00a0do jist\u00e9 m\u00edry i\u00a0pro podnikatele. Pro n\u011b je v\u00fdhodn\u00e9, kdy\u017e mohou jako sou\u010d\u00e1st delegace vyu\u017e\u00edt spole\u010dnou dopravu, prob\u00edhaj\u00ed p\u0159itom konzultace, domlouv\u00e1me se na kooperaci, je to pro n\u011b\u00a0i\u00a0jednodu\u0161\u0161\u00ed a\u00a0cenov\u011b v\u00fdhodn\u011bj\u0161\u00ed. Ale dal\u0161\u00ed n\u00e1klady spojen\u00e9 s\u00a0pobytem si samoz\u0159ejm\u011b maj\u00ed platit sami.<\/p>\n<p class=\"c_bz\">V okam\u017eiku, kdy letadlo nebude, mus\u00ed se samoz\u0159ejm\u011b rozhodnout, jestli polet\u00ed linkou, nebo ne. Bude to logisticky slo\u017eit\u011bj\u0161\u00ed na domluvu. Je to n\u016f\u017e do zad podnikatel\u016fm, z\u00e1stupc\u016fm univerzit, v\u011bdeckov\u00fdzkumn\u00fdm pracovn\u00edk\u016fm, ale i\u00a0z\u00e1stupc\u016fm tisku. Tohle nen\u00ed podpora byznysu. Tohle je n\u016f\u017e do zad \u010desk\u00e9mu byznysu.<\/p>\n<p>Budou m\u00edt z\u00e1jem let\u011bt komer\u010dn\u00ed linkou?<\/p>\n<p class=\"c_bz\">P\u0159es v\u0161echny komplikace pojedou a\u00a0delegace z\u0159ejm\u011b nebude mal\u00e1, z\u00e1jem spolupracovat s\u00a0Tchaj-wanem je velk\u00fd. Jedeme tam proto, abychom podpo\u0159ili vztahy s\u00a0Tchaj-wanem a\u00a0p\u0159\u00edpadn\u011b pomohli vytvo\u0159it nov\u00e9.<\/p>\n<p><a data-dot=\"atm-link\" target=\"_self\" href=\"https:\/\/www.novinky.cz\/clanek\/zahranicni-svet-v-cine-kvituji-rozhodnuti-babise-ze-vystrcila-nepusti-specialem-na-tchaj-wan-40574617\" class=\"c_N\" rel=\"nofollow noopener\"><img fetchpriority=\"high\" height=\"2304\" width=\"4096\" src=\"https:\/\/www.europesays.com\/cz\/wp-content\/uploads\/2026\/04\/1776783608_651_65a1.jpeg\" loading=\"eager\" decoding=\"sync\" class=\"c_t c_r\"\/><\/a>Co \u0159\u00edk\u00e1te na argument premi\u00e9ra Andreje Babi\u0161e, \u017ee vl\u00e1dn\u00ed speci\u00e1l by vy\u0161el na osm a\u017e deset milion\u016f korun, zat\u00edmco jedna letenka v\u00a0byznys t\u0159\u00edd\u011b stoj\u00ed okolo 90\u00a0tis\u00edc?<\/p>\n<p class=\"c_bz\">J\u00e1 bych nelet\u011bl v\u00a0tom letadle s\u00e1m, m\u011blo tam se mnou b\u00fdt 80\u00a0a\u017e 90\u00a0lid\u00ed. Tak a\u0165 si to vyn\u00e1sob\u00ed (90\u00a0letenek by p\u0159i cen\u011b 90\u00a0tis\u00edc vy\u0161lo na 8,1\u00a0milionu korun &#8211; pozn. red.). O\u00a0kompetenci pana premi\u00e9ra \u010d\u00edst \u010d\u00edsla, pod\u00edvat se na data, jak prob\u00edh\u00e1 obchod, velmi pochybuji pot\u00e9, co jsem vid\u011bl n\u011bkter\u00e1 jeho vyj\u00e1d\u0159en\u00ed.<\/p>\n<p class=\"c_bz\">On t\u0159eba vych\u00e1z\u00ed z\u00a0toho, \u017ee zvy\u0161ov\u00e1n\u00ed obratu s\u00a0\u010c\u00ednou je pro \u010cesko v\u00fdhodn\u00e9. Jen\u017ee \u010d\u00edm v\u00edc v\u00fdrobk\u016f budeme z\u00a0\u010c\u00edny dov\u00e1\u017eet, t\u00edm m\u00e9n\u011b jich budeme vyr\u00e1b\u011bt doma. To je v\u00fdhoda? Zat\u00edmco z\u00a0Tchaj-wanu dov\u00e1\u017e\u00edme sou\u010d\u00e1stky, kter\u00e9 p\u0159id\u00e1v\u00e1me do na\u0161ich v\u00fdrobk\u016f a\u00a0ty pak vyv\u00e1\u017e\u00edme d\u00e1l a\u00a0z\u00edsk\u00e1v\u00e1me z\u00a0toho pen\u00edze. <\/p>\n<p>Vyvozujete, \u017ee letadlo na Tchaj-wan v\u00e1m Babi\u0161 nedal proto, aby se zal\u00edbil \u010c\u00edn\u011b? <\/p>\n<p class=\"c_bz\">Nev\u00edm. Pokud vl\u00e1da necht\u011bla, abych let\u011bl na Tchaj-wan, tak to mohla \u0159\u00edct ve sv\u00e9m usnesen\u00ed. Nem\u00e1 to logiku. M\u011b t\u00edm nepotrestal. Potrestal podnikatele, pracovn\u00edky v\u011bdy, v\u00fdzkumu a\u00a0kultury.<\/p>\n<p>Pro\u010d tedy to letadlo nedostanete?<\/p>\n<p class=\"c_bz\">Nev\u00edm, osobn\u011b si to vysv\u011btluji t\u0159emi zp\u016fsoby: Zaprv\u00e9\u00a0snaha zal\u00edbit se \u010c\u00edn\u011b. Zadruh\u00e9\u00a0oby\u010dejn\u00e1 pomstychtivost a\u00a0\u017e\u00e1rlen\u00ed na ciz\u00ed \u00fasp\u011bch. Zat\u0159et\u00ed\u00a0Babi\u0161 nesnese, kdy\u017e n\u011bkdo d\u011bl\u00e1 n\u011bco, co on nena\u0159\u00eddil. On chce v\u0161ecko \u0159\u00eddit. On \u0159\u00edd\u00ed leteck\u00fd provoz i\u00a0z\u00e1chranu velryby. \u0158\u00edd\u00ed, co m\u00e1 kter\u00e9 ministerstvo d\u011blat. Chce v\u0161echno ovl\u00e1dat. M\u00e1 sklon k\u00a0autorit\u00e1\u0159stv\u00ed. Nev\u00edm, kter\u00fd d\u016fvod plat\u00ed, mo\u017en\u00e1 v\u0161echny t\u0159i.<\/p>\n<p class=\"c_bz\">J\u00e1 tak\u00e9 podporuji politiku jedn\u00e9 \u010c\u00edny. Nen\u00ed to o\u00a0tom, \u017ee \u201eTchaj-wan ano\u201c a \u201e\u010c\u00ednsk\u00e1 lidov\u00e1 republika ne\u201c. Je to o\u00a0tom, \u017ee chceme rovn\u00e9 vztahy s\u00a0Tchaj-wanem i\u00a0\u010c\u00ednou.<\/p>\n<p>Jen\u017ee \u010c\u00ed\u0148an\u00e9 na to takto nereaguj\u00ed. Nemaj\u00ed r\u00e1di, kdy\u017e na Tchaj-wan jezd\u00ed politici ciz\u00edch st\u00e1t\u016f a\u00a0jednaj\u00ed s\u00a0tamn\u00ed vl\u00e1dou, kterou \u010c\u00edna neuzn\u00e1v\u00e1.<\/p>\n<p class=\"c_bz\">Ale my p\u0159ece nem\u00e1me politiku jedn\u00e9 \u010c\u00edny nastavenou tak, jak ji interpretuje \u010c\u00ednsk\u00e1 lidov\u00e1 republika (\u010cLR). Na\u0161e politika jedn\u00e9 \u010c\u00edny \u0159\u00edk\u00e1, \u017ee chceme m\u00edt dobr\u00e9, konstruktivn\u00ed a\u00a0vz\u00e1jemn\u011b v\u00fdhodn\u00e9 vztahy s\u00a0Tchaj-wanem a\u00a0dobr\u00e9, konstruktivn\u00ed a\u00a0vz\u00e1jemn\u011b v\u00fdhodn\u00e9 vztahy s\u00a0\u010c\u00ednou.<\/p>\n<p>A co kdy\u017e to pro \u010cLR nejde dohromady?<\/p>\n<p class=\"c_bz\">Je pot\u0159eba se o\u00a0tom bavit a\u00a0hledat shodu. Zahrani\u010dn\u00ed politiku st\u00e1tu ur\u010duje vl\u00e1da. T\u00edm p\u00e1dem ch\u00e1pu, \u017ee vl\u00e1da nechce nebo nemus\u00ed jezdit na Tchaj-wan. Ale diplomacie Parlamentu nen\u00ed pro zahrani\u010dn\u00ed politiku zem\u011b ur\u010duj\u00edc\u00ed. Jako p\u0159edseda Sen\u00e1tu ze sebe ned\u011bl\u00e1m n\u011bkoho, kdo ur\u010duje zahrani\u010dn\u00ed politiku \u010ceska. Nebr\u00e1n\u00edm p\u0159ece vztah\u016fm s\u00a0\u010cLR. Ne\u0159\u00edk\u00e1m, \u017ee nem\u00e1me s\u00a0\u010c\u00ednou obchodovat.<\/p>\n<p>Nen\u00ed t\u011bch kontakt\u016f mezi \u010ceskem a\u00a0Tchaj-wanem a\u017e moc ve srovn\u00e1n\u00ed s\u00a0ostatn\u00edmi zem\u011bmi?<\/p>\n<p class=\"c_bz\">Tchaj-wan je z\u00a0hlediska technologi\u00ed, jako jsou \u010dipy, drony a\u00a0um\u011bl\u00e1 inteligence, velmoc. Pokud je s\u00a0n\u00e1mi Tchaj-wan ochotn\u00fd rozv\u00edjet obchod, nen\u00ed rozumn\u00e9 to nep\u0159ijmout. V\u00fdrobky, kter\u00e9 obsahuj\u00ed tchajwansk\u00e9 sou\u010d\u00e1stky, \u010cesko vyr\u00e1b\u00ed v\u00a0objemu asi za 200\u00a0miliard korun.<\/p>\n<p class=\"c_bz\">Komu jin\u00e9mu budou dod\u00e1vat? Kdy\u017e to \u010cesko nep\u0159ijme, Pol\u00e1ci po tom okam\u017eit\u011b sko\u010d\u00ed. Okam\u017eit\u011b.<\/p>\n<p class=\"c_bz\">\u010cesko chce spoluprac\u00ed s\u00a0Tchaj-wanem vybudovat evropsk\u00fd \u010dipov\u00fd \u0159et\u011bzec. Kdy\u017e nebude u\u00a0n\u00e1s, bude v\u00a0Polsku nebo Ma\u010farsku. Evropsk\u00fd \u010dipov\u00fd \u0159et\u011bzec znamen\u00e1 v\u00fdrobky s\u00a0velkou p\u0159idanou hodnotou.<\/p>\n<p>Ale tchajwansk\u00e1 tov\u00e1rna na \u010dipy stoj\u00ed v\u00a0N\u011bmecku.<\/p>\n<p class=\"c_bz\">Ano. A\u00a0v\u00edte, kolik dali N\u011bmci tchajwansk\u00e9 TSMC, aby tam \u0161la? Centr\u00e1ln\u00ed n\u011bmeck\u00e1 vl\u00e1da j\u00ed dala deset\u00a0miliard euro, tedy 250\u00a0miliard korun, jenom za to, aby tam p\u0159i\u0161la. A\u00a0dal\u0161\u00ed zhruba stejnou \u010d\u00e1stku bude investovat do infrastruktury. Vy si mysl\u00edte, \u017ee bychom to byli schopn\u00ed zadotovat?<\/p>\n<p class=\"c_bz\">M\u00e1me obrovsk\u00e9 \u0161t\u011bst\u00ed, \u017ee TSMC stoj\u00ed v\u00a0Dr\u00e1\u017e\u010fanech. V\u00edte, kter\u00e9 je nejbli\u017e\u0161\u00ed leti\u0161t\u011b? Praha. Zam\u011bstnanec TSMC je z\u00a0Prahy v\u00a0Dr\u00e1\u017e\u010fanech za necel\u00e9 dv\u011b hodiny. Budou l\u00e9tat na\u0161\u00ed linkou do Prahy. V\u00a0\u010cesku budou na TSMC nav\u00e1zan\u00e9 podniky. To je vlastn\u011b to nejlep\u0161\u00ed, co n\u00e1s mohlo potkat. Pro \u00dasteck\u00fd kraj to bude obrovsk\u00e1 p\u0159\u00edle\u017eitost.<\/p>\n<p>Zam\u011bstnanci z\u00a0kraje n\u00e1m mohou odej\u00edt pracovat do N\u011bmecka.<\/p>\n<p class=\"c_bz\">Jestli budou pracovat v\u00a0N\u011bmecku za velk\u00e9 mzdy, ale budou bydlet tady, tak to nevad\u00ed. Jsme snad v\u0161ichni v\u00a0Evropsk\u00e9 unii.<\/p>\n<p class=\"c_bz\">Hlavn\u011b budou \u010de\u0161t\u00ed ob\u010dan\u00e9 pracovat v\u00a0\u010desk\u00fdch firm\u00e1ch, kter\u00e9 budou dod\u00e1vat zbo\u017e\u00ed do TSMC. Je d\u016fle\u017eit\u00e9, abychom v\u00a0\u00dasteck\u00e9m kraji i\u00a0jinde dok\u00e1zali vytvo\u0159it podm\u00ednky pro dal\u0161\u00ed tchajwansk\u00e9 investory, kte\u0159\u00ed se sem p\u0159esunou, proto\u017ee je na n\u011b TSMC zvykl\u00e1. Budou cht\u00edt b\u00fdt v\u00a0\u010cesku, proto\u017ee na\u0161e pracovn\u00ed s\u00edla je levn\u011bj\u0161\u00ed ne\u017e n\u011bmeck\u00e1. <\/p>\n<p class=\"c_bz\">Pan premi\u00e9r prost\u011b o\u010dividn\u011b nev\u00ed, o\u00a0\u010dem mluv\u00ed. Nenastudoval si to, \u0159\u00edk\u00e1 nesmysly, chce n\u00e1s asi zaplavit levn\u00fdmi v\u00fdrobky b\u016fhv\u00ed odkud. Vykl\u00e1d\u00e1, \u017ee TSMC m\u011bla b\u00fdt v\u00a0\u010cesku, ale kdybyste mu \u0159ekla, a\u0165 d\u00e1 TSMC prvotn\u00ed investici 250\u00a0miliard korun, tak \u0159ekne, \u017ee jste spadla z\u00a0jahody.<\/p>\n<p class=\"c_bz\">Babi\u0161 prost\u011b nedok\u00e1\u017ee pracovat pro \u010cesko. Nedok\u00e1\u017ee se sm\u00ed\u0159it s\u00a0t\u00edm, kdy\u017e n\u011bkdo jin\u00fd pro zemi n\u011bco dobr\u00e9ho ud\u011bl\u00e1. A\u00a0kdy\u017e n\u011bkdo jin\u00fd pro \u010cesko n\u011bco dobr\u00e9ho ud\u011bl\u00e1, tak \u0159ekne, \u017ee je to \u0161patn\u00e9. Takov\u00ed lid\u00e9 nemaj\u00ed st\u00e1t v\u00a0\u010dele zem\u011b. Premi\u00e9rem m\u00e1 b\u00fdt n\u011bkdo, kdo pracuje pro zemi a\u00a0dok\u00e1\u017ee se st\u00e1hnout ve chv\u00edli, kdy pro zemi ud\u011bl\u00e1 n\u011bco dobr\u00e9ho i\u00a0n\u011bkdo jin\u00fd, koho t\u0159eba nem\u00e1 r\u00e1d. Babi\u0161 se chov\u00e1 tak, \u017ee jedin\u00e9, co ho zaj\u00edm\u00e1, je Babi\u0161.<\/p>\n<p>Nen\u00ed cel\u00e1 situace vy\u00fast\u011bn\u00edm toho, \u017ee se nepo\u0159\u00e1daj\u00ed sch\u016fzky \u00fastavn\u00edch \u010dinitel\u016f k\u00a0zahrani\u010dn\u00ed politice?<\/p>\n<p class=\"c_bz\">Ukon\u010den\u00ed sch\u016fzek byla chyba a\u00a0ukazuje se to po\u0159\u00e1d dokola.<\/p>\n<p>Nenese na tom vinu i\u00a0prezident Petr Pavel?<\/p>\n<p class=\"c_bz\">Na to se zeptejte jeho. Velmi si ho v\u00e1\u017e\u00edm a\u00a0ct\u00edm ho, ale i\u00a0jemu jsem \u0159ekl, \u017ee zru\u0161en\u00ed sch\u016fzek nejvy\u0161\u0161\u00edch \u00fastavn\u00edch \u010dinitel\u016f byla chyba. Je to v\u011bc, kterou m\u016f\u017eeme kdykoliv napravit, j\u00e1 jsem na to p\u0159ipraven\u00fd. Ale nen\u00ed m\u00e1 pravomoc to zm\u011bnit.<\/p>\n<p>Zkou\u0161el jste si domluvit sch\u016fzku s\u00a0vl\u00e1dou aspo\u0148 vy?<\/p>\n<p class=\"c_bz\">Prost\u0159ednictv\u00edm kabinetu jsme se pokou\u0161eli dohodnout sch\u016fzku s\u00a0panem premi\u00e9rem. Ale jedin\u00fd, s\u00a0k\u00fdm se to poda\u0159ilo, byl vicepremi\u00e9r Karel Havl\u00ed\u010dek. Pan premi\u00e9r Babi\u0161 je\u0161t\u011b od sv\u00e9ho jmenov\u00e1n\u00ed nebyl ani v\u00a0Sen\u00e1tu.<\/p>\n<p>Budete se je\u0161t\u011b sna\u017eit komunikaci s\u00a0vl\u00e1dou n\u011bjak zlep\u0161it?<\/p>\n<p class=\"c_bz\">Co je\u0161t\u011b m\u00e1m d\u011blat? Pro demokracii nen\u00ed zdrav\u00e9, aby se v\u0161ichni p\u0159izp\u016fsobovali jednomu \u010dlov\u011bku. Politici by m\u011bli b\u00fdt partne\u0159i, kte\u0159\u00ed maj\u00ed n\u011bkter\u00e9 spole\u010dn\u00e9 c\u00edle, na kter\u00fdch jsou schopni se dohodnout. Typicky to b\u00fdv\u00e1 bezpe\u010dnost nebo konkurenceschopnost. Pak se m\u016f\u017eeme bavit o\u00a0tom, jak to ud\u011blat. Situace je velmi v\u00e1\u017en\u00e1. J\u00e1 jsem na jedn\u00e1n\u00ed p\u0159ipraven\u00fd.<\/p>\n<p>A co \u0159\u00edk\u00e1te na to, \u017ee moment\u00e1ln\u011b se Hrad a\u00a0vl\u00e1da nejsou schopni domluvit ani na tom, kdo pojede na summit NATO do Ankary?<\/p>\n<p class=\"c_bz\">Ned\u016fstojn\u00e1 situace. M\u016fj osobn\u00ed n\u00e1zor je, \u017ee by na summit NATO m\u011bl jet jak premi\u00e9r, tak prezident. Nev\u00edm, pro\u010d by tam prezident nem\u011bl b\u00fdt, kdy\u017e tam byl v\u017edy, krom\u011b p\u0159\u00edpadu, kdy byl Milo\u0161 Zeman nemocn\u00fd. Prezident je vrchn\u00ed velitel ozbrojen\u00fdch sil. Spor je \u00fapln\u011b zbyte\u010dn\u00fd.<\/p>\n<p>A nevy\u0159e\u0161ila by situaci kompeten\u010dn\u00ed \u017ealoba, kterou by podal prezident na premi\u00e9ra?<\/p>\n<p class=\"c_bz\">Ne. Nejd\u016fle\u017eit\u011bj\u0161\u00ed jsou vztahy, abychom komunikovali a\u00a0spolupracovali, ne abychom se \u201etahali po soudech\u201c.<\/p>\n<p>Babi\u0161 \u0159\u00edk\u00e1, \u017ee na summitu NATO vysv\u011btl\u00ed l\u00e9pe ne\u017e prezident, pro\u010d \u010cesko ned\u00e1v\u00e1 dost pen\u011bz na obranu. Nem\u00e1 pravdu?<\/p>\n<p class=\"c_bz\">Gener\u00e1ln\u00ed tajemn\u00edk NATO Mark Rutte mi \u0159ekl, \u017ee ho pot\u011b\u0161ila slova Andreje Babi\u0161e, \u017ee budeme plnit z\u00e1vazky v\u016f\u010di NATO. To je 3,5\u00a0procenta na p\u0159\u00edm\u00e9 v\u00fddaje na obranu do roku 2035.\u00a0To znamen\u00e1, \u017ee bychom m\u011bli zvy\u0161ovat o\u00a00,2\u00a0procenta ro\u010dn\u011b. <\/p>\n<p><a data-dot=\"atm-link\" target=\"_self\" href=\"https:\/\/www.novinky.cz\/clanek\/podcasty-policheck-vondracek-sepsul-moderatora-kvuli-slovum-o-plneni-zavazku-nato-babis-za-tyden-tvrzeni-moderatora-potvrdil-40575527\" class=\"c_N\" rel=\"nofollow noopener\"><img height=\"1080\" width=\"1920\" src=\"https:\/\/www.europesays.com\/cz\/wp-content\/uploads\/2026\/04\/policheck.png\" loading=\"eager\" decoding=\"sync\" class=\"c_t c_r\"\/><\/a>To \u0159ekl Babi\u0161 Ruttemu, ale v\u00a0\u010cesku opakovan\u011b tvrd\u00ed, \u017ee z\u00e1vazek zvy\u0161ov\u00e1n\u00ed v\u00fddaj\u016f na obranu, kter\u00fd p\u0159ijala vl\u00e1da Petra Fialy (ODS), pro jeho vl\u00e1du neplat\u00ed.<\/p>\n<p class=\"c_bz\">Pan premi\u00e9r Babi\u0161 by nem\u011bl n\u011bco jin\u00e9ho \u0159\u00edkat Ruttemu a\u00a0n\u011bco jin\u00e9ho ob\u010dan\u016fm. Proto\u017ee to by znamenalo, \u017ee n\u011bkomu l\u017ee. A\u00a0politik by nem\u011bl lh\u00e1t. <\/p>\n<p class=\"c_bz\">V\u011b\u0159\u00edm, \u017ee Andrej Babi\u0161 to, co \u0159\u00edkal Marku Ruttemu, myslel v\u00e1\u017en\u011b. Z\u0159ejm\u011b nejsme schopni naplnit n\u00e1\u0161 z\u00e1vazek v\u00a0roce 2026, ale dojde k\u00a0\u00faprav\u00e1m, abychom situaci v\u00a0n\u00e1sleduj\u00edc\u00edch letech zlep\u0161ili.<\/p>\n<p class=\"c_bz\">Velmi brzy bude sd\u011bleno, \u017ee nepln\u00edme z\u00e1vazky a\u00a0\u017ee je to velk\u00fd probl\u00e9m. U\u017e loni\u00a0jsme plnili z\u00e1vazky \u201etak tak\u201c. N\u011bkter\u00e9 v\u00fddaje, kter\u00e9 nejsou obsa\u017een\u00e9 v\u00a0kapitole obrana, nebudou uzn\u00e1ny.<\/p>\n<p>Hroz\u00ed n\u00e1m kv\u016fli nepln\u011bn\u00ed z\u00e1vazk\u016f probl\u00e9my?<\/p>\n<p class=\"c_bz\">Spojence \u010d\u00edsla, jak jednotliv\u00e9 zem\u011b pln\u00ed z\u00e1vazky, zaj\u00edmaj\u00ed. A\u00a0nen\u00ed to tak, \u017ee by to Pol\u00e1k\u016fm, Estonc\u016fm, Loty\u0161\u016fm, Litevc\u016fm nevadilo, \u017ee je tu n\u011bkdo, kdo nepln\u00ed.<\/p>\n<p class=\"c_bz\">Budou na n\u00e1s koukat a\u00a0\u0159\u00edkat n\u00e1m, \u017ee nepln\u00edme. A\u00a0my na n\u011b budeme koukat a\u00a0\u0159\u00edkat: \u201eMy sice nepln\u00edme, ale chceme v\u00a0NATO s\u00a0v\u00e1mi b\u00fdt a\u00a0tak\u00e9 chceme jadern\u00fd de\u0161tn\u00edk.\u201c<\/p>\n<p>Nepo\u0161kod\u00ed n\u00e1s tato situace i\u00a0v debat\u00e1ch o\u00a0dvourychlostn\u00ed Evrop\u011b, kter\u00e1 se rozj\u00ed\u017ed\u00ed?Co \u0159\u00edk\u00e1te na to, \u017ee se zmocn\u011bnec Filip Turek vyj\u00e1d\u0159il o\u00a0\u201elidech\u201c na ministerstvech, kter\u00e1 ovl\u00e1daj\u00ed Motorist\u00e9, jako o\u00a0parazitech a\u00a0\u017ee to ministr zahrani\u010d\u00ed a\u00a0jeho stranick\u00fd \u0161\u00e9f Petr Macinka omlouv\u00e1?<\/p>\n<p class=\"c_bz\">Tak z\u0159ejm\u011b je ta strana takhle nastaven\u00e1.<\/p>\n<p>Nen\u00ed ale pou\u017e\u00edv\u00e1n\u00ed r\u00e9toriky, kter\u00e1 podle odborn\u00edk\u016f p\u0159ipom\u00edn\u00e1 tu nacistickou, ji\u017e za hranic\u00ed slu\u0161n\u00e9ho chov\u00e1n\u00ed?<\/p>\n<p class=\"c_bz\">Ty hranice se bohu\u017eel m\u011bn\u00ed t\u00edm, jak se m\u011bn\u00ed spole\u010densk\u00e1 atmosf\u00e9ra. B\u00fdval\u00fd ministr Jan Kalvoda jednou nebo dvakr\u00e1t neopr\u00e1vn\u011bn\u011b pou\u017eil titul JUDr., i\u00a0kdy\u017e byl jen Mgr. Nem\u011bl z\u00a0toho \u017e\u00e1dn\u00fd prosp\u011bch, ale skon\u010dil jako ministr, odstoupil z\u00a0funkce. Dnes je pr\u00e1h \u201ebolesti\u201c n\u011bkde \u00fapln\u011b jinde.<\/p>\n<p class=\"c_bz\">Sm\u00ed\u0159ili jsme se spoustou v\u011bc\u00ed. Uk\u00e1\u017ee se, \u017ee n\u011bjak\u00fd politik nemluvil pravdu a\u00a0byla to le\u017e jako v\u011b\u017e. D\u0159\u00edv by kv\u016fli tomu musel skon\u010dit. Dnes m\u00e1me politiky, kte\u0159\u00ed jsou soudn\u011b usv\u011bd\u010den\u00ed lh\u00e1\u0159i, ale nic se ned\u011bje, funguj\u00ed d\u00e1l. T\u00edm, \u017ee jim tyto v\u011bci proch\u00e1z\u00ed, d\u00e1vaj\u00ed p\u0159\u00edklad ostatn\u00edm, spole\u010dnost hrubne a\u00a0pravidla, co je\u0161t\u011b je mo\u017en\u00e9, a\u00a0co ne, se posouvaj\u00ed. Doch\u00e1z\u00ed k\u00a0degeneraci slu\u0161n\u00e9ho chov\u00e1n\u00ed, za p\u0159ijateln\u00e9 se pokl\u00e1daj\u00ed v\u011bci, kter\u00e9 byly d\u0159\u00edv nep\u0159ijateln\u00e9.<\/p>\n<p>Jak\u00e1 by podle v\u00e1s m\u011bla b\u00fdt adekv\u00e1tn\u00ed reakce Andreje Babi\u0161e k\u00a0Filipu Turkovi?<\/p>\n<p class=\"c_bz\">To nech\u00e1m na Andreji Babi\u0161ovi, nebudu mu \u0159\u00edkat, co by m\u011bl ud\u011blat. Jak zn\u00e1m jeho charakter, tak prvn\u00ed, co by ud\u011blal, by byl opak toho, co \u0159\u00edk\u00e1m j\u00e1. Jen proto, aby uk\u00e1zal, \u017ee neposlouch\u00e1 to, co \u0159\u00edk\u00e1 opozice. Takhle daleko jsme se dostali.<\/p>\n<p>Vl\u00e1da chyst\u00e1 \u0159adu kontroverzn\u00edch krok\u016f, nap\u0159\u00edklad zest\u00e1tn\u011bn\u00ed ve\u0159ejnopr\u00e1vn\u00edch m\u00e9di\u00ed. Bude se Sen\u00e1t sna\u017eit tento z\u00e1kon blokovat?<\/p>\n<p class=\"c_bz\">Nem\u00e1me p\u0159ipravenou strategii, \u017ee bychom m\u011bli ka\u017ed\u00fd z\u00e1kon vl\u00e1dy vracet. O\u00a0ka\u017ed\u00e9m diskutujeme. Ale je logick\u00e9, \u017ee pokud je v\u00a0Sen\u00e1tu v\u011bt\u0161inov\u011b zastoupen\u00e1 opozice, tak se vl\u00e1d\u011b vr\u00e1t\u00ed v\u00edc z\u00e1kon\u016f, ne\u017e kdy\u017e m\u011bla vl\u00e1da v\u00a0Sen\u00e1tu v\u011bt\u0161inu. <\/p>\n<p class=\"c_bz\">V Sen\u00e1tu nyn\u00ed p\u0159eva\u017euj\u00ed lid\u00e9, kte\u0159\u00ed jsou proti sn\u00ed\u017een\u00ed nez\u00e1vislosti ve\u0159ejnopr\u00e1vn\u00edch m\u00e9di\u00ed. Jsem p\u0159esv\u011bd\u010den\u00fd, \u017ee abychom zachovali jejich nez\u00e1vislost, tak nen\u00ed mo\u017en\u00e9 jejich financov\u00e1n\u00ed p\u0159ev\u00e9st pod st\u00e1tn\u00ed rozpo\u010det.<\/p>\n<p><a data-dot=\"atm-link\" target=\"_self\" href=\"https:\/\/www.novinky.cz\/clanek\/domaci-turek-se-zamotal-do-vlastnich-lzi-sam-se-usvedcil-ze-za-parazity-oznacil-uredniky-40575443\" class=\"c_N\" rel=\"nofollow noopener\"><img height=\"2299\" width=\"4087\" src=\"https:\/\/www.europesays.com\/cz\/wp-content\/uploads\/2026\/04\/1777296610_479_andrej-babis-filip-turek-roman-durco-ostrava-odbory-protestni-mitink.jpeg\" loading=\"eager\" decoding=\"sync\" class=\"c_t c_r\"\/><\/a><\/p>\n","protected":false},"excerpt":{"rendered":"Uplynul\u00fd t\u00fdden se v\u00e1m zkomplikovala va\u0161e pl\u00e1novan\u00e1 cesta na Tchaj-wan, kdy\u017e v\u00e1m vl\u00e1da ANO, SPD a\u00a0Motorist\u016f odm\u00edtla poskytnout&hellip;\n","protected":false},"author":2,"featured_media":70028,"comment_status":"","ping_status":"","sticky":false,"template":"","format":"standard","meta":{"footnotes":"","_share_on_mastodon":"0"},"categories":[7],"tags":[266,43,42,202,41,40,561,5529,5019,562],"class_list":["post-70027","post","type-post","status-publish","format-standard","has-post-thumbnail","category-cesko","tag-andrej-babis","tag-ceska-republika","tag-cesko","tag-cina","tag-czech-republic","tag-czechia","tag-hnuti-ano","tag-milos-vystrcil","tag-tchaj-wan","tag-vlada-andreje-babise"],"share_on_mastodon":{"url":"https:\/\/pubeurope.com\/@cz\/116487059230631411","error":""},"_links":{"self":[{"href":"https:\/\/www.europesays.com\/cz\/wp-json\/wp\/v2\/posts\/70027","targetHints":{"allow":["GET"]}}],"collection":[{"href":"https:\/\/www.europesays.com\/cz\/wp-json\/wp\/v2\/posts"}],"about":[{"href":"https:\/\/www.europesays.com\/cz\/wp-json\/wp\/v2\/types\/post"}],"author":[{"embeddable":true,"href":"https:\/\/www.europesays.com\/cz\/wp-json\/wp\/v2\/users\/2"}],"replies":[{"embeddable":true,"href":"https:\/\/www.europesays.com\/cz\/wp-json\/wp\/v2\/comments?post=70027"}],"version-history":[{"count":0,"href":"https:\/\/www.europesays.com\/cz\/wp-json\/wp\/v2\/posts\/70027\/revisions"}],"wp:featuredmedia":[{"embeddable":true,"href":"https:\/\/www.europesays.com\/cz\/wp-json\/wp\/v2\/media\/70028"}],"wp:attachment":[{"href":"https:\/\/www.europesays.com\/cz\/wp-json\/wp\/v2\/media?parent=70027"}],"wp:term":[{"taxonomy":"category","embeddable":true,"href":"https:\/\/www.europesays.com\/cz\/wp-json\/wp\/v2\/categories?post=70027"},{"taxonomy":"post_tag","embeddable":true,"href":"https:\/\/www.europesays.com\/cz\/wp-json\/wp\/v2\/tags?post=70027"}],"curies":[{"name":"wp","href":"https:\/\/api.w.org\/{rel}","templated":true}]}}