{"id":70852,"date":"2026-04-30T00:47:09","date_gmt":"2026-04-30T00:47:09","guid":{"rendered":"https:\/\/www.europesays.com\/cz\/70852\/"},"modified":"2026-04-30T00:47:09","modified_gmt":"2026-04-30T00:47:09","slug":"firma-yd-capital-je-v-upadku-dluzi-miliardy-z-vydanych-dluhopisu","status":"publish","type":"post","link":"https:\/\/www.europesays.com\/cz\/70852\/","title":{"rendered":"Firma YD Capital je v\u00a0\u00fapadku, dlu\u017e\u00ed miliardy z\u00a0vydan\u00fdch dluhopis\u016f"},"content":{"rendered":"<p class=\"e_bW\">M\u011bstsk\u00fd soud v\u00a0Praze vyhl\u00e1sil \u00fapadek se spole\u010dnost\u00ed YD Capital zast\u0159e\u0161uj\u00edc\u00ed stejnojmennou skupinu, kter\u00e1 v\u00a0minul\u00fdch letech pat\u0159ila mezi nejaktivn\u011bj\u0161\u00ed hr\u00e1\u010de na tuzemsk\u00e9m dluhopisov\u00e9m trhu.<\/p>\n<p class=\"e_bW\">Sou\u010dasn\u011b firma dostala od soudu sedmidenn\u00ed lh\u016ftu na vysv\u011btlen\u00ed z\u00e1sadn\u00edch neujasn\u011bnost\u00ed ohledn\u011b jej\u00edho majetku. Pokud se tak nestane, soud odm\u00edtne n\u00e1vrh firmy na reorganizaci. <a data-dot=\"atm-link\" target=\"_blank\" href=\"https:\/\/www.seznamzpravy.cz\/tag\/yd-capital-113183\" class=\"e_n\" rel=\"nofollow noopener\">YD Capital<\/a> mus\u00ed nap\u0159\u00edklad vysv\u011btlit, co se stalo s\u00a0des\u00edtkami milion\u016f korun, kter\u00e9 dostala za prodej dodavatele elekt\u0159iny a\u00a0plynu <a data-dot=\"atm-link\" target=\"_blank\" href=\"https:\/\/www.seznamzpravy.cz\/tag\/prvni-ceska-energie-120175\" class=\"e_n\" rel=\"nofollow noopener\">Prvn\u00ed \u010desk\u00e1 energie<\/a>, vypl\u00fdv\u00e1 ze soudn\u00edho usnesen\u00ed zve\u0159ejn\u011bn\u00e9ho v\u00a0insolven\u010dn\u00edm rejst\u0159\u00edku.<\/p>\n<p class=\"e_bW\">Stejn\u011b tak mus\u00ed firma doplnit v\u00fd\u010det majetkov\u00fdch \u00fa\u010dast\u00ed vlastn\u00edka YD Capital <a data-dot=\"atm-link\" target=\"_blank\" href=\"https:\/\/www.seznamzpravy.cz\/tag\/pavel-rydzyk-113186\" class=\"e_n\" rel=\"nofollow noopener\">Pavla Rydzyka<\/a>. Ve v\u00fd\u010dtu jeho majetku toti\u017e nap\u0159\u00edklad chyb\u011blo, \u017ee je spr\u00e1vcem sv\u011b\u0159ensk\u00e9ho fondu Rydzyk.<\/p>\n<p class=\"e_bW\">Na pochybnosti okolo majetku YD Capital upozornil brn\u011bnsk\u00fdch fond <a data-dot=\"atm-link\" target=\"_blank\" href=\"https:\/\/www.seznamzpravy.cz\/tag\/ifis-77443\" class=\"e_n\" rel=\"nofollow noopener\">Ifis<\/a> dr\u017e\u00edc\u00ed \u010d\u00e1st pohled\u00e1vek. Soud n\u00e1sledn\u011b vyzval YD Capital k\u00a0dopln\u011bn\u00ed informac\u00ed. Firma se v\u00a0sou\u010dasnosti sna\u017e\u00ed p\u0159esv\u011bd\u010dit dr\u017eitele dluhopis\u016f a\u00a0dal\u0161\u00ed v\u011b\u0159itele, \u017ee reorganizace pro n\u011b bude v\u00fdhodn\u011bj\u0161\u00ed ne\u017e konkurz.<\/p>\n<p class=\"e_bW\">\u201eDlu\u017en\u00edk (YD Capital, pozn. red.)\u00a0v\u00a0n\u00e1vrhu na reorganizaci zatajuje podstatn\u00e9 skute\u010dnosti o\u00a0majetku sv\u00e9ho jedin\u00e9ho akcion\u00e1\u0159e a\u00a0statut\u00e1ra,\u201c napsal Ifis v\u00a0dokumentu publikovan\u00e9m v\u00a0insolven\u010dn\u00edm rejst\u0159\u00edku. <\/p>\n<p class=\"e_bW\">\u201eTvrzen\u00ed obsa\u017een\u00e1 v\u00a0pod\u00e1n\u00ed v\u011b\u0159itele Ifis investi\u010dn\u00ed fond d\u016frazn\u011b odm\u00edt\u00e1me. Jde o\u00a0spekulace vyvozen\u00e9 v\u00fdlu\u010dn\u011b z\u00a0ve\u0159ejn\u011b dostupn\u00fdch dat v\u00a0obchodn\u00edm rejst\u0159\u00edku, nikoli z\u00a0faktick\u00e9ho stavu v\u011bci. K\u00a0\u017e\u00e1dn\u00e9mu zatajov\u00e1n\u00ed podstatn\u00fdch skute\u010dnost\u00ed o\u00a0majetku spole\u010dnosti ani o\u00a0jej\u00edm jedin\u00e9m akcion\u00e1\u0159i a\u00a0statut\u00e1rovi nedo\u0161lo a\u00a0nedoch\u00e1z\u00ed. K\u00a0v\u00fdzv\u011b soudu na dopln\u011bn\u00ed n\u00e1vrhu na povolen\u00ed reorganizace sd\u011blujeme, \u017ee spole\u010dnost je p\u0159ipravena n\u00e1vrh ve stanoven\u00e9m term\u00ednu doplnit,\u201c reagovala medi\u00e1ln\u00ed z\u00e1stupkyn\u011b YD Capital Pavla Mudrochov\u00e1. <\/p>\n<p class=\"e_bW\">Spole\u010dnost Prvn\u00ed \u010desk\u00e1 energie pat\u0159ila mezi cenn\u00fd majetek YD Capital. <a data-dot=\"atm-link\" target=\"_blank\" href=\"https:\/\/www.seznamzpravy.cz\/clanek\/ekonomika-firmy-veritele-napadli-vyvedeni-dodavatele-energii-mimo-skupinu-yd-capital-304051\" class=\"e_n\" rel=\"nofollow noopener\">\u010cty\u0159i dny po zah\u00e1jen\u00ed insolven\u010dn\u00edho \u0159\u00edzen\u00ed <\/a>ale \u0161\u00e9f firmy Rydzyk u\u00a0not\u00e1\u0159e prohl\u00e1sil, \u017ee akcie Prvn\u00ed \u010desk\u00e9 energie p\u0159e\u0161ly je\u0161t\u011b p\u0159ed zah\u00e1jen\u00edm insolvence pod jinou jeho firmu.<\/p>\n<p><a data-dot=\"mol-article-card-media\" aria-hidden=\"true\" tabindex=\"-1\" href=\"https:\/\/www.seznamzpravy.cz\/clanek\/ekonomika-firmy-veritele-napadli-vyvedeni-dodavatele-energii-mimo-skupinu-yd-capital-304051\" class=\"e_n f_l0\" rel=\"nofollow noopener\" target=\"_blank\"><img fetchpriority=\"high\" height=\"1080\"   width=\"1920\" src=\"https:\/\/www.europesays.com\/cz\/wp-content\/uploads\/2026\/03\/1774896069_591_gas-burners-g900c71321-1920.jpeg\" loading=\"eager\" decoding=\"sync\" class=\"e_aa e_Z\"\/><\/a><\/p>\n<p class=\"e_bW\">Fond Ifis ale upozornil, \u017ee na \u00fa\u010dtech YD Capital jsou \u0159\u00e1dov\u011b pouze tis\u00edce korun, nikoliv des\u00edtky milion\u016f, kter\u00e9 by tam m\u011bly b\u00fdt za akcie dodavatele energi\u00ed. Podle Ifisu je nav\u00edc ze seznamu z\u00e1vazk\u016f YD Capital z\u0159ejm\u00e9, \u017ee firma byla v\u00a0platebn\u00ed neschopnosti dlouho p\u0159edt\u00edm, ne\u017e se zbavila akci\u00ed Prvn\u00ed \u010desk\u00e9 energie. A\u00a0\u017ee proto bylo povinnost\u00ed spole\u010dnosti podat na sebe insolven\u010dn\u00ed n\u00e1vrh mnohem d\u0159\u00edve, co\u017e sou\u010dasn\u011b znamenalo, \u017ee by firma v\u00a0\u00fapadku nemohla podnikat v\u00fdznamn\u00e9 majetkov\u00e9 operace.<\/p>\n<p class=\"e_bW\">Soud vzal rovn\u011b\u017e v\u00a0potaz n\u00e1mitku, podle n\u00ed\u017e YD Capital v\u00a0p\u0159ehledu majetkov\u00fdch \u00fa\u010dast\u00ed neuvedla v\u0161echny pod\u00edly. Chyb\u011bla nap\u0159\u00edklad informace o\u00a0zm\u00edn\u011bn\u00e9m sv\u011b\u0159ensk\u00e9m fondu Rydzyk.<\/p>\n<p class=\"e_bW\">Skupina YD Capital se zam\u011b\u0159ovala hlavn\u011b na podnik\u00e1n\u00ed s\u00a0nemovitostmi. Vlastn\u00ed n\u011bkolik star\u0161\u00edch kancel\u00e1\u0159sk\u00fdch budov v\u00a0Praze a\u00a0Brn\u011b, p\u0159ipravuje developersk\u00e9 projekty v\u00a0jihomoravsk\u00e9m Slavkov\u011b a\u00a0Chorvatsku. U\u00a0\u0159ady sv\u00fdch nemovitost\u00ed skupina kr\u00e1tce po jejich z\u00edsk\u00e1n\u00ed vykazovala <a data-dot=\"atm-link\" target=\"_blank\" href=\"https:\/\/www.seznamzpravy.cz\/clanek\/ekonomika-byznys-reality-kouzlo-posudku-cena-pozemku-vyletela-za-pul-roku-o-tisic-procent-259432\" class=\"e_n\" rel=\"nofollow noopener\">prudk\u00fd n\u00e1r\u016fst hodnoty<\/a>. Posudky, z\u00a0nich\u017e m\u011bla vych\u00e1zet, ale nikdy neuk\u00e1zala.<\/p>\n<p class=\"e_bW\">YD Capital z\u00edsk\u00e1vala kapit\u00e1l prost\u0159ednictv\u00edm dluhopis\u016f a\u00a0dal\u0161\u00edch investi\u010dn\u00edch n\u00e1stroj\u016f v\u010detn\u011b regulovan\u00fdch fond\u016f. Z\u00e1vazky skupiny jsou v\u00a0miliardov\u00fdch \u0159\u00e1dech. V\u011b\u0159itel\u00e9 musej\u00ed sv\u00e9 pohled\u00e1vky p\u0159ihl\u00e1sit do dvou m\u011bs\u00edc\u016f od prohl\u00e1\u0161en\u00ed \u00fapadku. Sch\u016fzi v\u011b\u0159itel\u016f svolal M\u011bstsk\u00fd soud v\u00a0Praze na 17.\u00a0z\u00e1\u0159\u00ed. <\/p>\n","protected":false},"excerpt":{"rendered":"M\u011bstsk\u00fd soud v\u00a0Praze vyhl\u00e1sil \u00fapadek se spole\u010dnost\u00ed YD Capital zast\u0159e\u0161uj\u00edc\u00ed stejnojmennou skupinu, kter\u00e1 v\u00a0minul\u00fdch letech pat\u0159ila mezi nejaktivn\u011bj\u0161\u00ed&hellip;\n","protected":false},"author":2,"featured_media":27297,"comment_status":"","ping_status":"","sticky":false,"template":"","format":"standard","meta":{"footnotes":"","_share_on_mastodon":"0"},"categories":[7],"tags":[43,42,41,40,3903,779,12419,23493,258,12418],"class_list":["post-70852","post","type-post","status-publish","format-standard","has-post-thumbnail","category-cesko","tag-ceska-republika","tag-cesko","tag-czech-republic","tag-czechia","tag-dluhopisy","tag-insolvence","tag-pavel-rydzyk","tag-prvni-ceska-energie","tag-soud","tag-yd-capital"],"share_on_mastodon":{"url":"https:\/\/pubeurope.com\/@cz\/116490904780215054","error":""},"_links":{"self":[{"href":"https:\/\/www.europesays.com\/cz\/wp-json\/wp\/v2\/posts\/70852","targetHints":{"allow":["GET"]}}],"collection":[{"href":"https:\/\/www.europesays.com\/cz\/wp-json\/wp\/v2\/posts"}],"about":[{"href":"https:\/\/www.europesays.com\/cz\/wp-json\/wp\/v2\/types\/post"}],"author":[{"embeddable":true,"href":"https:\/\/www.europesays.com\/cz\/wp-json\/wp\/v2\/users\/2"}],"replies":[{"embeddable":true,"href":"https:\/\/www.europesays.com\/cz\/wp-json\/wp\/v2\/comments?post=70852"}],"version-history":[{"count":0,"href":"https:\/\/www.europesays.com\/cz\/wp-json\/wp\/v2\/posts\/70852\/revisions"}],"wp:featuredmedia":[{"embeddable":true,"href":"https:\/\/www.europesays.com\/cz\/wp-json\/wp\/v2\/media\/27297"}],"wp:attachment":[{"href":"https:\/\/www.europesays.com\/cz\/wp-json\/wp\/v2\/media?parent=70852"}],"wp:term":[{"taxonomy":"category","embeddable":true,"href":"https:\/\/www.europesays.com\/cz\/wp-json\/wp\/v2\/categories?post=70852"},{"taxonomy":"post_tag","embeddable":true,"href":"https:\/\/www.europesays.com\/cz\/wp-json\/wp\/v2\/tags?post=70852"}],"curies":[{"name":"wp","href":"https:\/\/api.w.org\/{rel}","templated":true}]}}