{"id":72810,"date":"2026-05-01T19:13:11","date_gmt":"2026-05-01T19:13:11","guid":{"rendered":"https:\/\/www.europesays.com\/cz\/72810\/"},"modified":"2026-05-01T19:13:11","modified_gmt":"2026-05-01T19:13:11","slug":"ornella-brani-koktu-kvuli-kriku-na-deti-starsi-zabery-ale-ukazuji-ze-sama-kdysi-neudrzela-nervy-zena-cz","status":"publish","type":"post","link":"https:\/\/www.europesays.com\/cz\/72810\/","title":{"rendered":"Ornella br\u00e1n\u00ed Koktu kv\u016fli k\u0159iku na d\u011bti. Star\u0161\u00ed z\u00e1b\u011bry ale ukazuj\u00ed, \u017ee sama kdysi neudr\u017eela nervy &#8211; \u017dena.cz"},"content":{"rendered":"<p><a href=\"https:\/\/news.google.com\/rss\/articles\/CBMivAFBVV95cUxNMERXMlhsT3FpcjAzYzVHeWRLV2xEY0RncGV0WFF6Mi12UTBQUGF3LVJ0S2FEV0NUbHJZNGlGMTMyeVVYYkZxZElEWjczUU5PRkpQUVc0U1FnanlNaWNHYW5iM0NWeEpZVTM4bC1ZblI0dllkOWlVY0FMNUNfUVpCZlE2em5nd2w4S3VxQ1p2dExTWmFkRnVIcFIwUHVLbGJfSzkwdlp2TDB1Y1VIVzIxcmREVUQ2VE5LSlBFVw?oc=5\" target=\"_blank\" rel=\"nofollow noopener\">Ornella br\u00e1n\u00ed Koktu kv\u016fli k\u0159iku na d\u011bti. Star\u0161\u00ed z\u00e1b\u011bry ale ukazuj\u00ed, \u017ee sama kdysi neudr\u017eela nervy<\/a>&nbsp;&nbsp;\u017dena.cz<a href=\"https:\/\/news.google.com\/rss\/articles\/CBMi6wFBVV95cUxNNGIyUmdacjhOQmwwbXJFeHYyUjVXeFBkVDgtUmp2em43a29sQ1FLbVBrT2MxQ29fWktLZjZvRVIwY181eWRpcC1wOVFHdm5zd0ZNREZRUUJjcEF1UTdGOE91bUc1YnVBTTluSFkyeXhQd09yV0NabGlFbFhYNlFONFlfVFVJdm9vTnhkQkh0OHdxV3o2VERNaFRDbXhpVnoyLUZ5QmJ3VzljOEE0TW9zcjNVMXBfUjNralpxREJ2c3dvR0RQaEphY295QVB6VlFheGoteTlPZkoyZHhKVGd5RU43ZDV0Q2JnSWdZ?oc=5\" target=\"_blank\" rel=\"nofollow noopener\">Souhlas\u00edte s Romanem \u0160muclerem?<\/a>&nbsp;&nbsp;Super.cz<a href=\"https:\/\/news.google.com\/rss\/articles\/CBMiswFBVV95cUxNbDhuOFlwV0loWTZmWjdua0RiZEpuT1I3X2JVY0FEdHowTDNSTlJYY2EtU0R0UXFVaktleUQ4LWtNYVpjTUg1ZjZFOXpMZ0tDMm9iRVpMc3pzVUc1c2hxSTJMVEFGdkdhYkxleHdYNTNwZlNrOVhSMXU1YmY0MzBTbDdFVDViQlo4OURVS1ZIMkhIeWtHVHdpX2t3QjNoa0VxbWp5MWtFVFowdk4wakdVMnR3bw?oc=5\" target=\"_blank\" rel=\"nofollow noopener\">Ornellu a Koktu u\u017e \u0159e\u0161\u00ed soci\u00e1lka. Bit\u00ed d\u011bt\u00ed je trestn\u00e9, dozv\u011bd\u011bli se<\/a>&nbsp;&nbsp;TN.cz<a href=\"https:\/\/news.google.com\/rss\/articles\/CBMiyAFBVV95cUxNSS1peXRMR1I4YndBc3VpeDQzcjBJLUctdExLbVNjODhuNlBlb3JBUkVDZDBzQUdGcTFydjNGWl96ODlqaWJPZ0hDZDF6dHJROVBZSFFUQ1NJMmpzdkZTMXQ1U0lkdWQyWUJYb0YzV1lYYUFpbk5SMDNxSFoyOE5kdzhEeWhEbDNUcjRtQ2RBSkdDdW82RlJxMlh2NTg5bkY2bnZPdFpVdUQtNGpPLUtjVDFMR0xETFRMcGxqWHhOcldiRXFmNllkYw?oc=5\" target=\"_blank\" rel=\"nofollow noopener\">Koktov\u00fdch se zastal mecen\u00e1\u0161 Motorist\u016f: Z t\u00e1ty Pep\u00edka d\u011bl\u00e1te monstrum, zlob\u00ed se Chlad<\/a>&nbsp;&nbsp;CNN Prima NEWS<a href=\"https:\/\/news.google.com\/rss\/articles\/CBMiuwFBVV95cUxORUlaZTItR0ZFYUZpUXE1bDBTdUx1TVBBMFFwVF84NUN0dlVjR2w5cDVuN3pKNXM5UkRONFB5ZGxCdVJaWkwxbkY1V0piX1liOUowX1EyN0t2QUN4YVM2N0NMaDF5LTlpamJKdW1MWGoxYzM2TnJkLUdOZUplWFZWSl9VTVNENXFPcmIxeEVfclBzMTZPTWc2bGE0QWIybFdJc3ZLUXBpdU1pWXFJQWN6eVR0empzd0VUNTBr?oc=5\" target=\"_blank\" rel=\"nofollow noopener\">Tvrd\u00fd p\u00e1d Ornelly Koktov\u00e9: Dal\u0161\u00ed firmy ru\u0161\u00ed spolupr\u00e1ci!<\/a>&nbsp;&nbsp;Blesk<\/p>\n","protected":false},"excerpt":{"rendered":"Ornella br\u00e1n\u00ed Koktu kv\u016fli k\u0159iku na d\u011bti. Star\u0161\u00ed z\u00e1b\u011bry ale ukazuj\u00ed, \u017ee sama kdysi neudr\u017eela nervy&nbsp;&nbsp;\u017dena.czSouhlas\u00edte s Romanem&hellip;\n","protected":false},"author":2,"featured_media":72811,"comment_status":"","ping_status":"","sticky":false,"template":"","format":"standard","meta":{"footnotes":"","_share_on_mastodon":"0"},"categories":[10],"tags":[444,17,21,1224,16,1998,651,23897,18,19,22,5717,20],"class_list":["post-72810","post","type-post","status-publish","format-standard","has-post-thumbnail","category-zpravy","tag-deti","tag-headlines","tag-hlavni-udalosti","tag-josef-kokta","tag-news","tag-ornella-koktova","tag-rodina","tag-rodina-a-vztahy","tag-top-news","tag-top-stories","tag-udalosti-dne","tag-vychova","tag-zpravy"],"share_on_mastodon":{"url":"https:\/\/pubeurope.com\/@cz\/116500916025895040","error":""},"_links":{"self":[{"href":"https:\/\/www.europesays.com\/cz\/wp-json\/wp\/v2\/posts\/72810","targetHints":{"allow":["GET"]}}],"collection":[{"href":"https:\/\/www.europesays.com\/cz\/wp-json\/wp\/v2\/posts"}],"about":[{"href":"https:\/\/www.europesays.com\/cz\/wp-json\/wp\/v2\/types\/post"}],"author":[{"embeddable":true,"href":"https:\/\/www.europesays.com\/cz\/wp-json\/wp\/v2\/users\/2"}],"replies":[{"embeddable":true,"href":"https:\/\/www.europesays.com\/cz\/wp-json\/wp\/v2\/comments?post=72810"}],"version-history":[{"count":0,"href":"https:\/\/www.europesays.com\/cz\/wp-json\/wp\/v2\/posts\/72810\/revisions"}],"wp:featuredmedia":[{"embeddable":true,"href":"https:\/\/www.europesays.com\/cz\/wp-json\/wp\/v2\/media\/72811"}],"wp:attachment":[{"href":"https:\/\/www.europesays.com\/cz\/wp-json\/wp\/v2\/media?parent=72810"}],"wp:term":[{"taxonomy":"category","embeddable":true,"href":"https:\/\/www.europesays.com\/cz\/wp-json\/wp\/v2\/categories?post=72810"},{"taxonomy":"post_tag","embeddable":true,"href":"https:\/\/www.europesays.com\/cz\/wp-json\/wp\/v2\/tags?post=72810"}],"curies":[{"name":"wp","href":"https:\/\/api.w.org\/{rel}","templated":true}]}}