{"id":74204,"date":"2026-05-03T11:14:08","date_gmt":"2026-05-03T11:14:08","guid":{"rendered":"https:\/\/www.europesays.com\/cz\/74204\/"},"modified":"2026-05-03T11:14:08","modified_gmt":"2026-05-03T11:14:08","slug":"po-videu-s-krikem-na-deti-uz-jedna-ospod-zena-cz","status":"publish","type":"post","link":"https:\/\/www.europesays.com\/cz\/74204\/","title":{"rendered":"Po videu s k\u0159ikem na d\u011bti u\u017e jedn\u00e1 OSPOD \u2013 \u017dena.cz"},"content":{"rendered":"<p>Ornella sv\u00fdm vyj\u00e1d\u0159en\u00edm v\u0161e je\u0161t\u011b zhor\u0161ila<\/p>\n<p>K cel\u00e9 v\u011bci se rozhodla Koktov\u00e1 vyj\u00e1d\u0159it v <a href=\"https:\/\/www.instagram.com\/ornellakoktova\/\" target=\"_blank\" rel=\"nofollow noopener\">\u017eiv\u00e9m vys\u00edl\u00e1n\u00ed na Instagramu<\/a>, kde ale celou v\u011bc je\u0161t\u011b zhor\u0161ila. \u201eN\u011bkdo mi \u0159ekne, \u017ee m\u011b sledoval. N\u011bkoho m\u00e1te r\u00e1di, sledujete ho cel\u00e9 roky a pak v\u00e1s zm\u011bn\u00ed minutov\u00e9 video? V\u00e1\u017en\u011b v\u00e1m p\u0159ipad\u00e1, \u017ee na\u0161e d\u011bti jsou t\u00fdran\u00e9?\u2026 Jako hal\u00f3? Co si to v\u016fbec dovolujete? Nic jsem neud\u011blala\u2026 a jsem lyn\u010dovan\u00e1, jako bych v\u00e1m vyp\u00e1lila domy. Jste v\u016fbec norm\u00e1ln\u00ed? Mn\u011b to tedy nep\u0159ijde,\u201c \u0159\u00edk\u00e1 ve videu, kde je podle n\u00e1zoru n\u011bkter\u00fdch opil\u00e1 a kter\u00e9 n\u00e1sledn\u011b ze sv\u00e9ho profilu smazala. A neodpustila si ani \u00fatok na ty, co ji kritizuj\u00ed. \u201eNejhor\u0161\u00ed jsou \u00fatoky, lyn\u010de, matky na matku\u2026 Kdybyste v\u011bd\u011bli, kolik v\u011bc\u00ed v\u00edm na n\u011bkter\u00e9 matky moralistky, kter\u00e9 se vyj\u00e1d\u0159ily, ale nikdy jsem je nevyt\u00e1hla\u2026\u201c tvrd\u00ed Ornella.<\/p>\n<p><script async src=\"\/\/www.instagram.com\/embed.js\"><\/script><\/p>\n","protected":false},"excerpt":{"rendered":"Ornella sv\u00fdm vyj\u00e1d\u0159en\u00edm v\u0161e je\u0161t\u011b zhor\u0161ila K cel\u00e9 v\u011bci se rozhodla Koktov\u00e1 vyj\u00e1d\u0159it v \u017eiv\u00e9m vys\u00edl\u00e1n\u00ed na Instagramu,&hellip;\n","protected":false},"author":2,"featured_media":74205,"comment_status":"","ping_status":"","sticky":false,"template":"","format":"standard","meta":{"footnotes":"","_share_on_mastodon":"0"},"categories":[10],"tags":[444,17,21,1224,16,1998,651,18,19,22,5717,20],"class_list":["post-74204","post","type-post","status-publish","format-standard","has-post-thumbnail","category-zpravy","tag-deti","tag-headlines","tag-hlavni-udalosti","tag-josef-kokta","tag-news","tag-ornella-koktova","tag-rodina","tag-top-news","tag-top-stories","tag-udalosti-dne","tag-vychova","tag-zpravy"],"share_on_mastodon":{"url":"https:\/\/pubeurope.com\/@cz\/116510357061094264","error":""},"_links":{"self":[{"href":"https:\/\/www.europesays.com\/cz\/wp-json\/wp\/v2\/posts\/74204","targetHints":{"allow":["GET"]}}],"collection":[{"href":"https:\/\/www.europesays.com\/cz\/wp-json\/wp\/v2\/posts"}],"about":[{"href":"https:\/\/www.europesays.com\/cz\/wp-json\/wp\/v2\/types\/post"}],"author":[{"embeddable":true,"href":"https:\/\/www.europesays.com\/cz\/wp-json\/wp\/v2\/users\/2"}],"replies":[{"embeddable":true,"href":"https:\/\/www.europesays.com\/cz\/wp-json\/wp\/v2\/comments?post=74204"}],"version-history":[{"count":0,"href":"https:\/\/www.europesays.com\/cz\/wp-json\/wp\/v2\/posts\/74204\/revisions"}],"wp:featuredmedia":[{"embeddable":true,"href":"https:\/\/www.europesays.com\/cz\/wp-json\/wp\/v2\/media\/74205"}],"wp:attachment":[{"href":"https:\/\/www.europesays.com\/cz\/wp-json\/wp\/v2\/media?parent=74204"}],"wp:term":[{"taxonomy":"category","embeddable":true,"href":"https:\/\/www.europesays.com\/cz\/wp-json\/wp\/v2\/categories?post=74204"},{"taxonomy":"post_tag","embeddable":true,"href":"https:\/\/www.europesays.com\/cz\/wp-json\/wp\/v2\/tags?post=74204"}],"curies":[{"name":"wp","href":"https:\/\/api.w.org\/{rel}","templated":true}]}}