{"id":74448,"date":"2026-05-03T16:28:10","date_gmt":"2026-05-03T16:28:10","guid":{"rendered":"https:\/\/www.europesays.com\/cz\/74448\/"},"modified":"2026-05-03T16:28:10","modified_gmt":"2026-05-03T16:28:10","slug":"tchajwansky-prezident-nakonec-do-svazijska-priletel","status":"publish","type":"post","link":"https:\/\/www.europesays.com\/cz\/74448\/","title":{"rendered":"Tchajwansk\u00fd prezident nakonec do Svazijska p\u0159ilet\u011bl"},"content":{"rendered":"<p class=\"c_bz\">\u201eTchaj-wan se nikdy nenech\u00e1 odradit vn\u011bj\u0161\u00edm tlakem. Na\u0161e odhodl\u00e1n\u00ed a\u00a0z\u00e1vazek vych\u00e1zej\u00ed z\u00a0p\u0159esv\u011bd\u010den\u00ed, \u017ee Tchaj-wan bude i\u00a0nad\u00e1le spolupracovat se sv\u011btem\u00a0\u2013 bez ohledu na v\u00fdzvy, kter\u00fdm \u010del\u00ed,\u201c cituje <a data-dot=\"atm-link\" target=\"_blank\" rel=\"noopener nofollow\" href=\"https:\/\/www.bbc.com\/news\/articles\/c809ln029ldo\" class=\"c_N\">BBC<\/a> tchajwansk\u00e9ho prezidenta, kter\u00fd doplnil, \u017ee douf\u00e1, \u017ee tato cesta p\u0159isp\u011bje k\u00a0je\u0161t\u011b hlub\u0161\u00edmu p\u0159\u00e1telstv\u00ed mezi Tchaj-wanem a\u00a0Svazijskem.<\/p>\n<p class=\"c_bz\">P\u016fvodn\u011b m\u011bl Svazijsko, kter\u00e9 jako jedin\u00e1 africk\u00e1 zem\u011b udr\u017euje diplomatick\u00e9 vztahy s\u00a0Tchaj-wanem, nav\u0161t\u00edvit u\u017e 22.\u00a0dubna. Na posledn\u00ed chv\u00edli mu ale m\u011bly zru\u0161it p\u0159eletov\u00e1 povolen\u00ed Seychely, Mauricius a\u00a0Madagaskar, kv\u016fli \u010demu\u017e hledal alternativn\u00ed trasu.<\/p>\n<p class=\"c_bz\"><a data-dot=\"atm-link\" target=\"_blank\" rel=\"noopener nofollow\" href=\"https:\/\/www.bloomberg.com\/news\/articles\/2026-04-29\/taiwan-leader-s-last-minute-plea-to-fly-via-europe-was-rejected?taid=69f1da98120b720001bffd1d&amp;utm_campaign=trueanthem&amp;utm_content=business&amp;utm_medium=social&amp;utm_source=twitter&amp;embedded-checkout=true\" class=\"c_N\">Agentura Bloomberg<\/a> uvedla, \u017ee Tchaj-wan oslovil i\u00a0\u010cesko a\u00a0N\u011bmecko, po \u201eintern\u00ed debat\u011b\u201c v\u0161ak ob\u011b zem\u011b p\u0159elet nepovolily. Ofici\u00e1ln\u00ed \u017e\u00e1dost v\u0161ak Tchaj-pej neodeslala, jak Novink\u00e1m sd\u011blil mluv\u010d\u00ed MZV Adam \u010c\u00f6rg\u0151.<\/p>\n<p><a data-dot=\"atm-link\" target=\"_self\" href=\"https:\/\/www.novinky.cz\/clanek\/zahranicni-cesko-odmitlo-povolit-prelet-letadlu-tchajwanskeho-prezidenta-40576130\" class=\"c_N\" rel=\"nofollow noopener\"><img height=\"1012\" width=\"1800\" src=\"https:\/\/www.europesays.com\/cz\/wp-content\/uploads\/2026\/05\/laj-cching-te.jpeg\" loading=\"lazy\" decoding=\"async\" class=\"c_t c_r c_l\"\/><\/a><\/p>\n<p class=\"c_bz\">Kdy\u017e se Peking dozv\u011bd\u011bl, \u017ee Tchaj-pej \u017e\u00e1d\u00e1 N\u011bmecko o\u00a0p\u0159elet, \u201ekontaktoval \u00fa\u0159edn\u00edky v\u00a0Berl\u00edn\u011b a\u00a0vyv\u00edjel na n\u011b tlak, aby Lajovi tranzit zam\u00edtli\u201c, sd\u011blily agentu\u0159e zdroje. Berl\u00edn nakonec uvedl, \u017ee p\u0159ist\u00e1n\u00ed Lajova letadla by na leti\u0161ti ve Frankfurtu bylo \u201eproblematick\u00e9\u201c.<\/p>\n<p class=\"c_bz\">Prezident Laj \u010cching-te tak do Svazijska dorazil asi o\u00a0dva t\u00fddny pozd\u011bji. Neuvedl v\u0161ak, kudy p\u0159esn\u011b nakonec let\u011bl.<\/p>\n<p class=\"c_bz\">\u017de by \u010cesko zam\u00edtlo p\u0159elet tchajwansk\u00e9ho letadla, na <a data-dot=\"atm-link\" target=\"_blank\" rel=\"noopener nofollow\" href=\"https:\/\/www.facebook.com\/petr.macinka\/posts\/pfbid05XyV2pAcLiEBLAAjykzjzFTw4cvdQfWasDu7FuvWbdk7ZGnhiVCQixJFg64LTueLl\" class=\"c_N\">Facebooku<\/a> nep\u0159\u00edmo odm\u00edtl i\u00a0\u0161\u00e9f \u010desk\u00e9 diplomacie Petr Macinka (Motorist\u00e9), kter\u00fd k\u00a0p\u0159\u00edsp\u011bvku p\u0159ilo\u017eil jednoduchou mapu. Na n\u00ed vyzna\u010dil Prahu, Tchaj-pej a\u00a0Mbabane, hlavn\u00ed m\u011bsto Svazijska. Nevzal v\u0161ak v\u00a0\u00favahu diplomatick\u00e1 omezen\u00ed, se kter\u00fdmi se tchajwan\u0161t\u00ed politici pot\u00fdkaj\u00ed. P\u0159\u00edmo toti\u017e Laj \u010cching-te let\u011bt nemohl, nebo\u0165 mu zem\u011b na t\u00e9to p\u0159\u00edm\u00e9 trase, jako je Madagaskar a\u00a0Mosambik, kv\u016fli vztah\u016fm s\u00a0\u010c\u00ednou podle dostupn\u00fdch informac\u00ed nepovolily p\u0159elet.<\/p>\n<p class=\"c_bz\">Tchajwan\u0161t\u00ed politici kv\u016fli p\u0159eletov\u00fdm probl\u00e9m\u016fm \u010dasto l\u00e9taj\u00ed jinudy, vol\u00ed Evropu, Pacifik \u010di USA. Obvykle tak\u00e9 vol\u00ed mezip\u0159ist\u00e1n\u00ed.<\/p>\n<p><a data-dot=\"atm-link\" target=\"_self\" href=\"https:\/\/www.novinky.cz\/clanek\/zahranicni-svet-v-cine-kvituji-rozhodnuti-babise-ze-vystrcila-nepusti-specialem-na-tchaj-wan-40574617\" class=\"c_N\" rel=\"nofollow noopener\"><img height=\"2304\" width=\"4096\" src=\"https:\/\/www.europesays.com\/cz\/wp-content\/uploads\/2026\/05\/65a1.jpeg\" loading=\"lazy\" decoding=\"async\" class=\"c_t c_r c_l\"\/><\/a><\/p>\n","protected":false},"excerpt":{"rendered":"\u201eTchaj-wan se nikdy nenech\u00e1 odradit vn\u011bj\u0161\u00edm tlakem. Na\u0161e odhodl\u00e1n\u00ed a\u00a0z\u00e1vazek vych\u00e1zej\u00ed z\u00a0p\u0159esv\u011bd\u010den\u00ed, \u017ee Tchaj-wan bude i\u00a0nad\u00e1le spolupracovat se&hellip;\n","protected":false},"author":2,"featured_media":74449,"comment_status":"","ping_status":"","sticky":false,"template":"","format":"standard","meta":{"footnotes":"","_share_on_mastodon":"0"},"categories":[11],"tags":[202,23677,24184,54,5019,53,52],"class_list":["post-74448","post","type-post","status-publish","format-standard","has-post-thumbnail","category-svet","tag-cina","tag-laj-cching-te","tag-svazijsko","tag-svet","tag-tchaj-wan","tag-world","tag-world-news"],"share_on_mastodon":{"url":"https:\/\/pubeurope.com\/@cz\/116511592098320287","error":""},"_links":{"self":[{"href":"https:\/\/www.europesays.com\/cz\/wp-json\/wp\/v2\/posts\/74448","targetHints":{"allow":["GET"]}}],"collection":[{"href":"https:\/\/www.europesays.com\/cz\/wp-json\/wp\/v2\/posts"}],"about":[{"href":"https:\/\/www.europesays.com\/cz\/wp-json\/wp\/v2\/types\/post"}],"author":[{"embeddable":true,"href":"https:\/\/www.europesays.com\/cz\/wp-json\/wp\/v2\/users\/2"}],"replies":[{"embeddable":true,"href":"https:\/\/www.europesays.com\/cz\/wp-json\/wp\/v2\/comments?post=74448"}],"version-history":[{"count":0,"href":"https:\/\/www.europesays.com\/cz\/wp-json\/wp\/v2\/posts\/74448\/revisions"}],"wp:featuredmedia":[{"embeddable":true,"href":"https:\/\/www.europesays.com\/cz\/wp-json\/wp\/v2\/media\/74449"}],"wp:attachment":[{"href":"https:\/\/www.europesays.com\/cz\/wp-json\/wp\/v2\/media?parent=74448"}],"wp:term":[{"taxonomy":"category","embeddable":true,"href":"https:\/\/www.europesays.com\/cz\/wp-json\/wp\/v2\/categories?post=74448"},{"taxonomy":"post_tag","embeddable":true,"href":"https:\/\/www.europesays.com\/cz\/wp-json\/wp\/v2\/tags?post=74448"}],"curies":[{"name":"wp","href":"https:\/\/api.w.org\/{rel}","templated":true}]}}