{"id":74769,"date":"2026-05-04T04:33:14","date_gmt":"2026-05-04T04:33:14","guid":{"rendered":"https:\/\/www.europesays.com\/cz\/74769\/"},"modified":"2026-05-04T04:33:14","modified_gmt":"2026-05-04T04:33:14","slug":"lumpove-a-gauneri-uz-neutecou-kia-predstavila-policejni-special-ktery-meni-pravidla-hry","status":"publish","type":"post","link":"https:\/\/www.europesays.com\/cz\/74769\/","title":{"rendered":"Lumpov\u00e9 a\u00a0gaune\u0159i u\u017e neute\u010dou: Kia p\u0159edstavila policejn\u00ed speci\u00e1l, kter\u00fd m\u011bn\u00ed pravidla hry"},"content":{"rendered":"<p class=\"b_bq\"><a data-dot=\"atm-link\" target=\"_blank\" href=\"https:\/\/www.garaz.cz\/clanek\/novinky-ze-sveta-automobilek-kia-bude-opravdu-vyrabet-auto-ktere-vypada-jako-futuristicky-koncept-jmenovat-se-bude-pv5-21014308\" class=\"b_X\" rel=\"nofollow noopener\">Kia PV5<\/a>\u00a0je bateriov\u011b poh\u00e1n\u011bn\u00e1 elektrick\u00e1 dod\u00e1vka nov\u00e9 generace slou\u017e\u00edc\u00ed pro p\u0159epravu osob i\u00a0n\u00e1kladu. V\u00a0Ji\u017en\u00ed Koreji se ov\u0161em p\u0159edstavila speci\u00e1ln\u00ed policejn\u00ed varianta s\u00a0<a data-dot=\"atm-link\" target=\"_blank\" href=\"https:\/\/www.garaz.cz\/clanek\/reportaze-policie-pry-pristi-rok-nasadi-k-mereni-rychlosti-drony-zjistili-jsme-jestli-je-to-pravda-21015789\" class=\"b_X\" rel=\"nofollow noopener\">dronem<\/a> a\u00a0chytr\u00fdmi kamerami.<\/p>\n<p><a data-dot=\"atm-link\" aria-hidden=\"true\" tabindex=\"-1\" href=\"https:\/\/www.garaz.cz\/clanek\/novinky-kia-seltos-2026-motor-manual-kufr-21016822\" class=\"b_X o_gP\" rel=\"nofollow noopener\" target=\"_blank\"><img fetchpriority=\"high\" height=\"997\"   width=\"1773\" src=\"https:\/\/www.europesays.com\/cz\/wp-content\/uploads\/2026\/04\/1776501139_kia-seltos.jpeg\" loading=\"eager\" decoding=\"sync\" class=\"b_D b_B\"\/><\/a><\/p>\n<p class=\"b_bq\">Modro\u010derven\u00e9 maj\u00e1ky a\u00a0polepy je\u0161t\u011b v\u00edce umoc\u0148uj\u00ed tov\u00e1rn\u00ed futuristick\u00fd design vozu, jemu\u017e dominuje st\u0159e\u0161n\u00ed stanice pro drony. Z\u00a0n\u00ed startuje automatizovan\u00fd bezpilotn\u00ed prost\u0159edek podpo\u0159en\u00fd um\u011blou inteligenc\u00ed.<\/p>\n<p><img height=\"1406\"   width=\"2500\" src=\"https:\/\/www.europesays.com\/cz\/wp-content\/uploads\/2026\/05\/policie-kia-pv5-dron.webp.jpeg\" loading=\"eager\" decoding=\"sync\" class=\"b_D b_B\"\/>Foto: Kia<\/p>\n<p class=\"b_bq\">Dron m\u00e1 kameru s\u00a090n\u00e1sobn\u00fdm zoomem. To znamen\u00e1, \u017ee o\u00a0n\u011bm ani nebudete v\u011bd\u011bt, zat\u00edmco v\u00e1s bude z\u00a0povzd\u00e1l\u00ed sledovat.<\/p>\n<p class=\"b_bq\">Stroj um\u00ed hl\u00eddkovat v\u00a0\u00fazk\u00fdch ulic\u00edch, zalet\u011bt do nebezpe\u010dn\u00fdch m\u00edst a\u00a0tak\u00e9 tam, kam se auto nebo policist\u00e9 nedostanou. Dron je vybaven termoviz\u00ed a\u00a0kamerou s\u00a0devades\u00e1tin\u00e1sobn\u00fdm p\u0159ibl\u00ed\u017een\u00edm, co\u017e se hod\u00ed p\u0159i pron\u00e1sledov\u00e1n\u00ed lump\u016f nebo hled\u00e1n\u00ed poh\u0159e\u0161ovan\u00fdch osob. Energii pro vlastn\u00ed baterii pak dron d\u00edky funkci V2L z\u00edsk\u00e1v\u00e1 p\u0159\u00edmo z\u00a0trak\u010dn\u00edho akumul\u00e1toru dod\u00e1vky.<\/p>\n<p class=\"b_bq\">St\u0159e\u0161n\u00ed stanice m\u00e1 nav\u00edc t\u0159i kamery, kter\u00e9 dohromady zab\u00edraj\u00ed \u00fahel 360\u00a0stup\u0148\u016f a\u00a0pr\u00fd nemaj\u00ed slep\u00e1 m\u00edsta. Software op\u011bt podporuje <a data-dot=\"atm-link\" target=\"_blank\" href=\"https:\/\/www.garaz.cz\/clanek\/zajimavosti-nove-kamery-s-umelou-inteligenci-desi-svou-efektivitou-jedina-zaridila-pres-1-000-pokut-za-ctyri-dny-21016094\" class=\"b_X\" rel=\"nofollow noopener\">um\u011bl\u00e1 inteligence<\/a>, kter\u00e1 um\u00ed detekovat podez\u0159el\u00e9 osoby, ozna\u010dovat potenci\u00e1ln\u00ed hrozby, m\u011b\u0159it hustotu davu nebo naj\u00edt \u010dlov\u011bka se zbran\u00ed \u010di zbran\u011b samotn\u00e9.<\/p>\n<p><img height=\"1406\"   width=\"2500\" src=\"https:\/\/www.europesays.com\/cz\/wp-content\/uploads\/2026\/05\/1777869192_903_policie-kia-pv5-dron.webp.jpeg\" loading=\"eager\" decoding=\"sync\" class=\"b_D b_B\"\/>Foto: Kia<\/p>\n<p class=\"b_bq\">Nutno dodat, \u017ee podobn\u00fd v\u00edce\u00fa\u010delov\u00fd monitorovac\u00ed software nen\u00ed p\u0159elomov\u00fd, proto\u017ee se u\u017e pou\u017e\u00edv\u00e1 nap\u0159\u00edklad na leti\u0161t\u00edch nebo v\u00a0nemocnic\u00edch, ov\u0161em jeho nasazen\u00ed v\u00a0aut\u011b je zat\u00edm sp\u00ed\u0161e ojedin\u011bl\u00e9. Pilotn\u00ed provoz taktick\u00e9 dod\u00e1vky PV5\u00a0korejsk\u00e1 policie zah\u00e1j\u00ed u\u017e letos v\u00a0\u010dervnu, prim\u00e1rn\u011b bude auto slou\u017eit pro prevenci a\u00a0rychl\u00e9 z\u00e1sahy.<\/p>\n<p><a data-dot=\"atm-link\" aria-hidden=\"true\" tabindex=\"-1\" href=\"https:\/\/www.novinky.cz\/clanek\/auto-kia-seltos-miri-do-evropy-popularni-suv-nabidne-radu-inovaci-40573469\" class=\"b_X o_gP\" rel=\"nofollow noopener\" target=\"_blank\"><img height=\"562\"   width=\"1000\" src=\"https:\/\/www.europesays.com\/cz\/wp-content\/uploads\/2026\/05\/kia-seltos-suv.jpeg\" loading=\"eager\" decoding=\"sync\" class=\"b_D b_B\"\/><\/a><\/p>\n<p class=\"b_bq\">Zat\u00edm se po\u010d\u00edt\u00e1 s\u00a0exkluzivn\u00edm nasazen\u00edm v\u00a0Ji\u017en\u00ed Koreji, ale jestli se koncepce osv\u011bd\u010d\u00ed, mohl by si policejn\u00ed speci\u00e1l s\u00a0dronem naj\u00edt m\u00edsto i\u00a0v jin\u00fdch zem\u00edch. L\u00edbil by se v\u00e1m v\u00a0\u010cesku?<\/p>\n<p>Co byste \u0159ekli na policejn\u00ed Kiu PV5 s dronem a um\u011blou inteligenc\u00ed v \u010cesku?<\/p>\n<p>Takov\u00fd v\u016fz by m\u011bl u \u010desk\u00e9 policie slou\u017eit!<\/p>\n<p>Nemysl\u00edm si, \u017ee je vhodn\u00fd do na\u0161ich podm\u00ednek.<\/p>\n<p>V\u016fbec! A\u0165 z\u016fstane v Koreji&#8230;<\/p>\n<p>Celkem<br \/>\n\t\t\t\thlasovalo<br \/>\n\t\t\t\t37<br \/>\n\t\t\t\t\u010dten\u00e1\u0159\u016f.<\/p>\n","protected":false},"excerpt":{"rendered":"Kia PV5\u00a0je bateriov\u011b poh\u00e1n\u011bn\u00e1 elektrick\u00e1 dod\u00e1vka nov\u00e9 generace slou\u017e\u00edc\u00ed pro p\u0159epravu osob i\u00a0n\u00e1kladu. V\u00a0Ji\u017en\u00ed Koreji se ov\u0161em p\u0159edstavila&hellip;\n","protected":false},"author":2,"featured_media":74770,"comment_status":"","ping_status":"","sticky":false,"template":"","format":"standard","meta":{"footnotes":"","_share_on_mastodon":"0"},"categories":[15],"tags":[464,133,7930,8048,94,93],"class_list":["post-74769","post","type-post","status-publish","format-standard","has-post-thumbnail","category-sport","tag-drony","tag-elektromobily-ev","tag-kia","tag-kia-pv5","tag-sport","tag-sports"],"share_on_mastodon":{"url":"https:\/\/pubeurope.com\/@cz\/116514442729414917","error":""},"_links":{"self":[{"href":"https:\/\/www.europesays.com\/cz\/wp-json\/wp\/v2\/posts\/74769","targetHints":{"allow":["GET"]}}],"collection":[{"href":"https:\/\/www.europesays.com\/cz\/wp-json\/wp\/v2\/posts"}],"about":[{"href":"https:\/\/www.europesays.com\/cz\/wp-json\/wp\/v2\/types\/post"}],"author":[{"embeddable":true,"href":"https:\/\/www.europesays.com\/cz\/wp-json\/wp\/v2\/users\/2"}],"replies":[{"embeddable":true,"href":"https:\/\/www.europesays.com\/cz\/wp-json\/wp\/v2\/comments?post=74769"}],"version-history":[{"count":0,"href":"https:\/\/www.europesays.com\/cz\/wp-json\/wp\/v2\/posts\/74769\/revisions"}],"wp:featuredmedia":[{"embeddable":true,"href":"https:\/\/www.europesays.com\/cz\/wp-json\/wp\/v2\/media\/74770"}],"wp:attachment":[{"href":"https:\/\/www.europesays.com\/cz\/wp-json\/wp\/v2\/media?parent=74769"}],"wp:term":[{"taxonomy":"category","embeddable":true,"href":"https:\/\/www.europesays.com\/cz\/wp-json\/wp\/v2\/categories?post=74769"},{"taxonomy":"post_tag","embeddable":true,"href":"https:\/\/www.europesays.com\/cz\/wp-json\/wp\/v2\/tags?post=74769"}],"curies":[{"name":"wp","href":"https:\/\/api.w.org\/{rel}","templated":true}]}}