{"id":75748,"date":"2026-05-04T22:04:12","date_gmt":"2026-05-04T22:04:12","guid":{"rendered":"https:\/\/www.europesays.com\/cz\/75748\/"},"modified":"2026-05-04T22:04:12","modified_gmt":"2026-05-04T22:04:12","slug":"hokejistou-sezony-je-po-deseti-letech-znovu-cervenka","status":"publish","type":"post","link":"https:\/\/www.europesays.com\/cz\/75748\/","title":{"rendered":"Hokejistou sezony je po deseti letech znovu \u010cervenka"},"content":{"rendered":"<p class=\"e_bW\">Hokejistou sezony byl vyhl\u00e1\u0161en \u00fato\u010dn\u00edk Roman \u010cervenka z\u00a0Pardubic, kter\u00fd se vr\u00e1til na tr\u016fn pro nejlep\u0161\u00edho hr\u00e1\u010de dom\u00e1c\u00ed nejvy\u0161\u0161\u00ed sout\u011b\u017ee po deseti letech. Opora Dynama dnes na galave\u010deru v\u00a0Praze p\u0159evzala \u010dty\u0159i ceny. Vedle triumfu v\u00a0hlavn\u00ed anket\u011b se \u010cervenka stal nejlep\u0161\u00edm hr\u00e1\u010dem play off, nejproduktivn\u011bj\u0161\u00edm hr\u00e1\u010dem z\u00e1kladn\u00ed \u010d\u00e1sti a\u00a0z\u00edskal i\u00a0cenu pro nej\u010dast\u011bji volen\u00e9ho hr\u00e1\u010de utk\u00e1n\u00ed.<\/p>\n<p class=\"e_bW\">Dvojn\u00e1sobn\u00fd mistr sv\u011bta se v\u00fdrazn\u011b pod\u00edlel na v\u00edt\u011bzstv\u00ed Pardubic v\u00a0z\u00e1kladn\u00ed \u010d\u00e1sti extraligy a\u00a0n\u00e1sledn\u00e9m zisku titulu.<\/p>\n<p class=\"e_bW\">\u201eNep\u0159em\u00fd\u0161lel jsem nad t\u00edm, kolik cen mohu z\u00edskat. Vid\u00edm, \u017ee jsou \u010dty\u0159i, tak\u017ee jsem spokojen\u00fd,\u201c \u0159ekl \u010cervenka, kter\u00fd galave\u010der opanoval. \u201eKdy\u017e jsem se vracel do \u010desk\u00e9 extraligy, tak jsem cht\u011bl hr\u00e1t play off a\u00a0z\u00e1pasy na konci sezony. Jsem r\u00e1d, \u017ee se mi to poda\u0159ilo, i\u00a0kdy\u017e a\u017e ve druh\u00e9 sezon\u011b. V\u011b\u0159\u00edm, \u017ee je\u0161t\u011b n\u011bjak\u00e9 \u00fasp\u011bchy p\u0159id\u00e1me,\u201c dodal \u010dty\u0159icetilet\u00fd \u00fato\u010dn\u00edk, jen\u017e do Dynama p\u0159i\u0161el p\u0159edloni ze \u0160v\u00fdcarska.<\/p>\n<p class=\"e_bW\">P\u011bt trofej\u00ed si z\u00a0galave\u010dera odnesli z\u00e1stupci Karlov\u00fdch Var\u016f. Sedmn\u00e1ctilet\u00fd Petr Tomek byl vyhl\u00e1\u0161en nejlep\u0161\u00edm nov\u00e1\u010dkem a\u00a0z\u00edskal Zlatou helmu za nejvyda\u0159en\u011bj\u0161\u00ed akci sezony v\u00a0hlasov\u00e1n\u00ed fanou\u0161k\u016f. Dominik Frodl obdr\u017eel cenu pro nejlep\u0161\u00edho brank\u00e1\u0159e, nejlep\u0161\u00edm tren\u00e9rem vyhl\u00e1sila \u010cTK Pavla Pateru a\u00a0premi\u00e9rov\u00fdm dr\u017eitelem ceny Kaufland Ice:time pro hr\u00e1\u010de do 23\u00a0let se stal David Moravec.<\/p>\n<p><a data-dot=\"mol-article-card-media\" aria-hidden=\"true\" tabindex=\"-1\" href=\"https:\/\/www.seznamzpravy.cz\/clanek\/sport-hokej-komentar-pardubice-maji-vysneny-titul-ted-musi-mirit-jeste-vys-305090\" class=\"e_n f_l0\" rel=\"nofollow noopener\" target=\"_blank\"><img fetchpriority=\"high\" height=\"1012\"   width=\"1800\" src=\"https:\/\/www.europesays.com\/cz\/wp-content\/uploads\/2026\/04\/dedek.jpeg\" loading=\"eager\" decoding=\"sync\" class=\"e_aa e_Z\"\/><\/a><a data-dot=\"mol-article-card-media\" aria-hidden=\"true\" tabindex=\"-1\" href=\"https:\/\/www.seznamzpravy.cz\/clanek\/sport-hokej-podnikatel-dedek-chce-prava-extraligy-nabizi-obri-sumu-na-15-let-305204\" class=\"e_n f_l0\" rel=\"nofollow noopener\" target=\"_blank\"><img height=\"1012\"   width=\"1800\" src=\"https:\/\/www.europesays.com\/cz\/wp-content\/uploads\/2026\/05\/1777744151_871_hokej.jpeg\" loading=\"eager\" decoding=\"sync\" class=\"e_aa e_Z\"\/><\/a><\/p>\n<p class=\"e_bW\">Nejlep\u0161\u00edm obr\u00e1ncem byl zvolen Tom\u00e1\u0161 Galvas z\u00a0Liberce. Nejlep\u0161\u00edm st\u0159elcem z\u00e1kladn\u00ed \u010d\u00e1sti se stal v\u00edtkovick\u00fd \u00fato\u010dn\u00edk Anthony Nellis a\u00a0nejlep\u0161\u00edm rozhod\u010d\u00edm Miroslav Lhotsk\u00fd. Cenu za oddanost hokeji p\u0159evzal \u00fato\u010dn\u00edk Luk\u00e1\u0161 Pech. V\u00edt\u011bzem Radegast indexu se stal brn\u011bnsk\u00fd obr\u00e1nce Michal Gula\u0161i.<\/p>\n<p class=\"e_bW\">Do Klubu legend hokejov\u00e9 extraligy, kter\u00fd byl zalo\u017een v\u00a0roce 2024, byli uvedeni b\u00fdval\u00ed hokejist\u00e9 Petr B\u0159\u00edza, Ji\u0159\u00ed Vykoukal, Anton\u00edn Stavja\u0148a, Viktor H\u00fcbl, Petr S\u00fdkora, Martin Proch\u00e1zka, tren\u00e9\u0159i V\u00e1clav S\u00fdkora a\u00a0Marek S\u00fdkora, rozhod\u010d\u00ed Rudolf Potsch a\u00a0Milan Kol\u00edsek, televizn\u00ed koment\u00e1tor Robert Z\u00e1ruba a\u00a0funkcion\u00e1\u0159 Zden\u011bk Haber.<\/p>\n<p class=\"e_bW\">\u201eLeto\u0161n\u00ed v\u00fdb\u011br znovu potvrzuje, \u017ee \u010desk\u00e1 nejvy\u0161\u0161\u00ed sout\u011b\u017e stoj\u00ed na siln\u00fdch jm\u00e9nech, velk\u00fdch p\u0159\u00edb\u011bz\u00edch a\u00a0lidech, kte\u0159\u00ed j\u00ed pomohli vyr\u016fst v\u00a0respektovanou zna\u010dku. Jsem r\u00e1d, \u017ee je m\u016f\u017eeme p\u0159edstavit pr\u00e1v\u011b b\u011bhem ve\u010dera Hokejista sezony spole\u010dn\u011b s\u00a0ocen\u011bn\u00edm nejv\u00fdrazn\u011bj\u0161\u00edch osobnost\u00ed uplynul\u00e9ho ro\u010dn\u00edku,\u201c \u0159ekl \u0159editel extraligy Martin Loukota.<\/p>\n<p><a data-dot=\"mol-article-card-media\" aria-hidden=\"true\" tabindex=\"-1\" href=\"https:\/\/www.seznamzpravy.cz\/clanek\/sport-hokej-obrazem-na-hokejisty-pardubic-cekalo-plne-namesti-v-noci-zacal-mejdan-305094\" class=\"e_n f_l0\" rel=\"nofollow noopener\" target=\"_blank\"><img height=\"1012\"   width=\"1800\" src=\"https:\/\/www.europesays.com\/cz\/wp-content\/uploads\/2026\/04\/pardubice-titul.jpeg\" loading=\"eager\" decoding=\"sync\" class=\"e_aa e_Z\"\/><\/a><a data-dot=\"mol-article-card-media\" aria-hidden=\"true\" tabindex=\"-1\" href=\"https:\/\/www.seznamzpravy.cz\/clanek\/sport-hokej-vondrackova-na-lede-a-soveti-bez-sance-jedinecne-zlato-slavi-50-let-304704\" class=\"e_n f_l0\" rel=\"nofollow noopener\" target=\"_blank\"><img height=\"1012\"   width=\"1800\" src=\"https:\/\/www.europesays.com\/cz\/wp-content\/uploads\/2026\/05\/1777932252_566_hokej.jpeg\" loading=\"eager\" decoding=\"sync\" class=\"e_aa e_Z\"\/><\/a><\/p>\n","protected":false},"excerpt":{"rendered":"Hokejistou sezony byl vyhl\u00e1\u0161en \u00fato\u010dn\u00edk Roman \u010cervenka z\u00a0Pardubic, kter\u00fd se vr\u00e1til na tr\u016fn pro nejlep\u0161\u00edho hr\u00e1\u010de dom\u00e1c\u00ed nejvy\u0161\u0161\u00ed&hellip;\n","protected":false},"author":2,"featured_media":75749,"comment_status":"","ping_status":"","sticky":false,"template":"","format":"standard","meta":{"footnotes":"","_share_on_mastodon":"0"},"categories":[15],"tags":[3451,29,139,94,93,2729],"class_list":["post-75748","post","type-post","status-publish","format-standard","has-post-thumbnail","category-sport","tag-anketa","tag-hokej","tag-roman-cervenka","tag-sport","tag-sports","tag-tipsport-extraliga"],"share_on_mastodon":{"url":"https:\/\/pubeurope.com\/@cz\/116518575656216045","error":""},"_links":{"self":[{"href":"https:\/\/www.europesays.com\/cz\/wp-json\/wp\/v2\/posts\/75748","targetHints":{"allow":["GET"]}}],"collection":[{"href":"https:\/\/www.europesays.com\/cz\/wp-json\/wp\/v2\/posts"}],"about":[{"href":"https:\/\/www.europesays.com\/cz\/wp-json\/wp\/v2\/types\/post"}],"author":[{"embeddable":true,"href":"https:\/\/www.europesays.com\/cz\/wp-json\/wp\/v2\/users\/2"}],"replies":[{"embeddable":true,"href":"https:\/\/www.europesays.com\/cz\/wp-json\/wp\/v2\/comments?post=75748"}],"version-history":[{"count":0,"href":"https:\/\/www.europesays.com\/cz\/wp-json\/wp\/v2\/posts\/75748\/revisions"}],"wp:featuredmedia":[{"embeddable":true,"href":"https:\/\/www.europesays.com\/cz\/wp-json\/wp\/v2\/media\/75749"}],"wp:attachment":[{"href":"https:\/\/www.europesays.com\/cz\/wp-json\/wp\/v2\/media?parent=75748"}],"wp:term":[{"taxonomy":"category","embeddable":true,"href":"https:\/\/www.europesays.com\/cz\/wp-json\/wp\/v2\/categories?post=75748"},{"taxonomy":"post_tag","embeddable":true,"href":"https:\/\/www.europesays.com\/cz\/wp-json\/wp\/v2\/tags?post=75748"}],"curies":[{"name":"wp","href":"https:\/\/api.w.org\/{rel}","templated":true}]}}