{"id":75760,"date":"2026-05-04T22:19:11","date_gmt":"2026-05-04T22:19:11","guid":{"rendered":"https:\/\/www.europesays.com\/cz\/75760\/"},"modified":"2026-05-04T22:19:11","modified_gmt":"2026-05-04T22:19:11","slug":"ms-hokej-uz-trinacte-ms-v-kariere-cervenka-chce-byt-u-rulikova-louceni-a-prekona-cesky-rekord","status":"publish","type":"post","link":"https:\/\/www.europesays.com\/cz\/75760\/","title":{"rendered":"MS hokej | U\u017e t\u0159in\u00e1ct\u00e9 MS v\u00a0kari\u00e9\u0159e! \u010cervenka chce b\u00fdt u\u00a0Rul\u00edkova lou\u010den\u00ed a\u00a0p\u0159ekon\u00e1 \u010desk\u00fd rekord"},"content":{"rendered":"<p class=\"b_bD\">\u201ePokud se nic nestane, tak jsme domluven\u00ed, \u017ee pojedu,\u201c prohl\u00e1sil \u010cervenka na galave\u010deru Hokejista sezony, kter\u00fd ovl\u00e1dl a\u00a0krom\u011b hlavn\u00ed ceny pro nejlep\u0161\u00edho hr\u00e1\u010de extraligov\u00e9ho ro\u010dn\u00edku z\u00edskal i\u00a0t\u0159i dal\u0161\u00ed ceny.<\/p>\n<p class=\"b_bD\">\u201eJe d\u016fle\u017eit\u00e9 d\u011blat v\u0161e s\u00a0nad\u0161en\u00edm. Kdy\u017e t\u011b to bav\u00ed, tak v\u017edy pojede\u0161 r\u00e1d. J\u00e1 nav\u00edc v\u011b\u0159\u00edm, \u017ee \u010d\u00edm v\u00edce t\u011b\u017ek\u00fdch z\u00e1pas\u016f odehraje\u0161 a\u00a0zvl\u00e1dne\u0161 n\u00e1ro\u010dn\u00fdch moment\u016f, tak t\u011b to posouv\u00e1. Jak fyzicky, tak psychicky,\u201c prohl\u00e1sil \u010cervenka.<\/p>\n<p><img fetchpriority=\"high\" height=\"2731\"   width=\"4096\" src=\"https:\/\/www.europesays.com\/cz\/wp-content\/uploads\/2026\/05\/7cdb.jpeg\" loading=\"eager\" decoding=\"sync\" class=\"b_B b_z\"\/>Foto: Vlastimil Vacek, Sport.cz<\/p>\n<p class=\"b_bD\">Roman \u010cervenka s\u00a0partnerkou, here\u010dkou Michaelou Pech\u00e1\u010dkovou. <\/p>\n<p class=\"b_bD\">Dvojn\u00e1sobn\u00fd mistr sv\u011bta tak bude startovat u\u017e na t\u0159in\u00e1ct\u00e9m sv\u011btov\u00e9m \u0161ampion\u00e1tu v\u00a0kari\u00e9\u0159e, \u010d\u00edm\u017e p\u0159ekon\u00e1 rekord Davida V\u00fdborn\u00e9ho v\u00a0samostatn\u00e9 \u010desk\u00e9 historii.<\/p>\n<p class=\"b_bD\">\u201eI kdy\u017e sezona a\u00a0play off byly n\u00e1ro\u010dn\u00e9, tak tam prost\u011b chci b\u00fdt. Cel\u00fd Radim\u016fv \u0161t\u00e1b (hlavn\u00edho kou\u010de Rul\u00edka) m\u00e1 kon\u010dit a\u00a0pokud maj\u00ed z\u00e1jem a\u00a0j\u00e1 jsem zdrav\u00fd, tak si nedovedu p\u0159edstavit, \u017ee bych \u0159ekl ne,\u201c doplnil \u010cervenka.<\/p>\n<p class=\"b_bD\">Ot\u00e1zkou z\u016fst\u00e1v\u00e1, jestli na \u0161ampion\u00e1t do \u0160v\u00fdcarska pojede i\u00a0jeho klubov\u00fd spoluhr\u00e1\u010d z\u00a0Dynama Luk\u00e1\u0161 Sedl\u00e1k, jen\u017e play off hr\u00e1l se zdravotn\u00edm probl\u00e9mem.<\/p>\n<p><a data-dot=\"atm-link\" target=\"_self\" href=\"https:\/\/www.sport.cz\/clanek\/hokej-ms-pastrnak-na-ms-takrka-jiste-neprijede-a-ze-zamori-prisla-dalsi-spatna-zprava-5448345\" class=\"b_V g_iJ\" rel=\"nofollow noopener\"><img height=\"2466\" width=\"3288\" src=\"https:\/\/www.europesays.com\/cz\/wp-content\/uploads\/2026\/05\/eece.jpeg\" loading=\"eager\" decoding=\"sync\" class=\"b_B b_z\"\/><\/a><\/p>\n<p class=\"b_bD\">\u010cervenka by byl za Sedl\u00e1kovu \u00fa\u010dast pochopiteln\u011b r\u00e1d, stejn\u011b jako v\u00a0p\u0159\u00edpad\u011b dal\u0161\u00edho par\u0165\u00e1ka ze zlat\u00e9ho MS v\u00a0Praze v\u00a0roce 2024\u00a0Davida Pastr\u0148\u00e1ka. Hv\u011bzdn\u00fd \u00fato\u010dn\u00edk Bostonu se v\u0161ak v\u00a0ned\u011bli nechal sly\u0161et, \u017ee tentokr\u00e1t reprezentaci nejsp\u00ed\u0161 nepos\u00edl\u00ed.<\/p>\n<p class=\"b_bD\">\u201eNemluvil jsem s\u00a0n\u00edm, jen jsem \u010detl n\u011bjak\u00e9 titulky. Samoz\u0159ejm\u011b by bylo fajn, kdyby jel. Uvid\u00edme. Zn\u00e1te Davida, ten se rozhodne z\u00a0hodiny na hodinu,\u201c uzav\u0159el \u010cervenka.<\/p>\n<p><a data-dot=\"atm-link\" target=\"_self\" href=\"https:\/\/www.sport.cz\/clanek\/hokej-extraliga-cenu-prava-ziskal-frodl-hokejovy-galavecer-si-podmanil-cervenka-5448507\" class=\"b_V g_iJ\" rel=\"nofollow noopener\"><img height=\"2064\" width=\"2751\" src=\"https:\/\/www.europesays.com\/cz\/wp-content\/uploads\/2026\/05\/01e3.jpeg\" loading=\"eager\" decoding=\"sync\" class=\"b_B b_z\"\/><\/a><\/p>\n","protected":false},"excerpt":{"rendered":"\u201ePokud se nic nestane, tak jsme domluven\u00ed, \u017ee pojedu,\u201c prohl\u00e1sil \u010cervenka na galave\u010deru Hokejista sezony, kter\u00fd ovl\u00e1dl a\u00a0krom\u011b&hellip;\n","protected":false},"author":2,"featured_media":75761,"comment_status":"","ping_status":"","sticky":false,"template":"","format":"standard","meta":{"footnotes":"","_share_on_mastodon":"0"},"categories":[10],"tags":[28,17,21,18757,16,139,18,19,22,20],"class_list":["post-75760","post","type-post","status-publish","format-standard","has-post-thumbnail","category-zpravy","tag-ceska-hokejova-reprezentace","tag-headlines","tag-hlavni-udalosti","tag-mistrovstvi-sveta-v-hokeji","tag-news","tag-roman-cervenka","tag-top-news","tag-top-stories","tag-udalosti-dne","tag-zpravy"],"share_on_mastodon":{"url":"https:\/\/pubeurope.com\/@cz\/116518634548704495","error":""},"_links":{"self":[{"href":"https:\/\/www.europesays.com\/cz\/wp-json\/wp\/v2\/posts\/75760","targetHints":{"allow":["GET"]}}],"collection":[{"href":"https:\/\/www.europesays.com\/cz\/wp-json\/wp\/v2\/posts"}],"about":[{"href":"https:\/\/www.europesays.com\/cz\/wp-json\/wp\/v2\/types\/post"}],"author":[{"embeddable":true,"href":"https:\/\/www.europesays.com\/cz\/wp-json\/wp\/v2\/users\/2"}],"replies":[{"embeddable":true,"href":"https:\/\/www.europesays.com\/cz\/wp-json\/wp\/v2\/comments?post=75760"}],"version-history":[{"count":0,"href":"https:\/\/www.europesays.com\/cz\/wp-json\/wp\/v2\/posts\/75760\/revisions"}],"wp:featuredmedia":[{"embeddable":true,"href":"https:\/\/www.europesays.com\/cz\/wp-json\/wp\/v2\/media\/75761"}],"wp:attachment":[{"href":"https:\/\/www.europesays.com\/cz\/wp-json\/wp\/v2\/media?parent=75760"}],"wp:term":[{"taxonomy":"category","embeddable":true,"href":"https:\/\/www.europesays.com\/cz\/wp-json\/wp\/v2\/categories?post=75760"},{"taxonomy":"post_tag","embeddable":true,"href":"https:\/\/www.europesays.com\/cz\/wp-json\/wp\/v2\/tags?post=75760"}],"curies":[{"name":"wp","href":"https:\/\/api.w.org\/{rel}","templated":true}]}}