{"id":78712,"date":"2026-05-07T17:40:14","date_gmt":"2026-05-07T17:40:14","guid":{"rendered":"https:\/\/www.europesays.com\/cz\/78712\/"},"modified":"2026-05-07T17:40:14","modified_gmt":"2026-05-07T17:40:14","slug":"vychova-deti-u-perkausovych-tatinek-mavne-rukou-a-zakrici","status":"publish","type":"post","link":"https:\/\/www.europesays.com\/cz\/78712\/","title":{"rendered":"V\u00fdchova d\u011bt\u00ed u Perkausov\u00fdch: Tat\u00ednek m\u00e1vne rukou a zak\u0159i\u010d\u00ed"},"content":{"rendered":"<p>Oba chlapci jsou je\u0161t\u011b v batolec\u00edm v\u011bku, p\u0159esto se mus\u00ed pravidla u\u010dit odmali\u010dka. Zat\u00edmco mlad\u0161\u00ed syn je klidn\u011bj\u0161\u00ed povahy, ten star\u0161\u00ed um\u00ed rodi\u010de po\u0159\u00e1dn\u011b zam\u011bstnat. \u201eStar\u0161\u00ed syn je hodn\u011b divok\u00fd, zlobiv\u011bj\u0161\u00ed, mlad\u0161\u00ed je na\u0161t\u011bst\u00ed opravdu zlat\u00fd. Kdy\u017e tat\u00ednek m\u00e1vne rukou a zak\u0159i\u010d\u00ed tro\u0161ku, aspo\u0148 z n\u011bj jde respekt. Jinak mal\u00fd v\u016fbec neposlouch\u00e1,\u201c sv\u011b\u0159ila se moder\u00e1torka CNN Prima News serveru iDnes.cz.<\/p>\n<p>    <a href=\"https:\/\/www.ahaonline.cz\/clanek\/zhave-drby\/231561\/bolave-soukromi-perkausove-idylka-se-nekona.html\" rel=\"nofollow noopener\" target=\"_blank\"><\/p>\n<p>        <img decoding=\"async\" src=\"https:\/\/www.europesays.com\/cz\/wp-content\/uploads\/2026\/05\/9744236.jpg\" alt=\"Bolav\u00e9 soukrom\u00ed Perkausov\u00e9: Idylka se nekon\u00e1\" title=\"Bolav\u00e9 soukrom\u00ed Perkausov\u00e9: Idylka se nekon\u00e1\" height=\"140\" width=\"220\" class=\"lazyload \" loading=\"lazy\" \/><\/p>\n<p>    <\/a><\/p>\n<p>Kdy\u017e p\u0159ijde na v\u00fdchovu, Eva nech\u00e1v\u00e1 r\u00e1zn\u00fd p\u0159\u00edstup sp\u00ed\u0161e na sv\u00e9m man\u017eelovi a sama se sna\u017e\u00ed zachovat klid. P\u0159izn\u00e1v\u00e1 ale, \u017ee ani ona nechce b\u00fdt p\u0159\u00edli\u0161 benevolentn\u00ed a nechat na sob\u011b \u0161t\u00edpat d\u0159\u00edv\u00ed. \u201eMysl\u00edm si, \u017ee opravdu plat\u00ed metoda cukr a bi\u010d, a j\u00e1 se takov\u00e1 sna\u017e\u00edm b\u00fdt. Je pro m\u011b jako\u017eto pro m\u00e1mu t\u011b\u017ek\u00e9 b\u00fdt na d\u00edt\u011b p\u0159\u00edsn\u011bj\u0161\u00ed, ale sna\u017e\u00edm se. Nechci m\u00edt a nechci vychovat d\u011bti tak, aby byly nevychovan\u00e9 nebo rozmazlen\u00e9,\u201c vysv\u011btlila <a class=\"celebrity celebwiki\" href=\"https:\/\/celebwiki.blesk.cz\/osobnost\/3925\/eva-perkausova\/\" target=\"_blank\" rel=\"nofollow noopener\">Perkausov\u00e1<\/a>.<\/p>\n<p style=\"text-align: center;\">Eva Perkausov\u00e1: Pro\u010d si schovala \u0148adra?<\/p>\n<p>Moder\u00e1torka z\u00e1rove\u0148 s \u00fasm\u011bvem popisuje, jak odli\u0161n\u00ed jej\u00ed synov\u00e9 jsou. Ka\u017ed\u00fd z nich toti\u017e zd\u011bdil n\u011bco po jednom z rodi\u010d\u016f \u2014 nejen vzhled, ale i temperament. \u201eStar\u0161\u00ed syn je vzhledov\u011b po mn\u011b a zlobiv\u00fd po t\u00e1tovi. Mlad\u0161\u00ed je velmi klidn\u00fd, ale vzhledov\u011b je to \u00fapln\u011b m\u016fj man\u017eel. Opravdu je v nich vid\u011bt ten gen a p\u0159ijde mi kr\u00e1sn\u00e9, jak si p\u0159\u00edroda pohraje s t\u00edm, \u017ee jsou oba povahov\u011b \u00fapln\u011b jin\u00ed,\u201c dodala s\u00a0\u00fasm\u011bvem Eva Hecko Perkausov\u00e1.<\/p>\n<p>    <a href=\"https:\/\/www.ahaonline.cz\/clanek\/zhave-drby\/230820\/klobouk-dolu-pred-perkausovou-zachrana-zachycena-na-kameru.html\" rel=\"nofollow noopener\" target=\"_blank\"><\/p>\n<p>        <img decoding=\"async\" src=\"https:\/\/www.europesays.com\/cz\/wp-content\/uploads\/2026\/05\/9719491-crop.jpg\" alt=\"Klobouk dol\u016f p\u0159ed Perkausovou! Z\u00e1chrana zachycen\u00e1 na kameru\" title=\"Klobouk dol\u016f p\u0159ed Perkausovou! Z\u00e1chrana zachycen\u00e1 na kameru\" height=\"140\" width=\"220\" class=\"lazyload \" loading=\"lazy\" \/><\/p>\n<p>    <\/a><\/p>\n","protected":false},"excerpt":{"rendered":"Oba chlapci jsou je\u0161t\u011b v batolec\u00edm v\u011bku, p\u0159esto se mus\u00ed pravidla u\u010dit odmali\u010dka. Zat\u00edmco mlad\u0161\u00ed syn je klidn\u011bj\u0161\u00ed&hellip;\n","protected":false},"author":2,"featured_media":78713,"comment_status":"","ping_status":"","sticky":false,"template":"","format":"standard","meta":{"footnotes":"","_share_on_mastodon":"0"},"categories":[14],"tags":[444,79,15118,4777,4972,651,5717,80,163],"class_list":["post-78712","post","type-post","status-publish","format-standard","has-post-thumbnail","category-zabava","tag-deti","tag-entertainment","tag-eva-perkausova","tag-manzele","tag-moderatorka","tag-rodina","tag-vychova","tag-zabava","tag-zhave-drby"],"share_on_mastodon":{"url":"https:\/\/pubeurope.com\/@cz\/116534524327540887","error":""},"_links":{"self":[{"href":"https:\/\/www.europesays.com\/cz\/wp-json\/wp\/v2\/posts\/78712","targetHints":{"allow":["GET"]}}],"collection":[{"href":"https:\/\/www.europesays.com\/cz\/wp-json\/wp\/v2\/posts"}],"about":[{"href":"https:\/\/www.europesays.com\/cz\/wp-json\/wp\/v2\/types\/post"}],"author":[{"embeddable":true,"href":"https:\/\/www.europesays.com\/cz\/wp-json\/wp\/v2\/users\/2"}],"replies":[{"embeddable":true,"href":"https:\/\/www.europesays.com\/cz\/wp-json\/wp\/v2\/comments?post=78712"}],"version-history":[{"count":0,"href":"https:\/\/www.europesays.com\/cz\/wp-json\/wp\/v2\/posts\/78712\/revisions"}],"wp:featuredmedia":[{"embeddable":true,"href":"https:\/\/www.europesays.com\/cz\/wp-json\/wp\/v2\/media\/78713"}],"wp:attachment":[{"href":"https:\/\/www.europesays.com\/cz\/wp-json\/wp\/v2\/media?parent=78712"}],"wp:term":[{"taxonomy":"category","embeddable":true,"href":"https:\/\/www.europesays.com\/cz\/wp-json\/wp\/v2\/categories?post=78712"},{"taxonomy":"post_tag","embeddable":true,"href":"https:\/\/www.europesays.com\/cz\/wp-json\/wp\/v2\/tags?post=78712"}],"curies":[{"name":"wp","href":"https:\/\/api.w.org\/{rel}","templated":true}]}}