{"id":79861,"date":"2026-05-08T21:59:07","date_gmt":"2026-05-08T21:59:07","guid":{"rendered":"https:\/\/www.europesays.com\/cz\/79861\/"},"modified":"2026-05-08T21:59:07","modified_gmt":"2026-05-08T21:59:07","slug":"vdova-po-janu-potmesilovi-promluvila-po-pohrbu-dustojne-rozlouceni-ji-pomohlo-zvladnout-prvni-sok-zena-cz","status":"publish","type":"post","link":"https:\/\/www.europesays.com\/cz\/79861\/","title":{"rendered":"Vdova po Janu Potm\u011b\u0161ilovi promluvila po poh\u0159bu. D\u016fstojn\u00e9 rozlou\u010den\u00ed j\u00ed pomohlo zvl\u00e1dnout prvn\u00ed \u0161ok \u2013 \u017dena.cz"},"content":{"rendered":"<p>Pro Radku Potm\u011b\u0161ilovou bylo rozlou\u010den\u00ed nejen bolestn\u00e9, ale z\u00e1rove\u0148 i nesm\u00edrn\u011b d\u016fle\u017eit\u00e9. Pozd\u011bji <a href=\"https:\/\/www.blesk.cz\/clanek\/celebrity-ceske-celebrity\/839010\/vdova-po-janu-potmesilovi-60-dojemna-zpoved-po-pohrbu-manzela.html\" target=\"_blank\" rel=\"nofollow noopener\">popsala<\/a>, jak siln\u011b na ni zap\u016fsobila atmosf\u00e9ra cel\u00e9ho dne. \u201eT\u00fdnsk\u00fd chr\u00e1m pln\u00fd slunce, kv\u011btin, nad\u011bje a l\u00e1sky a Bro\u017e\u00edkova s\u00ed\u0148, kde se do kondolen\u010dn\u00edch knih podepsali snad v\u0161ichni, od Honzov\u00fdch spolu\u017e\u00e1k\u016f ze z\u00e1kladn\u00ed \u0161koly a\u017e po kolegy!\u201c napsala v dopise, kter\u00fdm d\u011bkovala za pomoc p\u0159i organizaci poh\u0159bu.<\/p>\n","protected":false},"excerpt":{"rendered":"Pro Radku Potm\u011b\u0161ilovou bylo rozlou\u010den\u00ed nejen bolestn\u00e9, ale z\u00e1rove\u0148 i nesm\u00edrn\u011b d\u016fle\u017eit\u00e9. Pozd\u011bji popsala, jak siln\u011b na ni&hellip;\n","protected":false},"author":2,"featured_media":79862,"comment_status":"","ping_status":"","sticky":false,"template":"","format":"standard","meta":{"footnotes":"","_share_on_mastodon":"0"},"categories":[14],"tags":[79,16277,908,6625,80],"class_list":["post-79861","post","type-post","status-publish","format-standard","has-post-thumbnail","category-zabava","tag-entertainment","tag-jan-potmesil","tag-pohreb","tag-vdova","tag-zabava"],"share_on_mastodon":{"url":"https:\/\/pubeurope.com\/@cz\/116541204894838247","error":""},"_links":{"self":[{"href":"https:\/\/www.europesays.com\/cz\/wp-json\/wp\/v2\/posts\/79861","targetHints":{"allow":["GET"]}}],"collection":[{"href":"https:\/\/www.europesays.com\/cz\/wp-json\/wp\/v2\/posts"}],"about":[{"href":"https:\/\/www.europesays.com\/cz\/wp-json\/wp\/v2\/types\/post"}],"author":[{"embeddable":true,"href":"https:\/\/www.europesays.com\/cz\/wp-json\/wp\/v2\/users\/2"}],"replies":[{"embeddable":true,"href":"https:\/\/www.europesays.com\/cz\/wp-json\/wp\/v2\/comments?post=79861"}],"version-history":[{"count":0,"href":"https:\/\/www.europesays.com\/cz\/wp-json\/wp\/v2\/posts\/79861\/revisions"}],"wp:featuredmedia":[{"embeddable":true,"href":"https:\/\/www.europesays.com\/cz\/wp-json\/wp\/v2\/media\/79862"}],"wp:attachment":[{"href":"https:\/\/www.europesays.com\/cz\/wp-json\/wp\/v2\/media?parent=79861"}],"wp:term":[{"taxonomy":"category","embeddable":true,"href":"https:\/\/www.europesays.com\/cz\/wp-json\/wp\/v2\/categories?post=79861"},{"taxonomy":"post_tag","embeddable":true,"href":"https:\/\/www.europesays.com\/cz\/wp-json\/wp\/v2\/tags?post=79861"}],"curies":[{"name":"wp","href":"https:\/\/api.w.org\/{rel}","templated":true}]}}