{"id":81635,"date":"2026-05-11T00:44:10","date_gmt":"2026-05-11T00:44:10","guid":{"rendered":"https:\/\/www.europesays.com\/cz\/81635\/"},"modified":"2026-05-11T00:44:10","modified_gmt":"2026-05-11T00:44:10","slug":"komentar-cesky-tym-pro-ms-je-bez-hvezd-rulik-vsadil-na-odvazny-vyber","status":"publish","type":"post","link":"https:\/\/www.europesays.com\/cz\/81635\/","title":{"rendered":"Koment\u00e1\u0159: \u010cesk\u00fd t\u00fdm pro MS je bez hv\u011bzd. Rul\u00edk vsadil na odv\u00e1\u017en\u00fd v\u00fdb\u011br"},"content":{"rendered":"<p class=\"e_bX\">Kl\u00ed\u010dov\u00e1 v\u011bc, podle kter\u00e9<a data-dot=\"atm-tag-link\" href=\"https:\/\/www.seznamzpravy.cz\/tag\/radim-rulik-96406\" class=\"e_n atm-tag-link\" rel=\"nofollow noopener\" target=\"_blank\"> Radim Rul\u00edk <\/a>svoji nominaci na <a data-dot=\"atm-tag-link\" href=\"https:\/\/www.seznamzpravy.cz\/tag\/mistrovstvi-sveta-v-hokeji-57097\" class=\"e_n atm-tag-link\" rel=\"nofollow noopener\" target=\"_blank\">mistrovstv\u00ed sv\u011bta<\/a> stav\u011bl, je h\u0159i\u0161t\u011b. Zd\u00e1 se to jako detail, ale nen\u00ed. Mezin\u00e1rodn\u00ed hokejov\u00e1 federace umo\u017e\u0148uje hr\u00e1t hokej na kluzi\u0161t\u00edch o\u00a0\u0161\u00ed\u0159ce 26\u00a0\u2013 30\u00a0metr\u016f. Ve \u0160v\u00fdcarsku se bude hr\u00e1t na nej\u0161ir\u0161\u00edm povolen\u00e9m rozm\u011bru, kter\u00fd u\u017e z\u00a0\u010desk\u00e9 extraligy zmizel. Trendem je sp\u00ed\u0161 h\u0159i\u0161t\u011b zu\u017eovat a\u00a0bl\u00ed\u017eit se <a data-dot=\"atm-tag-link\" href=\"https:\/\/www.seznamzpravy.cz\/tag\/nhl-57163\" class=\"e_n atm-tag-link\" rel=\"nofollow noopener\" target=\"_blank\">NHL<\/a>.<\/p>\n<p><a data-dot=\"mol-article-card-media\" aria-hidden=\"true\" tabindex=\"-1\" href=\"https:\/\/www.seznamzpravy.cz\/clanek\/sport-hokej-pesan-driv-ridil-cesky-hokej-i-drazdil-fanousky-ted-se-zklidnil-a-uspel-305092\" class=\"e_n f_l1\" rel=\"nofollow noopener\" target=\"_blank\"><img fetchpriority=\"high\" height=\"1012\"   width=\"1800\" src=\"https:\/\/www.europesays.com\/cz\/wp-content\/uploads\/2026\/04\/1777477569_113_pesan.jpeg\" loading=\"eager\" decoding=\"sync\" class=\"e_aa e_Z\"\/><\/a><\/p>\n<p class=\"e_bX\">P\u0159ed rokem vyhr\u00e1ly MS Spojen\u00e9 st\u00e1ty, proto\u017ee dok\u00e1zaly p\u0159en\u00e9st prvky z\u00e1mo\u0159sk\u00e9ho hokeje jako tlak do branky, rychl\u00e9 zakon\u010den\u00ed a\u00a0d\u016fraz na \u0161irok\u00fd evropsk\u00fd led. D\u016fvodem je, \u017ee m\u011bly v\u00fdjime\u010dn\u011b dobr\u00fd pohyb. A\u00a0takhle se nyn\u00ed sna\u017e\u00ed p\u0159em\u00fd\u0161let i\u00a0reprezenta\u010dn\u00ed kou\u010d. Aby jeho t\u00fdm usp\u011bl, mus\u00ed hlavn\u011b st\u00edhat a\u00a0dob\u0159e bruslit.<\/p>\n<p class=\"e_bX\">Je to faktor, kter\u00fd nejsp\u00ed\u0161 vy\u0159adil z\u00a0nominace i\u00a0Adama Klapku, jakkoliv to v\u00a0na\u0161ich pom\u011brech m\u016f\u017ee zn\u00edt zvl\u00e1\u0161tn\u011b.<\/p>\n<p class=\"e_bX\">V NHL je \u010cech\u016f \u010d\u00edm d\u00e1l t\u00edm m\u00e9n\u011b. Alespo\u0148 polovinu z\u00e1pas\u016f v\u00a0sezon\u011b odehr\u00e1lo jen dev\u011bt \u010cech\u016f, Klapka v\u00a0dresu Calgary byl jedn\u00edm z\u00a0nich. Dalo by se \u010dekat, \u017ee d\u00edky tomu bude m\u00edt nominaci na MS jistou. Prosadil se v\u00a0nejt\u011b\u017e\u0161\u00ed sout\u011b\u017ei sv\u011bta. Jen\u017ee nakonec nejede a\u00a0t\u00fdm je pln\u00fd hr\u00e1\u010d\u016f, kte\u0159\u00ed NHL nehraj\u00ed.<\/p>\n<p>\u010ce\u0161i, kte\u0159\u00ed v\u00a0NHL odehr\u00e1li aspo\u0148 41\u00a0z\u00e1pas\u016fTom\u00e1\u0161 Hertl (Vegas) &#8211; 82*Filip Hronek (Vancouver) &#8211; 82Ond\u0159ej Pal\u00e1t (New Jersey, NY Islanders) &#8211; 80Adam Klapka (Calgary) &#8211; 79Martin Ne\u010das (Colorado) &#8211; 78*Pavel Zacha (Boston) &#8211; 78David Pastr\u0148\u00e1k (Boston) &#8211; 77Radek Faksa (Dallas) &#8211; 58Radko Gudas (Anaheim) &#8211; 56*<\/p>\n<p class=\"e_bX\">P\u0159i posledn\u00edm p\u0159\u00edpravn\u00e9m turnaji ve \u0160v\u00e9dsku se hr\u00e1lo ve stejn\u00fdch podm\u00ednk\u00e1ch, kter\u00e9 hr\u00e1\u010de \u010dekaj\u00ed ve \u0160v\u00fdcarsku. A\u00a0tohle prost\u0159ed\u00ed Klapkovi nesed\u011blo. Mnohem v\u00edc vynikly jeho limity, ne\u017e aby prodal svoje p\u0159ednosti.<\/p>\n<p class=\"e_bX\">Kdyby se hr\u00e1lo podle pravidel NHL, nedovedu si p\u0159edstavit t\u00fdm bez Klapky. Te\u010f neuk\u00e1zal nic, \u010d\u00edm by mohl prosp\u011bt.<\/p>\n<p class=\"e_bX\">Nev\u00edm, co mu Radim Rul\u00edk \u0159ekl, jak tenhle \u0161krt od\u016fvodnil. Na tiskov\u00e9 konferenci \u0159ekl, \u017ee d\u016fvody \u0161krt\u016f \u0159ekl jenom hr\u00e1\u010d\u016fm. V\u011b\u0159\u00edm, \u017ee Klapka dom\u016f odjel na\u0161tvan\u00fd, proto\u017ee t\u011b\u017eko mohl ud\u011blat v\u00edc. \u00dasil\u00ed mu nevytknete, ne\u0159ekl bych, \u017ee ud\u011blal n\u011bco \u0161patn\u011b. Ale jakkoliv to zn\u00ed krut\u011b, tohle nen\u00ed jeho h\u0159i\u0161t\u011b. T\u0159ikr\u00e1t dostal ve \u0160v\u00e9dsku mo\u017enost uk\u00e1zat aspo\u0148 n\u011bjak\u00fd n\u00e1znak a\u00a0\u017e\u00e1dn\u00fd nenab\u00eddl.<\/p>\n<p lang=\"cs\" dir=\"ltr\">Je to tady! \ud83d\udd25 P\u0159edstavujeme v\u00e1m nominaci \u010desk\u00e9ho n\u00e1rodn\u00edho t\u00fdmu pro Mistrovstv\u00ed sv\u011bta 2026 v Curychu a Fribourgu. \ud83c\udde8\ud83c\uddff <a href=\"https:\/\/t.co\/o3GioWAINz\" rel=\"nofollow\">pic.twitter.com\/o3GioWAINz<\/a><\/p>\n<p>\u2014 \u010cesk\u00fd hokej (@czehockey) <a href=\"https:\/\/twitter.com\/czehockey\/status\/2053542229805871576?ref_src=twsrc%5Etfw\" rel=\"nofollow noopener\" target=\"_blank\">May 10, 2026<\/a><\/p>\n<p class=\"e_bX\">Jestli to takhle, nebo n\u011bjak jinak mohl tren\u00e9r formulovat i\u00a0sm\u011brem k\u00a0ve\u0159ejnosti? Jist\u011b. Tentokr\u00e1t jako kdyby z\u00e1m\u011brn\u011b p\u016fsobil odta\u017eit\u011bji. Tady by m\u011bla b\u00fdt c\u00edtit hlavn\u011b pr\u00e1ce svazu, jak chce, aby ho tren\u00e9r na ve\u0159ejnosti reprezentoval.<\/p>\n<p class=\"e_bX\">Kdy\u017e se omluvil David Pastr\u0148\u00e1k a\u00a0Martin Ne\u010das hraje play off, nem\u00e1 t\u00fdm \u017e\u00e1dnou v\u00fdraznou ofenzivn\u00ed hv\u011bzdu, kter\u00e1 pat\u0159\u00ed ke smet\u00e1nce NHL.<\/p>\n<p class=\"e_bX\">Kdy\u017e budeme hledat s\u00edlu, tak kl\u00ed\u010dov\u00fdm mu\u017eem by m\u011bl b\u00fdt jednozna\u010dn\u011b Filip Hronek, kter\u00fd v\u00a0tr\u00e1p\u00edc\u00edm se Vancouveru na prvn\u00ed pohled zapadl. Ale jak uk\u00e1zal i\u00a0na olympi\u00e1d\u011b, z\u00a0\u010dist\u011b ofenzivn\u00edho obr\u00e1nce, vysp\u011bl v\u00a0komplexn\u00edho hr\u00e1\u010de. M\u00e1 v\u00a0sob\u011b v\u0161echno, aby t\u00fdm odzadu \u0159\u00eddil. On bude te\u010f z\u00e1kladn\u00edm bodem sestavy.<\/p>\n<p>Reprezentace pod Radimem Rul\u00edkem | Sport SZ<\/p>\n<p class=\"e_bX\">MS 2025\u00a0\u2013 \u010dtvrtfin\u00e1le (por\u00e1\u017eka se \u0160v\u00e9dskem 2:5)<\/p>\n<p class=\"e_bX\">ZOH 2026\u00a0\u2013 \u010dtvrtfin\u00e1le (por\u00e1\u017eka s\u00a0Kanadou 3:4p)<\/p>\n<p class=\"e_bX\">Vep\u0159edu se daj\u00ed naj\u00edt hr\u00e1\u010di, kte\u0159\u00ed mohou m\u00edt na velk\u00e9m kluzi\u0161ti potenci\u00e1l hr\u00e1t velk\u00e9 z\u00e1pasy. Kl\u00ed\u010dem tady je, aby kombinace nekon\u010dily v\u00a0roz\u00edch h\u0159i\u0161t\u011b. K\u00a0br\u00e1n\u011b je to daleko, tak\u017ee je z\u00e1sadn\u00ed um\u011bt vyu\u017e\u00edvat rotace a\u00a0v\u00fdm\u011bny pozic. Ide\u00e1ln\u00ed je dostat se kombinac\u00ed do situace, kdy st\u0159\u00edl\u00edte po nahr\u00e1vce z\u00a0prvn\u00ed a\u00a0\u017eenete se pro dor\u00e1\u017eky.<\/p>\n<p class=\"e_bX\">Velkou s\u00edlu tady vid\u00edm v\u00a0Davidu Tom\u00e1\u0161kovi, co\u017e je p\u0159esn\u011b hr\u00e1\u010d pro tenhle styl turnaje. Nebude zaparkovan\u00fd v\u00a0hloubce sestavy, ale dostane kl\u00ed\u010dovou roli. Na velk\u00e9m h\u0159i\u0161ti vynikne jeho p\u0159ehled a\u00a0vn\u00edm\u00e1n\u00ed prostoru. Pokud m\u00e1 od tren\u00e9ra velkou d\u016fv\u011bru, p\u0159etav\u00ed ji ve velk\u00e9 momenty. Je typem hokejisty, kter\u00fd pot\u0159ebuje hr\u00e1t hodn\u011b, co\u017e te\u010f p\u0159ijde.<\/p>\n<p class=\"e_bX\">Luk\u00e1\u0161 Sedl\u00e1k byl ve v\u00fdsledku nejlep\u0161\u00edm \u010desk\u00fdm centrem na olympi\u00e1d\u011b, nav\u00edc je skv\u011ble sehran\u00fd s\u00a0Romanem \u010cervenkou. Tohle bude siln\u00fd p\u00e1r, kter\u00fd by taky nem\u011bl kon\u010dit v\u00a0roz\u00edch h\u0159i\u0161t\u011b.<\/p>\n<p class=\"e_bX\">Kdy\u017e jsem v\u00a0p\u0159\u00edpravn\u00fdch z\u00e1pasech sledoval Daniela Vo\u017een\u00edlka, v\u011b\u0159il bych te\u010f i\u00a0jeho stylu, \u017ee se um\u00ed m\u011bnit na utr\u017een\u00fd vag\u00f3n. Klubovou sezonu nem\u011bl tak z\u00e1zra\u010dnou jako p\u0159ed rokem, ale v\u00a0n\u00e1rodn\u00edm t\u00fdmu jeho d\u016fraz fungoval.<\/p>\n<p>Tren\u00e9\u0159i \u010desk\u00e9 hokejov\u00e9 reprezentace | Sport SZ2026-???: Zden\u011bk Mot\u00e1k2023\u201326: Radim Rul\u00edk2022\u201323: Kari Jalonen2020\u201322: Filip Pe\u0161\u00e1n2018\u201320: Milo\u0161 \u0158\u00edha2016\u201318: Josef Janda\u010d2015\u201316: Vladim\u00edr V\u016fjtek2014\u201315: Vladim\u00edr R\u016f\u017ei\u010dka2010\u201314: Alois Hadamczik2008\u201310: Vladim\u00edr R\u016f\u017ei\u010dka2005\u201308: Alois Hadamczik2004\u201305: Vladim\u00edr R\u016f\u017ei\u010dka2004: Ivan Hlinka2002\u201304: Slavom\u00edr Lener2000\u201302: Josef Augusta1997\u20132000: Ivan Hlinka (zpo\u010d\u00e1tku spole\u010dn\u011b se Slavom\u00edrem Lenerem, ten pak v l\u00e9t\u011b 1998 ode\u0161el do NHL)1994\u201397: Lud\u011bk Buka\u010d1993\u201394: Ivan Hlinka<\/p>\n<p class=\"e_bX\">Rul\u00edk evidentn\u011b v\u011b\u0159\u00ed i\u00a0spojen\u00ed Ji\u0159\u00ed \u010cernoch + Ond\u0159ej Ber\u00e1nek, kter\u00e9 vypad\u00e1 hodn\u011b energicky a\u00a0\u010dek\u00e1m vedle nich i\u00a0podobn\u011b zalo\u017een\u00e9ho Jana Mand\u00e1ta, kter\u00fd si nominaci vylo\u017een\u011b vyd\u0159el na posledn\u00ed chv\u00edli.<\/p>\n<p class=\"e_bX\">P\u0159ekvapit m\u016f\u017ee Maty\u00e1\u0161 Melovsk\u00fd, proto\u017ee je to mlad\u00fd centr s\u00a0kreativn\u00edm my\u0161len\u00edm. Klidn\u011b by mohl b\u00fdt hr\u00e1\u010dem, kter\u00fd bude chystat \u0161ance Dominiku Kubal\u00edkovi. Hodil by se k\u00a0nim i\u00a0bijec Jaroslav Chmela\u0159, s\u00a0Vo\u017een\u00edlkem druh\u00e9 d\u016frazn\u00e9 kladivo t\u00fdmu.<\/p>\n<p class=\"e_bX\">Trumfem by m\u011bl b\u00fdt Mat\u011bj Bl\u00fcmel, kter\u00fd se na \u010dty\u0159i roky ztratil z\u00a0\u010desk\u00e9ho radaru. Pokud bude hr\u00e1t vedle Romana \u010cervenky, klidn\u011b by z\u00a0n\u011bho mohl b\u00fdt nejlep\u0161\u00ed st\u0159elec t\u00fdmu.<\/p>\n<p class=\"e_bX\">Hodn\u011b jsem zv\u011bdav\u00fd na mlad\u00e9 obr\u00e1nce Tom\u00e1\u0161e Galvase s\u00a0Tom\u00e1\u0161em Cibulkou.<\/p>\n<p><a data-dot=\"mol-article-card-media\" aria-hidden=\"true\" tabindex=\"-1\" href=\"https:\/\/www.seznamzpravy.cz\/clanek\/sport-hokej-mlatili-ho-protoze-byl-evropan-nedal-se-a-dvere-do-nhl-otevrel-dalsim-304142\" class=\"e_n f_l1\" rel=\"nofollow noopener\" target=\"_blank\"><img height=\"1516\"   width=\"2695\" src=\"https:\/\/www.europesays.com\/cz\/wp-content\/uploads\/2026\/04\/1776584229_32_borje-salming.jpeg\" loading=\"eager\" decoding=\"sync\" class=\"e_aa e_Z\"\/><\/a><\/p>\n<p class=\"e_bX\">Progres v\u011b\u010dn\u011b rozesm\u00e1t\u00e9ho Galvase musel pot\u011b\u0161it. Od Rul\u00edka to trochu schytal za svoje p\u0159edstaven\u00ed v\u00a0\u010cesk\u00fdch Bud\u011bjovic\u00edch. Ale kdy\u017e se t\u00fdm p\u0159esunul do \u0160v\u00e9dska, uk\u00e1zal, \u017ee ch\u00e1pe, co se tren\u00e9rovi nel\u00edbilo. Zkrotil svoje drz\u00e9 hokejov\u00e9 my\u0161len\u00ed a\u00a0najednou se nepot\u0159eboval v\u00a0ka\u017ed\u00e9m st\u0159\u00edd\u00e1n\u00ed dostat do sest\u0159ih\u016f na soci\u00e1ln\u00edch s\u00edt\u00edch.<\/p>\n<p class=\"e_bX\">Vyniklo, \u017ee neztrat\u00ed puk a\u00a0dob\u0159e ho rozehraje. Tipnu si, \u017ee pr\u00e1v\u011b on bude hr\u00e1\u010d, kter\u00fd by m\u011bl um\u011bt r\u016fst s\u00a0t\u00edm, jak se mistrovstv\u00ed sv\u011bta bude vyv\u00edjet.<\/p>\n<p class=\"e_bX\">L\u00edb\u00ed se mi, \u017ee Rul\u00edk vzal do \u0160v\u00fdcarska Hronka, Galvase, Cibulku a\u00a0Tich\u00e1\u010dka\u00a0\u2013 tedy \u010dty\u0159i obr\u00e1nce, kte\u0159\u00ed maj\u00ed v\u00a0krvi podporu ofenzivy. \u010cesko t\u00edm p\u00e1dem nevsad\u00ed ve \u0160v\u00fdcarsku na beton.<\/p>\n<p class=\"e_bX\">Co se t\u00fdk\u00e1 soupisky, kdy\u017e vid\u00edte Kanadu s\u00a0osmi hr\u00e1\u010di, kte\u0159\u00ed v\u00a0NHL ud\u011blali nad 60\u00a0bod\u016f a\u00a0hv\u011bzdami typu Celebriniho, Thomase nebo Scheifeleho, polknete. Na pap\u00ed\u0159e je v\u00fd\u0161 \u0160v\u00e9dsko, Finsko se sv\u00fdm nejlep\u0161\u00edm hr\u00e1\u010dem Barkovem i\u00a0\u0160v\u00fdca\u0159i.<\/p>\n<p class=\"e_bX\">Aby se \u010cesko dostalo do semifin\u00e1le, tak jedin\u011b t\u00fdmov\u00fdm v\u00fdkonem, kde v\u0161echny formace mus\u00ed n\u011b\u010d\u00edm p\u0159isp\u011bt.<\/p>\n<p class=\"e_bX\">Drobnou v\u00fdhodou je, \u017ee dva nejsiln\u011bj\u0161\u00ed soupe\u0159e potk\u00e1 n\u00e1rodn\u00ed t\u00fdm u\u017e ve skupin\u011b. Na \u0160v\u00e9dsko a\u00a0Kanadu nem\u016f\u017ee narazit ve \u010dtvrtfin\u00e1le. Tohle budou i\u00a0dobr\u00e9 testy re\u00e1ln\u00fdch mo\u017enost\u00ed sestavy, kterou si Radim Rul\u00edk zvolil.<\/p>\n<p><script async src=\"https:\/\/platform.twitter.com\/widgets.js\" charset=\"utf-8\"><\/script><\/p>\n","protected":false},"excerpt":{"rendered":"Kl\u00ed\u010dov\u00e1 v\u011bc, podle kter\u00e9 Radim Rul\u00edk svoji nominaci na mistrovstv\u00ed sv\u011bta stav\u011bl, je h\u0159i\u0161t\u011b. Zd\u00e1 se to jako&hellip;\n","protected":false},"author":2,"featured_media":81636,"comment_status":"","ping_status":"","sticky":false,"template":"","format":"standard","meta":{"footnotes":"","_share_on_mastodon":"0"},"categories":[10],"tags":[17,21,18757,16,7847,450,139,18,19,22,20],"class_list":["post-81635","post","type-post","status-publish","format-standard","has-post-thumbnail","category-zpravy","tag-headlines","tag-hlavni-udalosti","tag-mistrovstvi-sveta-v-hokeji","tag-news","tag-nominace","tag-radim-rulik","tag-roman-cervenka","tag-top-news","tag-top-stories","tag-udalosti-dne","tag-zpravy"],"share_on_mastodon":{"url":"https:\/\/pubeurope.com\/@cz\/116553178437744780","error":""},"_links":{"self":[{"href":"https:\/\/www.europesays.com\/cz\/wp-json\/wp\/v2\/posts\/81635","targetHints":{"allow":["GET"]}}],"collection":[{"href":"https:\/\/www.europesays.com\/cz\/wp-json\/wp\/v2\/posts"}],"about":[{"href":"https:\/\/www.europesays.com\/cz\/wp-json\/wp\/v2\/types\/post"}],"author":[{"embeddable":true,"href":"https:\/\/www.europesays.com\/cz\/wp-json\/wp\/v2\/users\/2"}],"replies":[{"embeddable":true,"href":"https:\/\/www.europesays.com\/cz\/wp-json\/wp\/v2\/comments?post=81635"}],"version-history":[{"count":0,"href":"https:\/\/www.europesays.com\/cz\/wp-json\/wp\/v2\/posts\/81635\/revisions"}],"wp:featuredmedia":[{"embeddable":true,"href":"https:\/\/www.europesays.com\/cz\/wp-json\/wp\/v2\/media\/81636"}],"wp:attachment":[{"href":"https:\/\/www.europesays.com\/cz\/wp-json\/wp\/v2\/media?parent=81635"}],"wp:term":[{"taxonomy":"category","embeddable":true,"href":"https:\/\/www.europesays.com\/cz\/wp-json\/wp\/v2\/categories?post=81635"},{"taxonomy":"post_tag","embeddable":true,"href":"https:\/\/www.europesays.com\/cz\/wp-json\/wp\/v2\/tags?post=81635"}],"curies":[{"name":"wp","href":"https:\/\/api.w.org\/{rel}","templated":true}]}}