{"id":81777,"date":"2026-05-11T06:53:07","date_gmt":"2026-05-11T06:53:07","guid":{"rendered":"https:\/\/www.europesays.com\/cz\/81777\/"},"modified":"2026-05-11T06:53:07","modified_gmt":"2026-05-11T06:53:07","slug":"soud-zrusil-pravni-moc-uzemniho-rozhodnuti-na-rozsireni-casti-prazskeho-okruhu","status":"publish","type":"post","link":"https:\/\/www.europesays.com\/cz\/81777\/","title":{"rendered":"Soud zru\u0161il pr\u00e1vn\u00ed moc \u00fazemn\u00edho rozhodnut\u00ed na roz\u0161\u00ed\u0159en\u00ed \u010d\u00e1sti Pra\u017esk\u00e9ho okruhu"},"content":{"rendered":"<p>\n                                        Okruh chce \u0158SD mezi \u010cern\u00fdm Mostem a B\u011bchovicemi roz\u0161\u00ed\u0159it na 3+3 pruhy.                                    <\/p>\n<p><a href=\"https:\/\/zdopravy.cz\/sest-pruhu-z-cerneho-mostu-az-do-bechovic-rsd-ziskalo-povoleni-pro-dalsi-rozsireni-prazskeho-okruhu-279988\/\" rel=\"nofollow noopener\" target=\"_blank\">Na konci dubna<\/a> vydal Dopravn\u00ed a energetick\u00fd stavebn\u00ed \u00fa\u0159ad (DES\u00da) stavebn\u00ed povolen\u00ed pro roz\u0161\u00ed\u0159en\u00ed \u00faseku Pra\u017esk\u00e9ho okruhu D0 510 v \u00faseku \u201eChlumeck\u00e1 (u \u010cern\u00e9ho Mostu) \u2013 most p\u0159es Po\u010dernick\u00fd rybn\u00edk\u201c na \u0161est j\u00edzdn\u00edch pruh\u016f. Je\u0161t\u011b p\u0159ed uplynut\u00edm 15denn\u00ed lh\u016fty pro nabyt\u00ed pr\u00e1vn\u00ed moci v\u0161ak \u00fazemn\u00ed rozhodnut\u00ed zru\u0161il soud. Informoval o tom \u0161\u00e9f \u0158SD Radek M\u00e1tl.<\/p>\n<p>\u201eJsme ve f\u00e1zi p\u0159\u00edpravy a m\u00e1me zde ur\u010dit\u00e9 komplikace. Stala se nep\u0159\u00edjemn\u00e1 skute\u010dnost, \u017ee n\u00e1m soud zru\u0161il pr\u00e1vn\u00ed moc \u00fazemn\u00edho rozhodnut\u00ed. Budeme muset doplnit podklady, abychom to \u00fazemn\u00ed rozhodnut\u00ed z\u00edskali zp\u00e1tky a za\u010dali co nejrychleji stav\u011bt,\u201c uvedl M\u00e1tl ve sv\u00e9m podcastu.<\/p>\n<p><a class=\"col-4 mb-2 new-gallery-item\" href=\"https:\/\/zdopravy.cz\/soud-zrusil-pravni-moc-uzemniho-rozhodnuti-na-rozsireni-prazskeho-okruhu-281453\/?new_gallery=1&amp;photo=1\" data-full=\"https:\/\/zdopravy.cz\/wp-content\/uploads\/2025\/02\/d0okru.jpg\" data-index=\"0\" data-caption=\"Zkapacitn\u011bn\u00ed D0 510 B\u011bchovice - Satalice. Foto: \u0158SD\" rel=\"nofollow noopener\" target=\"_blank\"><img decoding=\"async\" alt=\"Zkapacitn\u011bn\u00ed D0 510 B\u011bchovice - Satalice. Foto: \u0158SD\" loading=\"lazy\" class=\"img-fluid\" src=\"https:\/\/www.europesays.com\/cz\/wp-content\/uploads\/2026\/05\/d0okru-300x238.jpg\"\/><\/a><\/p>\n<p>\u0158SD aktu\u00e1ln\u011b p\u0159ipravuje v\u00fdb\u011brov\u00e9 \u0159\u00edzen\u00ed na zhotovitele, paraleln\u011b prob\u00edhaly v\u00fdkupy pozemk\u016f a p\u0159\u00edprava dokumentace. Podle M\u00e1tla chce i p\u0159es sou\u010dasn\u00e9 komplikace \u0158SD stavbu realizovat nejpozd\u011bji v roce 2027.<\/p>\n<p>M\u00e1tl upozornil, \u017ee v tomto \u00faseku je u\u017e okruh co se t\u00fd\u010de \u0161\u00ed\u0159ky fyzicky p\u0159ipraven\u00fd, k roz\u0161\u00ed\u0159en\u00ed dojde hlavn\u011b na \u00fakor st\u0159edn\u00edho p\u00e1su. Stavba tak bude spo\u010d\u00edvat zejm\u00e9na v \u00faprav\u00e1ch protihlukov\u00fdch st\u011bn a n\u011bkter\u00fdch most\u016f. Pokud by se tak za\u010dalo stav\u011bt v p\u0159\u00ed\u0161t\u00edm roce, mohly by se \u00fapravy stihnout do zprovozn\u011bn\u00ed <a href=\"https:\/\/zdopravy.cz\/komplikace-na-dostavbe-prazskeho-okruhu-od-d1-resi-se-stabilita-valu-hrozi-zpozdeni-281019\/\" rel=\"nofollow noopener\" target=\"_blank\">nyn\u00ed rozestav\u011bn\u00e9ho \u00fasek od B\u011bchovic k D1<\/a>.<\/p>\n<p><a href=\"https:\/\/zdopravy.cz\/komplikace-na-dostavbe-prazskeho-okruhu-od-d1-resi-se-stabilita-valu-hrozi-zpozdeni-281019\/\" rel=\"nofollow noopener\" target=\"_blank\">Komplikace na dostavb\u011b Pra\u017esk\u00e9ho okruhu od D1. \u0158e\u0161\u00ed se stabilita val\u016f, hroz\u00ed zpo\u017ed\u011bn\u00ed<\/a><\/p>\n<p>Z\u00e1sadn\u00ed nesouhlas<\/p>\n<p>DES\u00da stavbu nepravomocn\u011b povolil s 33 podm\u00ednkami. Z dokumentu na str\u00e1nk\u00e1ch \u00fa\u0159adu v\u0161ak vypl\u00fdv\u00e1 z\u00e1sadn\u00ed nesouhlas od dvou \u00fa\u010dastn\u00edk\u016f \u0159\u00edzen\u00ed. Fyzick\u00e9 osoby, kter\u00e1 m\u00e1 v bl\u00edzkosti d\u00e1lnice rodinn\u00fd d\u016fm, a tak\u00e9 od majitel\u016f golfov\u00e9ho h\u0159i\u0161t\u011b na \u010cern\u00e9m Most\u011b.<\/p>\n<p>Roz\u0161\u00ed\u0159en\u00edm projdou celkem t\u0159i kilometry d\u00e1lnice kolem \u010cern\u00e9ho Mostu v\u010detn\u011b velk\u00e9 \u00fapravy mimo\u00farov\u0148ov\u00e9 k\u0159i\u017eovatky Horn\u00ed Po\u010dernice, kde se na Pra\u017esk\u00fd okruh napojuje d\u00e1lnice D11. Na \u00fasek pak nav\u00e1\u017ee roz\u0161\u00ed\u0159en\u00ed mostu p\u0159es Po\u010dernick\u00fd rybn\u00edk, kde ji\u017e b\u011b\u017e\u00ed sout\u011b\u017e na zhotovitele.<\/p>\n<p>Nejbl\u00ed\u017ee z\u00edsk\u00e1n\u00ed velk\u00e9 zak\u00e1zky na most je <a href=\"https:\/\/zdopravy.cz\/milion-denne-navic-ale-o-5-mesicu-drive-rozsireni-casti-prazskeho-okruhu-na-6-pruhu-je-blize-drazsi-sdruzeni-279386\/\" rel=\"nofollow noopener\" target=\"_blank\">sdru\u017een\u00ed firem Metrostav TBR a Firesta-Fi\u0161er<\/a>, rekonstrukce s cenou 1,483 miliardy korun. Stavba na d\u00e9le ne\u017e rok z\u00e1sadn\u011b omez\u00ed provoz na \u010d\u00e1sti Pra\u017esk\u00e9ho okruhu, pr\u00e1ce by m\u011bly podle Radka M\u00e1tla\u00a0za\u010d\u00edt je\u0161t\u011b letos. \u201eTa stavba bude velmi n\u00e1ro\u010dn\u00e1, proto\u017ee ten most je pot\u0159eba kompletn\u011b p\u0159estav\u011bt,\u201c \u0159ekl \u0161\u00e9f \u0158SD v podcastu.<\/p>\n<p><a href=\"https:\/\/zdopravy.cz\/milion-denne-navic-ale-o-5-mesicu-drive-rozsireni-casti-prazskeho-okruhu-na-6-pruhu-je-blize-drazsi-sdruzeni-279386\/\" rel=\"nofollow noopener\" target=\"_blank\">Milion denn\u011b nav\u00edc, ale o 5 m\u011bs\u00edc\u016f d\u0159\u00edve. Roz\u0161\u00ed\u0159en\u00ed \u010d\u00e1sti Pra\u017esk\u00e9ho okruhu na 6 pruh\u016f je bl\u00ed\u017ee dra\u017e\u0161\u00ed sdru\u017een\u00ed<\/a><\/p>\n<p>Na t\u0159i kilometry dlouh\u00e9m \u00faseku lze o\u010dek\u00e1vat v\u00fdrazn\u00fd n\u00e1r\u016fst provozu po dokon\u010den\u00ed \u010d\u00e1sti Pra\u017esk\u00e9ho okruhu z B\u011bchovic na d\u00e1lnici D1. Podle progn\u00f3z Technick\u00e9 spr\u00e1vy komunikac\u00ed, \u010cVUT a \u0158SD m\u00e1 v \u00faseku mezi B\u011bchovicemi a Satalicemi proj\u00ed\u017ed\u011bt 133\u2013150 tis\u00edc vozidel denn\u011b. Odhadovan\u00e9 n\u00e1klady za posledn\u00edch p\u011bt let v\u00fdrazn\u011b stouply: z 994 milion\u016f korun na 1,674 miliardy korun. \u0158SD u\u017e d\u0159\u00edve roz\u0161\u00ed\u0159ilo v tomto \u00faseku mosty p\u0159es Chlumeckou ulici.<\/p>\n<p>V mezik\u0159i\u017eovatkov\u00fdch \u00fasec\u00edch bude okruh v uspo\u0159\u00e1d\u00e1n\u00ed 2\u00d73 j\u00edzdn\u00ed pruhy a 2\u00d71 odbo\u010dovac\u00ed (respektive p\u0159ipojovac\u00ed) pruhy. Kv\u016fli tomu se na vn\u011bj\u0161\u00ed stranu d\u00e1lnice roz\u0161\u00ed\u0159\u00ed a\u017e o 1,75 metru. D\u00e1lni\u010dn\u00ed mosty p\u0159es ulici Hartenbersk\u00e1 a N\u00e1rodn\u00edch hrdin\u016f budou zbour\u00e1ny a postaveny znovu. Detailn\u011b stavbu\u00a0<a href=\"https:\/\/apdos.roadmedia.cz\/Upload\/Stavby\/507\/infoletak_d0-510-satalice-bechovice.pdf?t=2023-10-09%2015:52:05.494\" target=\"_blank\" rel=\"noopener nofollow\">popisuje informa\u010dn\u00ed let\u00e1k<\/a>.<\/p>\n<p>                                                        Tagy<\/p>\n<p>                                                                                                                                                                                                                            <a href=\"https:\/\/zdopravy.cz\/tag\/d0-510\/\" type=\"button\" class=\"btn btn-secondary mb-1 btn-sm\" rel=\"nofollow noopener\" target=\"_blank\"><br \/>\n                                                                D0 510                                                            <\/a><br \/>\n                                                                                                                                                                                                                                <a href=\"https:\/\/zdopravy.cz\/tag\/d0-510-satalice-bechovice\/\" type=\"button\" class=\"btn btn-secondary mb-1 btn-sm\" rel=\"nofollow noopener\" target=\"_blank\"><br \/>\n                                                                D0 510 Satalice \u2013 B\u011bchovice                                                            <\/a><br \/>\n                                                                                                                                                                                                                                <a href=\"https:\/\/zdopravy.cz\/tag\/d0-510-satalice-bechovice-zkapacitneni\/\" type=\"button\" class=\"btn btn-secondary mb-1 btn-sm\" rel=\"nofollow noopener\" target=\"_blank\"><br \/>\n                                                                D0 510 Satalice \u2013 B\u011bchovice zkapacitn\u011bn\u00ed                                                            <\/a><br \/>\n                                                                                                                                                                                                                                <a href=\"https:\/\/zdopravy.cz\/tag\/dopravni-a-energeticky-stavebni-urad-desu\/\" type=\"button\" class=\"btn btn-secondary mb-1 btn-sm\" rel=\"nofollow noopener\" target=\"_blank\"><br \/>\n                                                                Dopravn\u00ed a energetick\u00fd stavebn\u00ed \u00fa\u0159ad (DES\u00da)                                                            <\/a><br \/>\n                                                                                                                                                                                                                                <a href=\"https:\/\/zdopravy.cz\/tag\/radek-matl\/\" type=\"button\" class=\"btn btn-secondary mb-1 btn-sm\" rel=\"nofollow noopener\" target=\"_blank\"><br \/>\n                                                                Radek M\u00e1tl                                                            <\/a><br \/>\n                                                                                                                                                                                                                                <a href=\"https:\/\/zdopravy.cz\/tag\/rsd-cr\/\" type=\"button\" class=\"btn btn-secondary mb-1 btn-sm\" rel=\"nofollow noopener\" target=\"_blank\"><br \/>\n                                                                \u0158SD \u010cR                                                            <\/a><\/p>\n<p>                                                <a href=\"https:\/\/zdopravy.cz\/soud-zrusil-pravni-moc-uzemniho-rozhodnuti-na-rozsireni-prazskeho-okruhu-281453\/?comments=1#comments\" class=\"ml-3 text-body mb-3 mt-4 d-inline-block\" rel=\"nofollow noopener\" target=\"_blank\"><\/p>\n<p>                                                    5 koment\u00e1\u0159\u016f                                                <\/a><\/p>\n","protected":false},"excerpt":{"rendered":"Okruh chce \u0158SD mezi \u010cern\u00fdm Mostem a B\u011bchovicemi roz\u0161\u00ed\u0159it na 3+3 pruhy. Na konci dubna vydal Dopravn\u00ed a&hellip;\n","protected":false},"author":2,"featured_media":68226,"comment_status":"","ping_status":"","sticky":false,"template":"","format":"standard","meta":{"footnotes":"","_share_on_mastodon":"0"},"categories":[7],"tags":[43,42,41,40,22871,22872,22873,8056,8961,1328,119],"class_list":["post-81777","post","type-post","status-publish","format-standard","has-post-thumbnail","category-cesko","tag-ceska-republika","tag-cesko","tag-czech-republic","tag-czechia","tag-d0-510","tag-d0-510-satalice-bechovice","tag-d0-510-satalice-bechovice-zkapacitneni","tag-dopravni-a-energeticky-stavebni-urad-desu","tag-radek-matl","tag-rsd-cr","tag-seznam"],"share_on_mastodon":{"url":"https:\/\/pubeurope.com\/@cz\/116554629429084514","error":""},"_links":{"self":[{"href":"https:\/\/www.europesays.com\/cz\/wp-json\/wp\/v2\/posts\/81777","targetHints":{"allow":["GET"]}}],"collection":[{"href":"https:\/\/www.europesays.com\/cz\/wp-json\/wp\/v2\/posts"}],"about":[{"href":"https:\/\/www.europesays.com\/cz\/wp-json\/wp\/v2\/types\/post"}],"author":[{"embeddable":true,"href":"https:\/\/www.europesays.com\/cz\/wp-json\/wp\/v2\/users\/2"}],"replies":[{"embeddable":true,"href":"https:\/\/www.europesays.com\/cz\/wp-json\/wp\/v2\/comments?post=81777"}],"version-history":[{"count":0,"href":"https:\/\/www.europesays.com\/cz\/wp-json\/wp\/v2\/posts\/81777\/revisions"}],"wp:featuredmedia":[{"embeddable":true,"href":"https:\/\/www.europesays.com\/cz\/wp-json\/wp\/v2\/media\/68226"}],"wp:attachment":[{"href":"https:\/\/www.europesays.com\/cz\/wp-json\/wp\/v2\/media?parent=81777"}],"wp:term":[{"taxonomy":"category","embeddable":true,"href":"https:\/\/www.europesays.com\/cz\/wp-json\/wp\/v2\/categories?post=81777"},{"taxonomy":"post_tag","embeddable":true,"href":"https:\/\/www.europesays.com\/cz\/wp-json\/wp\/v2\/tags?post=81777"}],"curies":[{"name":"wp","href":"https:\/\/api.w.org\/{rel}","templated":true}]}}