{"id":82369,"date":"2026-05-11T16:33:12","date_gmt":"2026-05-11T16:33:12","guid":{"rendered":"https:\/\/www.europesays.com\/cz\/82369\/"},"modified":"2026-05-11T16:33:12","modified_gmt":"2026-05-11T16:33:12","slug":"moznost-uteku-zesmesnoval-ted-polsky-politik-uz-podruhe-uprchl-pred-stihanim","status":"publish","type":"post","link":"https:\/\/www.europesays.com\/cz\/82369\/","title":{"rendered":"Mo\u017enost \u00fat\u011bku zesm\u011b\u0161\u0148oval. Te\u010f polsk\u00fd politik u\u017e podruh\u00e9 uprchl p\u0159ed st\u00edh\u00e1n\u00edm"},"content":{"rendered":"<p class=\"e_bX\">Usm\u00edv\u00e1 se a\u00a0telefonuje. Fotografii, na kter\u00e9 je b\u00fdval\u00fd polsk\u00fd ministr spravedlnosti Zbigniew Ziobro, poslal polsk\u00e9 televizi TVN24\u00a0jeden z\u00a0div\u00e1k\u016f.<\/p>\n<p class=\"e_bX\">Ziobro, toho \u010dasu st\u00e1le poslanec polsk\u00e9 opozi\u010dn\u00ed strany Pr\u00e1vo a\u00a0spravedlnost (PiS), byl vyfotografov\u00e1n o\u00a0v\u00edkendu z\u0159ejm\u011b na leti\u0161ti Newark v\u00a0americk\u00e9m st\u00e1t\u011b New Jersey.<\/p>\n<p class=\"e_bX\">Pravd\u011bpodobn\u011b \u0161lo jen o\u00a0p\u0159estup mezi Evropou a\u00a0dal\u0161\u00ed destinac\u00ed ve Spojen\u00fdch st\u00e1tech.<\/p>\n<p>\u00dat\u011bk p\u0159ed novou vl\u00e1dou v\u00a0Ma\u010farsku<\/p>\n<p class=\"e_bX\">V trumpovsk\u00e9 Americe na\u0161el Ziobro nov\u00e9 \u00fato\u010di\u0161t\u011b. P\u0159ilet\u011bl tam z\u00a0Ma\u010farska v\u00a0den, kdy parlament v\u00a0Budape\u0161ti ve funkci nov\u00e9ho premi\u00e9ra potvrdil P\u00e9tera Magyara. Z\u00a0Budape\u0161ti odlet\u011bl \u00fadajn\u011b jen chv\u00edli p\u0159ed Magyarov\u00fdm sobotn\u00edm zvolen\u00edm.<\/p>\n<p class=\"e_bX\">Pr\u00e1v\u011b l\u00eddr hnut\u00ed Tisza hned po vyhran\u00fdch volb\u00e1ch avizoval, \u017ee Ziobra i\u00a0jeho n\u011bkdej\u0161\u00edho n\u00e1m\u011bstka Marcina Romanowsk\u00e9ho vyd\u00e1 do Polska \u201ehned prvn\u00ed den ve funkci\u201c.<\/p>\n<p class=\"e_bX\">\u201eMa\u010farsko nebude azylov\u00fdm domem pro mezin\u00e1rodn\u00ed zlo\u010dince. Radil jsem jim, aby si tu nekupovali n\u00e1bytek, proto\u017ee tu dlouho nez\u016fstanou,\u201c prohl\u00e1sil Magyar.<\/p>\n<p class=\"e_bX\">N\u00e1bytek si u\u017e nekupujte. Nov\u00fd ma\u010farsk\u00fd premi\u00e9r vyslal Ziobrovi a\u00a0Romanowsk\u00e9mu ostr\u00fd vzkaz (video je ze 13.\u00a0dubna 2026).Video: Reuters<\/p>\n<p class=\"e_bX\">Oba poslanci PiS se toti\u017e do Ma\u010farska uch\u00fdlili kv\u016fli trestn\u00edmu st\u00edh\u00e1n\u00ed, kter\u00e9mu \u010del\u00ed v\u00a0Polsku. Podle prokuratury m\u011bli b\u00fdval\u00ed prominenti vl\u00e1dy strany PiS tunelovat fond ministerstva spravedlnosti p\u016fvodn\u011b ur\u010den\u00fd na pomoc ob\u011btem trestn\u00fdch \u010din\u016f a\u00a0prevenci kriminality.<\/p>\n<p>Nejd\u0159\u00edv azyl od Orb\u00e1na<\/p>\n<p class=\"e_bX\">Pen\u00edze m\u011bly za Ziobra sm\u011b\u0159ovat mimo jin\u00e9 medi\u00e1ln\u00edm a\u00a0n\u00e1bo\u017eensk\u00fdm organizac\u00edm bl\u00edzk\u00fdm tehdej\u0161\u00ed konzervativn\u00ed vl\u00e1d\u011b. P\u0159ipome\u0148me, \u017ee n\u011bkdej\u0161\u00ed ministr je tv\u00e1\u0159\u00ed zm\u011bn v\u00a0justici a\u00a0poru\u0161ov\u00e1n\u00ed pravidel pr\u00e1vn\u00edho st\u00e1tu, kter\u00e9 kritizovala Evropsk\u00e1 komise i\u00a0unijn\u00ed soudy.<\/p>\n<p class=\"e_bX\">Te\u010f Ziobro \u010del\u00ed obvin\u011bn\u00edm z\u00a026\u00a0trestn\u00fdch \u010din\u016f, mimo jin\u00e9 z\u00a0veden\u00ed organizovan\u00e9 zlo\u010dineck\u00e9 skupiny a\u00a0zneu\u017e\u00edv\u00e1n\u00ed ministersk\u00e9 funkce k\u00a0trestn\u00e9 \u010dinnosti a\u00a0p\u0159ekra\u010dov\u00e1n\u00ed pravomoc\u00ed. Parlament poslance loni v\u00a0listopadu zbavil imunity a\u00a0soud souhlasil s\u00a0vazebn\u00edm st\u00edh\u00e1n\u00edm.<\/p>\n<p class=\"e_bX\">V p\u0159\u00edpad\u011b Romanowsk\u00e9ho u\u017e evropsk\u00fd zatyka\u010d del\u0161\u00ed dobu plat\u00ed.<\/p>\n<p class=\"e_bX\">Ziobro s\u00a0Romanowsk\u00fdm tvrd\u00ed, \u017ee jsou nevinn\u00ed a\u00a0\u017ee jde o\u00a0perzekuci opozice ze strany vl\u00e1dy Donalda Tuska. Ta vyst\u0159\u00eddala PiS u\u00a0moci v\u00a0prosinci 2023.\u00a0Jedn\u00edm z\u00a0jej\u00edch slib\u016f bylo i\u00a0z\u00fa\u010dtov\u00e1n\u00ed s\u00a0af\u00e9rami, a\u00a0pr\u00e1v\u011b Ziobr\u016fv p\u0159\u00edpad je nejviditeln\u011bj\u0161\u00ed.<\/p>\n<p><a data-dot=\"mol-article-card-media\" aria-hidden=\"true\" tabindex=\"-1\" href=\"https:\/\/www.seznamzpravy.cz\/clanek\/zahranicni-stredni-evropa-diplomaticka-valka-mezi-varsavou-a-budapesti-se-kvuli-uprchlikovi-vyostruje-296035\" class=\"e_n f_l1\" rel=\"nofollow noopener\" target=\"_blank\"><img fetchpriority=\"high\" height=\"2132\"   width=\"3790\" src=\"https:\/\/www.europesays.com\/cz\/wp-content\/uploads\/2026\/03\/1774362430_667_viktor-orban-madarsko.jpeg\" loading=\"eager\" decoding=\"sync\" class=\"e_aa e_Z\"\/><\/a><\/p>\n<p class=\"e_bX\">Exn\u00e1m\u011bstek Romanowski odjel do Budape\u0161ti v\u00a0prosinci 2024\u00a0a\u00a0z\u00edskal tam politick\u00fd azyl. V\u00a0Evropsk\u00e9 unii \u0161lo o\u00a0bezprecedentn\u00ed krok. Tehdej\u0161\u00ed premi\u00e9r Viktor Orb\u00e1n v\u011bc zd\u016fvod\u0148oval ta\u017een\u00edm Tuska proti opozici.<\/p>\n<p class=\"e_bX\">O necel\u00fd rok pozd\u011bji ho n\u00e1sledoval Ziobro. Exministr, kter\u00fd se od podzimu 2023\u00a0l\u00e9\u010dil s\u00a0onkologick\u00fdm onemocn\u011bn\u00edm, nejd\u0159\u00edv tvrdil, \u017ee je v\u00a0Budape\u0161ti do\u010dasn\u011b.<\/p>\n<p class=\"e_bX\">Nakonec tam loni na konci roku spole\u010dn\u011b s\u00a0man\u017eelkou dostali od Orb\u00e1novy vl\u00e1dy politick\u00fd azyl. Ultrakonzervativn\u00ed politik otev\u0159en\u011b podporoval Orb\u00e1novu stranu Fidesz a\u00a0na s\u00edt\u00edch kritizoval pom\u011bry v\u00a0Polsku. V\u00a0Budape\u0161ti tak\u00e9 poskytoval rozhovory polsk\u00fdm m\u00e9di\u00edm.<\/p>\n<p>Amerika? Ale jd\u011bte<\/p>\n<p class=\"e_bX\">Paradoxn\u011b, dva dny po dubnov\u00fdch ma\u010farsk\u00fdch volb\u00e1ch, ve kter\u00fdch jeho ochr\u00e1nce Orb\u00e1n prohr\u00e1l, se Ziobro p\u0159i rozhovoru pro TV Polsat vysm\u00e1l dotazu na jeho mo\u017en\u00fd odlet do USA. \u201ePotvrzuji, let\u00edm. (\u2026) Vybereme New York, nebo Washington? Je\u0161t\u011b tam je Chicago. Ale ne, z\u00a0Ma\u010farska se l\u00e9t\u00e1 do Filadelfie. Ale a\u017e od 26.\u00a0kv\u011btna,\u201c \u0159ekl se sm\u00edchem.<\/p>\n<p class=\"e_bX\">O necel\u00fd m\u011bs\u00edc pozd\u011bji u\u017e je ve Spojen\u00fdch st\u00e1tech.<\/p>\n<p class=\"e_bX\">Roli p\u0159i jeho \u201eevakuaci\u201c z\u0159ejm\u011b hr\u00e1la i\u00a0m\u00e9dia. Konkr\u00e9tn\u011b konzervativn\u00ed televize Republika, kter\u00e1 je dlouhodob\u011b loaj\u00e1ln\u00ed stran\u011b PiS.<\/p>\n<p class=\"e_bX\">Republika ner\u00e1muje Ziobrovu kauzu jako pr\u00e1vn\u00ed probl\u00e9m, ale stejn\u011b jako exministr jako \u00fadajn\u00fd \u201eautorit\u00e1\u0159sk\u00fd \u00fatok Tuskovy vl\u00e1dy\u201c. \u201eTelevize Republika bude i\u00a0nad\u00e1le br\u00e1nit z\u00e1kladn\u00ed pr\u00e1va a\u00a0ob\u010dansk\u00e9 svobody,\u201c ozn\u00e1mil jej\u00ed majitel Tomasz Sakiewicz.<\/p>\n<p>Novin\u00e1\u0159sk\u00e9 v\u00edzum od Trumpa<\/p>\n<p class=\"e_bX\">V ned\u011bli televize ozn\u00e1mila, \u017ee Ziobro bude nov\u011b p\u016fsobit jako jej\u00ed koment\u00e1tor. Pr\u00e1v\u011b to z\u0159ejm\u011b poslanci umo\u017enilo cestu do Spojen\u00fdch st\u00e1t\u016f, kde m\u00e1 \u00fadajn\u011b pob\u00fdvat na z\u00e1klad\u011b v\u00edza pro pr\u00e1ci novin\u00e1\u0159e.<\/p>\n<p class=\"e_bX\">Ziobro u\u017e m\u00e1 del\u0161\u00ed \u010das zneplatn\u011bn\u00fd cestovn\u00ed pas. Stejn\u011b jako Romanowski m\u00e1 ov\u0161em od orb\u00e1novsk\u00fdch \u00fa\u0159ad\u016f takzvan\u00fd \u017eenevsk\u00fd pas ur\u010den\u00fd pro azylanty. Ob\u011bma politik\u016fm to umo\u017e\u0148uje cestovat.<\/p>\n<p class=\"e_bX\">Polsk\u00fd server Onet napsal, \u017ee o\u00a0mo\u017enost Ziobrova odjezdu do USA m\u011bla usilovat jeho man\u017eelka Patrycja Kotecka, politici PiS a\u00a0tak\u00e9 televize Republika, kter\u00e1 m\u00e1 kontakty v\u00a0prost\u0159ed\u00ed hnut\u00ed MAGA americk\u00e9ho prezidenta Donalda Trumpa.<\/p>\n<p class=\"e_bX\">Den\u00edk Gazeta Wyborcza napsal, \u017ee o\u00a0americk\u00e9m v\u00edzu pro Ziobra a\u00a0jeho man\u017eelku m\u011bl rozhodnout p\u0159\u00edmo Trump, a\u00a0to navzdory nesouhlasu americk\u00e9ho velvyslance v\u00a0Polsku Toma Rosea i\u00a0ministra zahrani\u010d\u00ed Marca Rubia. Politici PiS v\u0161ak lobbovali za Ziobra u\u00a0person\u00e1ln\u00ed \u0161\u00e9fky B\u00edl\u00e9ho domu Susie Wilesov\u00e9.<\/p>\n<p><a data-dot=\"mol-article-card-media\" aria-hidden=\"true\" tabindex=\"-1\" href=\"https:\/\/www.seznamzpravy.cz\/clanek\/zahranicni-stredni-evropa-do-vazby-nebo-do-budapesti-polska-opozice-prcha-za-orbanem-291247\" class=\"e_n f_l1\" rel=\"nofollow noopener\" target=\"_blank\"><img height=\"807\"   width=\"1435\" src=\"https:\/\/www.europesays.com\/cz\/wp-content\/uploads\/2026\/05\/zbigniew-ziobro-viktor-orban-madarsko-polsko.jpeg\" loading=\"eager\" decoding=\"sync\" class=\"e_aa e_Z\"\/><\/a><\/p>\n<p class=\"e_bX\">Ziobro se do USA dostal letecky z\u00a0Budape\u0161ti s\u00a0nejm\u00e9n\u011b jedn\u00edm p\u0159estupem. Romanowski m\u011bl cestu kv\u016fli evropsk\u00e9mu zat\u00fdkac\u00edmu rozkazu slo\u017eit\u011bj\u0161\u00ed a\u00a0nen\u00ed jasn\u00e9, kde se od konce dubna nach\u00e1zel. I\u00a0on u\u017e je v\u0161ak podle serveru wPolityce.pl v\u00a0USA.<\/p>\n<p class=\"e_bX\">S\u00e1m Ziobro ve vys\u00edl\u00e1n\u00ed Republiky v\u00a0ned\u011bli tvrdil, \u017ee z\u00a0Evropy neutekl. \u201eTo nen\u00ed pravda. Pob\u00fdval jsem leg\u00e1ln\u011b na p\u0159edem ozn\u00e1men\u00e9 konferenci v\u00a0Budape\u0161ti v\u011bnovan\u00e9 bezpr\u00e1v\u00ed a\u00a0poru\u0161ov\u00e1n\u00ed standard\u016f pr\u00e1vn\u00edho st\u00e1tu ze strany vl\u00e1dy Donalda Tuska a\u00a0Evropsk\u00e9 unie,\u201c prohl\u00e1sil k\u00a0akci z\u00a0lo\u0148sk\u00e9ho z\u00e1\u0159\u00ed, na kter\u00e9 se dozv\u011bd\u011bl o\u00a0st\u00edh\u00e1n\u00ed. Pot\u00e9 se u\u017e do Polska nevr\u00e1til.<\/p>\n<p class=\"e_bX\">Dodal, \u017ee Spojen\u00e9 st\u00e1ty jsou \u201emimo\u0159\u00e1dn\u011b kr\u00e1sn\u00e1\u201c zem\u011b. \u201eJe to nejsiln\u011bj\u0161\u00ed demokracie sv\u011bta, n\u00e1\u0161 spojenec a\u00a0garant bezpe\u010dnosti Polska,\u201c dodal.<\/p>\n<p class=\"e_bX\">Verzi o\u00a0\u00fat\u011bku rozporuje i\u00a0kandid\u00e1t PiS na premi\u00e9ra Przemys\u0142aw Czarnek. \u201eLeg\u00e1ln\u011b vstoupil do Spojen\u00fdch st\u00e1t\u016f, stejn\u011b jako mnoho Pol\u00e1k\u016f. I\u00a0j\u00e1 jsem byl minul\u00fd t\u00fdden leg\u00e1ln\u011b ve Spojen\u00fdch st\u00e1tech,\u201c h\u00e1jil spolustran\u00edka Czarnek. Pro PiS je v\u0161ak af\u00e9ra medi\u00e1ln\u00ed z\u00e1t\u011b\u017e\u00ed.<\/p>\n<p class=\"e_bX\">Problematick\u00e1 je v\u011bc i\u00a0pro vl\u00e1du Donalda Tuska, proto\u017ee jde o\u00a0novou z\u00e1t\u011b\u017e ve vztaz\u00edch s\u00a0trumpovsk\u00fdmi USA.<\/p>\n<p class=\"e_bX\">\u201eJe\u0161t\u011b dnes bude americk\u00e9mu velvyslanectv\u00ed zasl\u00e1na \u017e\u00e1dost o\u00a0poskytnut\u00ed informac\u00ed, zda byla Romanowsk\u00e9mu a\u00a0Ziobrovi vyd\u00e1na v\u00edza. Pokud ano, tak kdy, na z\u00e1klad\u011b \u010deho a\u00a0o jak\u00fd typ v\u00edz \u0161lo,\u201c uvedl v\u00a0ned\u011bli prokur\u00e1tor Przemys\u0142aw Nowak.<\/p>\n<p class=\"e_bX\">Prokuratura tak\u00e9 ozn\u00e1mila, \u017ee bude usilovat o\u00a0Ziobrovo vyd\u00e1n\u00ed ke st\u00edh\u00e1n\u00ed. Polsko-americkou smlouvu v\u00a0roce 2006\u00a0podepsal pr\u00e1v\u011b Ziobro\u00a0\u2013 tehdy byl poprv\u00e9 ministrem spravedlnosti.<\/p>\n<p class=\"e_bX\">Jak dlouho Ziobro ve Spojen\u00fdch st\u00e1tech bude, nen\u00ed jasn\u00e9. Polsk\u00e9 parlamentn\u00ed volby se budou konat p\u0159\u00ed\u0161t\u00ed rok na podzim a\u00a0na jasnou v\u00fdhru dne\u0161n\u00ed opozice (a t\u00edm p\u00e1dem pozitivn\u00ed zvrat pro Ziobra) to v\u00a0sou\u010dasnosti podle pr\u016fzkum\u016f nevypad\u00e1.<\/p>\n","protected":false},"excerpt":{"rendered":"Usm\u00edv\u00e1 se a\u00a0telefonuje. Fotografii, na kter\u00e9 je b\u00fdval\u00fd polsk\u00fd ministr spravedlnosti Zbigniew Ziobro, poslal polsk\u00e9 televizi TVN24\u00a0jeden z\u00a0div\u00e1k\u016f.&hellip;\n","protected":false},"author":2,"featured_media":82370,"comment_status":"","ping_status":"","sticky":false,"template":"","format":"standard","meta":{"footnotes":"","_share_on_mastodon":"0"},"categories":[11],"tags":[8429,796,117,20427,54,3890,113,53,52,25806],"class_list":["post-82369","post","type-post","status-publish","format-standard","has-post-thumbnail","category-svet","tag-azyl","tag-madarsko","tag-polsko","tag-pravo-a-spravedlnost-pis","tag-svet","tag-uprchlik","tag-usa","tag-world","tag-world-news","tag-zbigniew-ziobro"],"share_on_mastodon":{"url":"https:\/\/pubeurope.com\/@cz\/116556910745887542","error":""},"_links":{"self":[{"href":"https:\/\/www.europesays.com\/cz\/wp-json\/wp\/v2\/posts\/82369","targetHints":{"allow":["GET"]}}],"collection":[{"href":"https:\/\/www.europesays.com\/cz\/wp-json\/wp\/v2\/posts"}],"about":[{"href":"https:\/\/www.europesays.com\/cz\/wp-json\/wp\/v2\/types\/post"}],"author":[{"embeddable":true,"href":"https:\/\/www.europesays.com\/cz\/wp-json\/wp\/v2\/users\/2"}],"replies":[{"embeddable":true,"href":"https:\/\/www.europesays.com\/cz\/wp-json\/wp\/v2\/comments?post=82369"}],"version-history":[{"count":0,"href":"https:\/\/www.europesays.com\/cz\/wp-json\/wp\/v2\/posts\/82369\/revisions"}],"wp:featuredmedia":[{"embeddable":true,"href":"https:\/\/www.europesays.com\/cz\/wp-json\/wp\/v2\/media\/82370"}],"wp:attachment":[{"href":"https:\/\/www.europesays.com\/cz\/wp-json\/wp\/v2\/media?parent=82369"}],"wp:term":[{"taxonomy":"category","embeddable":true,"href":"https:\/\/www.europesays.com\/cz\/wp-json\/wp\/v2\/categories?post=82369"},{"taxonomy":"post_tag","embeddable":true,"href":"https:\/\/www.europesays.com\/cz\/wp-json\/wp\/v2\/tags?post=82369"}],"curies":[{"name":"wp","href":"https:\/\/api.w.org\/{rel}","templated":true}]}}