{"id":82690,"date":"2026-05-12T04:13:17","date_gmt":"2026-05-12T04:13:17","guid":{"rendered":"https:\/\/www.europesays.com\/cz\/82690\/"},"modified":"2026-05-12T04:13:17","modified_gmt":"2026-05-12T04:13:17","slug":"proc-chybi-sochy-na-orloji-a-kdy-se-vrati","status":"publish","type":"post","link":"https:\/\/www.europesays.com\/cz\/82690\/","title":{"rendered":"Pro\u010d chyb\u00ed sochy na Orloji a kdy se vr\u00e1t\u00ed"},"content":{"rendered":"<p class=\"c_bz\">Demontov\u00e1n\u00ed za\u010dalo r\u00e1no, kdy je\u0161t\u011b neproudilo na n\u00e1m\u011bst\u00ed mnoho turist\u016f. St\u011bhov\u00e1n\u00ed trvalo zhruba 40\u00a0minut. Chyb\u011bj\u00edc\u00ed figury na pravideln\u00e9 zvon\u011bn\u00ed orloje v\u00a0celou vliv nemaj\u00ed a\u00a0turist\u00e9 tak o\u00a0obl\u00edben\u00fd z\u00e1\u017eitek s\u00a0ot\u00e1\u010dej\u00edc\u00edmi se apo\u0161toly nep\u0159ich\u00e1z\u00ed.<\/p>\n<p class=\"c_bz\">\u201ePr\u00e1ce spo\u010d\u00edvala v\u00a0tom, \u017ee jsme v\u00a0prvn\u00ed \u0159ad\u011b demontovali s\u00edt\u011b, kter\u00e9 tam jsou, vyhrnuli jsme je nahoru, pracovali jsme z\u00a0plo\u0161iny, vzali jsme \u010dty\u0159i sochy, kter\u00e9 jsme p\u0159edali hodin\u00e1\u0159\u016fm, a\u00a0zase jsme dali zp\u00e1tky s\u00edt\u011b,\u201c popsal zjednodu\u0161en\u011b postup Petr Nov\u00e1k ze stejnojmenn\u00e9\u00a0firmy na v\u00fd\u0161kov\u00e9 pr\u00e1ce.<\/p>\n<p class=\"c_bz\">Pry\u010d \u0161la spodn\u00ed \u0159ada figur um\u00edst\u011bn\u00e1 n\u011bkolik metr\u016f nad zem\u00ed, a\u00a0to Hv\u011bzd\u00e1\u0159, And\u011bl, Kronik\u00e1\u0159 a\u00a0U\u010denec. Sochy podle n\u011bj nejsou t\u011b\u017ek\u00e9, v\u00e1\u017e\u00ed kolem 20\u00a0a\u017e 25\u00a0kilogram\u016f a\u00a0manipulace s\u00a0nimi prob\u011bhla bez probl\u00e9m\u016f.<\/p>\n<p><a data-dot=\"atm-link\" target=\"_self\" href=\"https:\/\/www.novinky.cz\/clanek\/cestovani-nejlepsi-svetove-pamatky-pro-rodiny-s-detmi-prazsky-orloj-skoncil-v-zaveru-zebricku-40574521\" class=\"c_N\" rel=\"nofollow noopener\"><img fetchpriority=\"high\" height=\"2304\" width=\"4096\" src=\"https:\/\/www.europesays.com\/cz\/wp-content\/uploads\/2026\/04\/1776921489_246_aDPJJ.jpeg\" loading=\"eager\" decoding=\"sync\" class=\"c_t c_r\"\/><\/a><\/p>\n<p class=\"c_bz\">\u201eMuseli jsme si ale d\u00e1vat pozor, aby se nepotrhal zbytek s\u00edt\u011b, ta u\u017e je taky star\u00e1 a\u00a0bude se \u010dasem m\u011bnit. A\u00a0muselo se d\u00e1vat samoz\u0159ejm\u011b pozor s\u00a0tou\u00a0plo\u0161inou, aby se s\u00a0n\u00ed nenajelo do zdoben\u00ed orloje, to je na tom to nejcenn\u011bj\u0161\u00ed,\u201c doplnil Nov\u00e1k.<\/p>\n<p class=\"c_bz\">Hodin\u00e1\u0159i pak snesen\u00e9 figury ulo\u017eili opatrn\u011b do auta a\u00a0p\u0159ed osmou hodinou rann\u00ed odvezli. D\u00edla sm\u011b\u0159ovala do restaur\u00e1torsk\u00e9 d\u00edlny\u00a0akademick\u00e9ho socha\u0159e Ji\u0159\u00edho Mat\u011bj\u00ed\u010dka a\u00a0akademick\u00e9 restaur\u00e1torky Dariny Smet\u00e1nkov\u00e9, kte\u0159\u00ed se postaraj\u00ed p\u0159edev\u0161\u00edm o\u00a0jejich povrchovou \u00fapravu.<\/p>\n<p><img height=\"2731\"   width=\"4096\" src=\"https:\/\/www.europesays.com\/cz\/wp-content\/uploads\/2026\/05\/b552.jpeg\" loading=\"eager\" decoding=\"sync\" class=\"c_t c_r\"\/>Foto: Petr Horn\u00edk, Novinky<\/p>\n<p class=\"c_bz\">Ta se prov\u00e1d\u00ed jednou za dva roky. \u201eSochy jsou dlouhodob\u011b vystaveny pov\u011btrnostn\u00edm vliv\u016fm a\u00a0mechanick\u00e9 z\u00e1t\u011b\u017ei, proto jsou v\u00a0pravideln\u00fdch intervalech odborn\u011b kontrolov\u00e1ny a\u00a0restaurov\u00e1ny s\u00a0ohledem na jejich historickou hodnotu,\u201c potvrdil mluv\u010d\u00ed magistr\u00e1tu V\u00edt Hofman.<\/p>\n<p class=\"c_bz\">\u201eJsou d\u0159ev\u011bn\u00e9, z\u00a0lipov\u00e9ho d\u0159eva, ta barva na\u00a0nich d\u0159evo konzervuje, ani\u017e by shnilo,\u201c doplnila Mariana Nesn\u00eddalov\u00e1, jednatelka firmy L. Hainz.<\/p>\n<p class=\"c_bz\">Zp\u011bt na v\u011b\u017ei radnice budou renovovan\u00e9 sochy za m\u011bs\u00edc \u010di m\u011bs\u00edc a\u00a0p\u016fl. Do d\u00edlny potom poputuj\u00ed dal\u0161\u00ed \u010dty\u0159i postavy &#8211; Smrtka, Turek, Lakomec a\u00a0Rozko\u0161n\u00edk. Ty by se m\u011bly vr\u00e1tit na orloj nejpozd\u011bji do \u0159\u00edjna. Pr\u00e1ce na celkem osmi figur\u00e1ch maj\u00ed magistr\u00e1t vyj\u00edt na \u010d\u00e1stku mezi 400\u00a0a\u017e 500\u00a0tis\u00edc korun s\u00a0DPH.<\/p>\n<p><a data-dot=\"atm-link\" target=\"_self\" href=\"https:\/\/www.novinky.cz\/clanek\/domaci-den-bez-spechu-prazsky-orloj-se-zastavil-a-smrtka-zvonila-za-kazdou-lonskou-rychle-jizdy-40574858\" class=\"c_N\" rel=\"nofollow noopener\"><img height=\"1080\" width=\"1920\" src=\"https:\/\/www.europesays.com\/cz\/wp-content\/uploads\/2026\/05\/orloj.jpeg\" loading=\"eager\" decoding=\"sync\" class=\"c_t c_r\"\/><\/a><\/p>\n","protected":false},"excerpt":{"rendered":"Demontov\u00e1n\u00ed za\u010dalo r\u00e1no, kdy je\u0161t\u011b neproudilo na n\u00e1m\u011bst\u00ed mnoho turist\u016f. St\u011bhov\u00e1n\u00ed trvalo zhruba 40\u00a0minut. Chyb\u011bj\u00edc\u00ed figury na pravideln\u00e9&hellip;\n","protected":false},"author":2,"featured_media":82691,"comment_status":"","ping_status":"","sticky":false,"template":"","format":"standard","meta":{"footnotes":"","_share_on_mastodon":"0"},"categories":[7],"tags":[43,42,41,40,2408,13893,25727,3046,17966],"class_list":["post-82690","post","type-post","status-publish","format-standard","has-post-thumbnail","category-cesko","tag-ceska-republika","tag-cesko","tag-czech-republic","tag-czechia","tag-magistrat-hlavniho-mesta-prahy","tag-orloj","tag-restaurovani","tag-staromestske-namesti","tag-udrzba"],"share_on_mastodon":{"url":"https:\/\/pubeurope.com\/@cz\/116559662472883338","error":""},"_links":{"self":[{"href":"https:\/\/www.europesays.com\/cz\/wp-json\/wp\/v2\/posts\/82690","targetHints":{"allow":["GET"]}}],"collection":[{"href":"https:\/\/www.europesays.com\/cz\/wp-json\/wp\/v2\/posts"}],"about":[{"href":"https:\/\/www.europesays.com\/cz\/wp-json\/wp\/v2\/types\/post"}],"author":[{"embeddable":true,"href":"https:\/\/www.europesays.com\/cz\/wp-json\/wp\/v2\/users\/2"}],"replies":[{"embeddable":true,"href":"https:\/\/www.europesays.com\/cz\/wp-json\/wp\/v2\/comments?post=82690"}],"version-history":[{"count":0,"href":"https:\/\/www.europesays.com\/cz\/wp-json\/wp\/v2\/posts\/82690\/revisions"}],"wp:featuredmedia":[{"embeddable":true,"href":"https:\/\/www.europesays.com\/cz\/wp-json\/wp\/v2\/media\/82691"}],"wp:attachment":[{"href":"https:\/\/www.europesays.com\/cz\/wp-json\/wp\/v2\/media?parent=82690"}],"wp:term":[{"taxonomy":"category","embeddable":true,"href":"https:\/\/www.europesays.com\/cz\/wp-json\/wp\/v2\/categories?post=82690"},{"taxonomy":"post_tag","embeddable":true,"href":"https:\/\/www.europesays.com\/cz\/wp-json\/wp\/v2\/tags?post=82690"}],"curies":[{"name":"wp","href":"https:\/\/api.w.org\/{rel}","templated":true}]}}