{"id":83185,"date":"2026-05-12T12:05:11","date_gmt":"2026-05-12T12:05:11","guid":{"rendered":"https:\/\/www.europesays.com\/cz\/83185\/"},"modified":"2026-05-12T12:05:11","modified_gmt":"2026-05-12T12:05:11","slug":"hokejiste-odleteli-na-ms-v-novem-ohozu-jen-cervenkovi-bylo-sako-male-delam-hodne-kliku-rikal","status":"publish","type":"post","link":"https:\/\/www.europesays.com\/cz\/83185\/","title":{"rendered":"Hokejist\u00e9 odlet\u011bli na MS v\u00a0nov\u00e9m ohozu, jen \u010cervenkovi bylo sako mal\u00e9. D\u011bl\u00e1m hodn\u011b klik\u016f, \u0159\u00edkal"},"content":{"rendered":"<p class=\"b_bD\">\u201eJak d\u011bl\u00e1m hodn\u011b klik\u016f, tak mi bylo mal\u00e9 p\u0159es ruce. Musej\u00ed mi ho rovnat,\u201c vysv\u011btloval s\u00a0\u00fasm\u011bvem o\u010dek\u00e1van\u00fd kapit\u00e1n \u010cervenka. Pro n\u011bj to bude u\u017e 13.\u00a0mistrovstv\u00ed sv\u011bta, kter\u00e9ho se z\u00fa\u010dastn\u00ed, ov\u0161em v\u00a0lec\u010dems bude jin\u00e9, proto\u017ee se kon\u00e1 ve \u0160v\u00fdcarsku, kde roky p\u016fsobil. \u201eTa zem\u011b je hezk\u00e1, p\u0159\u00edjemn\u00e1. Pod\u00edv\u00e1m se zp\u011bt tam, kde jsem str\u00e1vil n\u011bjak\u00fd \u010das. Douf\u00e1m, \u017ee to budou p\u0159\u00edjemn\u00e9 posledn\u00ed t\u0159i t\u00fddny sezony. T\u011b\u0161\u00edm se, jsem odpo\u010dat\u00fd.\u201c<\/p>\n<p class=\"b_bD\">Kou\u010d Rul\u00edk mu i\u00a0par\u0165\u00e1kovi Luk\u00e1\u0161i Sedl\u00e1kovi dal po fin\u00e1le volno, povolal ho a\u017e p\u0159\u00edmo na \u0161ampion\u00e1t, co\u017e \u010cervenka ocenil. \u201eM\u011bl jsem p\u00e1r dn\u00ed odpo\u010dinek, byl to sp\u00ed\u0161 odpo\u010dinek na hlavu od ka\u017edodenn\u00ed p\u0159\u00edpravy na z\u00e1pas. Orazil jsem si, potr\u00e9noval a\u00a0douf\u00e1m, \u017ee budu p\u0159ipraven\u00fd. M\u00e1m po\u0159\u00e1d motivace dost, za n\u00e1ro\u010f\u00e1k hraju hrozn\u011b r\u00e1d, a\u00a0pokud je \u0161ance na n\u011bjak\u00fd \u00fasp\u011bch, tak d\u00e1m do toho v\u0161echno a\u00a0r\u00e1d bych u\u00a0toho byl,\u201c p\u0159iznal \u010cervenka.<\/p>\n<p><img fetchpriority=\"high\" height=\"2731\"   width=\"4096\" src=\"https:\/\/www.europesays.com\/cz\/wp-content\/uploads\/2026\/05\/20c1.jpeg\" loading=\"eager\" decoding=\"sync\" class=\"b_B b_z\"\/>Foto: Ond\u0159ej Deml, \u010cTK<\/p>\n<p class=\"b_bD\">Mat\u011bj Bl\u00fcmel (vpravo) p\u0159i odletu hokejov\u00e9 reprezentace v\u00a0Praze.<\/p>\n<p class=\"b_bD\">Sv\u00fdm zp\u016fsobem byl i\u00a0trochu mana\u017eerem. Luk\u00e1\u0161 Sedl\u00e1k byl po extraligov\u00e9m play off potlu\u010den\u00fd, \u00fa\u010dast na \u0161ampion\u00e1tu zva\u017eoval. \u010cervenka ho ale \u201ep\u0159emlouval\u201c. \u201eTro\u0161ku jo a\u00a0dopadlo to.\u201c Zkou\u0161el volat i\u00a0Davidu Pastr\u0148\u00e1kovi, pak si s\u00a0n\u00edm vym\u011bnil n\u011bkolik zpr\u00e1v, ov\u0161em na rozd\u00edl od Sedl\u00e1ka u\u00a0n\u011bj neusp\u011bl. \u201eC\u00edtil jsem, \u017ee je rozhodnut\u00fd a\u00a0v\u00ed, \u017ee to te\u010f nejde.\u201c<\/p>\n<p class=\"b_bD\">Jeliko\u017e \u010cervenka na leti\u0161t\u011b p\u0159i\u0161el a\u017e na posledn\u00ed chv\u00edli, tak n\u011bkter\u00e9 nov\u00e1\u010dky, kte\u0159\u00ed v\u00a0t\u00fdmu jsou, poznal teprve u\u00a0vstupn\u00edho gatu k\u00a0letadlu. \u201eT\u00fdm je omlazen\u00fd. Mus\u00ed se naj\u00edt chemie a\u00a0mus\u00edme \u0161lapat jako jeden t\u00fdm, nebo jeden chlap. Bez soudr\u017enosti \u00fasp\u011bch ur\u010dit\u011b nep\u0159ijde. Nejv\u011bt\u0161\u00ed dv\u011b hv\u011bzdy, kter\u00e9 m\u00e1me, tady nejsou. O\u00a0to v\u00edce se mus\u00edme spolehnout na t\u00fdm,\u201c m\u00edn\u00ed \u010cervenka.<\/p>\n<p class=\"b_bD\">Zat\u00edm nen\u00ed jasn\u00e9, zda se k\u00a0t\u00fdmu ve \u0160v\u00fdcarsku p\u0159ipoj\u00ed brank\u00e1\u0159 Daniel Vlada\u0159. Gener\u00e1ln\u00ed mana\u017eer Ji\u0159\u00ed \u0160l\u00e9gr pro Sport.cz uvedl, \u017ee nejsou za z\u00e1mo\u0159\u00ed \u017e\u00e1dn\u00e9 aktuality, g\u00f3lman podstoup\u00ed v\u00fdstupn\u00ed prohl\u00eddku a\u017e b\u011bhem \u00fater\u00fd.<\/p>\n<p>MS v\u00a0hokeji 2026<\/p>\n<p class=\"b_bD\">89.\u00a0ro\u010dn\u00edk <a data-dot=\"atm-link\" target=\"_blank\" href=\"https:\/\/www.sport.cz\/sekce\/hokej-ms-1615\" class=\"b_V\" rel=\"nofollow noopener\">mistrovstv\u00ed sv\u011bta v\u00a0hokeji<\/a> je na programu v\u00a0term\u00ednu od 15.\u00a0do 31.\u00a0kv\u011btna 2026.\u00a0Host\u00ed jej \u0160v\u00fdcarsko ve m\u011bstech Curych a\u00a0Fribourg a\u00a0mistrovsk\u00fd titul obhajuj\u00ed hokejist\u00e9 USA.<\/p>\n<p><a data-dot=\"atm-link\" target=\"_self\" href=\"https:\/\/www.sport.cz\/clanek\/hokej-reprezentace-predavani-moci-v-hokejove-reprezentaci-motak-s-grossem-maji-na-sampionatu-pomahat-rulikovi-5452477\" class=\"b_V g_iJ\" rel=\"nofollow noopener\"><img height=\"1080\" width=\"1440\" src=\"https:\/\/www.europesays.com\/cz\/wp-content\/uploads\/2026\/05\/hokej-reprezentace-motak-gross.jpeg\" loading=\"eager\" decoding=\"sync\" class=\"b_B b_z\"\/><\/a><\/p>\n","protected":false},"excerpt":{"rendered":"\u201eJak d\u011bl\u00e1m hodn\u011b klik\u016f, tak mi bylo mal\u00e9 p\u0159es ruce. Musej\u00ed mi ho rovnat,\u201c vysv\u011btloval s\u00a0\u00fasm\u011bvem o\u010dek\u00e1van\u00fd kapit\u00e1n&hellip;\n","protected":false},"author":2,"featured_media":83186,"comment_status":"","ping_status":"","sticky":false,"template":"","format":"standard","meta":{"footnotes":"","_share_on_mastodon":"0"},"categories":[10],"tags":[28,17,21,29,18757,16,139,18,19,22,20],"class_list":["post-83185","post","type-post","status-publish","format-standard","has-post-thumbnail","category-zpravy","tag-ceska-hokejova-reprezentace","tag-headlines","tag-hlavni-udalosti","tag-hokej","tag-mistrovstvi-sveta-v-hokeji","tag-news","tag-roman-cervenka","tag-top-news","tag-top-stories","tag-udalosti-dne","tag-zpravy"],"share_on_mastodon":{"url":"https:\/\/pubeurope.com\/@cz\/116561518617036478","error":""},"_links":{"self":[{"href":"https:\/\/www.europesays.com\/cz\/wp-json\/wp\/v2\/posts\/83185","targetHints":{"allow":["GET"]}}],"collection":[{"href":"https:\/\/www.europesays.com\/cz\/wp-json\/wp\/v2\/posts"}],"about":[{"href":"https:\/\/www.europesays.com\/cz\/wp-json\/wp\/v2\/types\/post"}],"author":[{"embeddable":true,"href":"https:\/\/www.europesays.com\/cz\/wp-json\/wp\/v2\/users\/2"}],"replies":[{"embeddable":true,"href":"https:\/\/www.europesays.com\/cz\/wp-json\/wp\/v2\/comments?post=83185"}],"version-history":[{"count":0,"href":"https:\/\/www.europesays.com\/cz\/wp-json\/wp\/v2\/posts\/83185\/revisions"}],"wp:featuredmedia":[{"embeddable":true,"href":"https:\/\/www.europesays.com\/cz\/wp-json\/wp\/v2\/media\/83186"}],"wp:attachment":[{"href":"https:\/\/www.europesays.com\/cz\/wp-json\/wp\/v2\/media?parent=83185"}],"wp:term":[{"taxonomy":"category","embeddable":true,"href":"https:\/\/www.europesays.com\/cz\/wp-json\/wp\/v2\/categories?post=83185"},{"taxonomy":"post_tag","embeddable":true,"href":"https:\/\/www.europesays.com\/cz\/wp-json\/wp\/v2\/tags?post=83185"}],"curies":[{"name":"wp","href":"https:\/\/api.w.org\/{rel}","templated":true}]}}