{"id":83475,"date":"2026-05-12T17:22:16","date_gmt":"2026-05-12T17:22:16","guid":{"rendered":"https:\/\/www.europesays.com\/cz\/83475\/"},"modified":"2026-05-12T17:22:16","modified_gmt":"2026-05-12T17:22:16","slug":"celostatni-stavka-v-belgii-ochromila-leteckou-i-verejnou-dopravu","status":"publish","type":"post","link":"https:\/\/www.europesays.com\/cz\/83475\/","title":{"rendered":"Celost\u00e1tn\u00ed st\u00e1vka v\u00a0Belgii ochromila leteckou i\u00a0ve\u0159ejnou dopravu"},"content":{"rendered":"<p class=\"e_bX\">Leteckou i\u00a0ve\u0159ejnou dopravu v\u00a0Belgii op\u011bt ochromila celost\u00e1tn\u00ed st\u00e1vka, kterou svolaly odbory kv\u016fli \u00fasporn\u00fdm opat\u0159en\u00edm vl\u00e1dy premi\u00e9ra Barta De Wevera. Na pochod Bruselem se vydaly tis\u00edce demonstrant\u016f, v\u00a0provozu z\u016fstaly jen dv\u011b linky metra a\u00a0p\u00e1r linek autobus\u016f a\u00a0tramvaj\u00ed, ostatn\u00ed m\u011bstsk\u00e1 hromadn\u00e1 doprava nevyjela. Belgick\u00e9 leti\u0161t\u011b Charleroi, kter\u00e9 le\u017e\u00ed nedaleko Bruselu, zru\u0161ilo v\u0161echny dne\u0161n\u00ed odlety i\u00a0p\u0159\u00edlety.<\/p>\n<p class=\"e_bX\">Hlavn\u00ed bruselsk\u00e9 leti\u0161t\u011b Zaventem i\u00a0nad\u00e1le funguje, dopravu k\u00a0n\u011bmu nicm\u00e9n\u011b dopoledne naru\u0161il incident, p\u0159i kter\u00e9m na jedn\u00e9 ze staveb unikl plyn. Policie proto dopravu na d\u00e1lnici na v\u00edce ne\u017e hodinu a\u00a0p\u016fl zastavila v\u00a0obou sm\u011brech a\u00a0leti\u0161t\u011b doporu\u010dovalo pasa\u017e\u00e9r\u016fm vyu\u017e\u00edt k\u00a0cest\u011b na leti\u0161t\u011b rad\u011bji vlaky.<\/p>\n<p class=\"e_bX\">Protestuj\u00edc\u00ed odbory mimo jin\u00e9 volaj\u00ed po lep\u0161\u00edch pracovn\u00edch podm\u00ednk\u00e1ch, lep\u0161\u00edm d\u016fchodov\u00e9m syst\u00e9mu a\u00a0po tom, aby Belgie zachovala plnou a\u00a0automatickou indexaci mezd. \u201eZda\u0148te bohat\u00e9,\u201c vzk\u00e1zala belgick\u00e9 vl\u00e1d\u011b Sarah Van Ackerov\u00e1 z\u00a0nevl\u00e1dn\u00ed organizace Oxfam Belgium. \u201eChceme uk\u00e1zat, \u017ee existuje n\u011bkolik alternativ k\u00a0\u00fasporn\u00fdm opat\u0159en\u00edm, kter\u00e1 tato vl\u00e1da vol\u00ed, v\u010detn\u011b dan\u011b z\u00a0bohatstv\u00ed. Mnohem v\u011bt\u0161\u00ed \u010d\u00e1st t\u00e9to z\u00e1t\u011b\u017ee by mohli n\u00e9st bohat\u00ed, m\u00edsto aby se sna\u017eili vy\u017ed\u00edmat ty, kte\u0159\u00ed se ji\u017e pot\u00fdkaj\u00ed s\u00a0probl\u00e9my,\u201c citoval ji list The Brussels Times.<\/p>\n<p><a data-dot=\"mol-article-card-media\" aria-hidden=\"true\" tabindex=\"-1\" href=\"https:\/\/www.seznamzpravy.cz\/clanek\/zahranicni-brusel-zavira-ruska-zadni-vratka-ponesete-dusledky-varuje-unii-cina-304898\" class=\"e_n f_l1\" rel=\"nofollow noopener\" target=\"_blank\"><img fetchpriority=\"high\" height=\"1921\"   width=\"3416\" src=\"https:\/\/www.europesays.com\/cz\/wp-content\/uploads\/2026\/04\/wang-i.jpeg\" loading=\"eager\" decoding=\"sync\" class=\"e_aa e_Z\"\/><\/a><a data-dot=\"mol-article-card-media\" aria-hidden=\"true\" tabindex=\"-1\" href=\"https:\/\/www.seznamzpravy.cz\/clanek\/ekonomika-byznys-trendy-analyzy-brusel-chce-v-evrope-americky-system-v-ceste-stoji-clenske-staty-302519\" class=\"e_n f_l1\" rel=\"nofollow noopener\" target=\"_blank\"><img height=\"2304\"   width=\"4096\" src=\"https:\/\/www.europesays.com\/cz\/wp-content\/uploads\/2026\/04\/1776935710_94_evropska-rada-ursula-von-der-leyenova-andrej-babis.jpeg\" loading=\"eager\" decoding=\"sync\" class=\"e_aa e_Z\"\/><\/a><\/p>\n","protected":false},"excerpt":{"rendered":"Leteckou i\u00a0ve\u0159ejnou dopravu v\u00a0Belgii op\u011bt ochromila celost\u00e1tn\u00ed st\u00e1vka, kterou svolaly odbory kv\u016fli \u00fasporn\u00fdm opat\u0159en\u00edm vl\u00e1dy premi\u00e9ra Barta De&hellip;\n","protected":false},"author":2,"featured_media":83476,"comment_status":"","ping_status":"","sticky":false,"template":"","format":"standard","meta":{"footnotes":"","_share_on_mastodon":"0"},"categories":[7],"tags":[892,3678,43,42,41,40,514,2888,5695,5696],"class_list":["post-83475","post","type-post","status-publish","format-standard","has-post-thumbnail","category-cesko","tag-belgie","tag-brusel","tag-ceska-republika","tag-cesko","tag-czech-republic","tag-czechia","tag-doprava","tag-letecka-doprava","tag-stavky","tag-verejna-doprava"],"share_on_mastodon":{"url":"https:\/\/pubeurope.com\/@cz\/116562765204800142","error":""},"_links":{"self":[{"href":"https:\/\/www.europesays.com\/cz\/wp-json\/wp\/v2\/posts\/83475","targetHints":{"allow":["GET"]}}],"collection":[{"href":"https:\/\/www.europesays.com\/cz\/wp-json\/wp\/v2\/posts"}],"about":[{"href":"https:\/\/www.europesays.com\/cz\/wp-json\/wp\/v2\/types\/post"}],"author":[{"embeddable":true,"href":"https:\/\/www.europesays.com\/cz\/wp-json\/wp\/v2\/users\/2"}],"replies":[{"embeddable":true,"href":"https:\/\/www.europesays.com\/cz\/wp-json\/wp\/v2\/comments?post=83475"}],"version-history":[{"count":0,"href":"https:\/\/www.europesays.com\/cz\/wp-json\/wp\/v2\/posts\/83475\/revisions"}],"wp:featuredmedia":[{"embeddable":true,"href":"https:\/\/www.europesays.com\/cz\/wp-json\/wp\/v2\/media\/83476"}],"wp:attachment":[{"href":"https:\/\/www.europesays.com\/cz\/wp-json\/wp\/v2\/media?parent=83475"}],"wp:term":[{"taxonomy":"category","embeddable":true,"href":"https:\/\/www.europesays.com\/cz\/wp-json\/wp\/v2\/categories?post=83475"},{"taxonomy":"post_tag","embeddable":true,"href":"https:\/\/www.europesays.com\/cz\/wp-json\/wp\/v2\/tags?post=83475"}],"curies":[{"name":"wp","href":"https:\/\/api.w.org\/{rel}","templated":true}]}}