{"id":85239,"date":"2026-05-14T09:53:08","date_gmt":"2026-05-14T09:53:08","guid":{"rendered":"https:\/\/www.europesays.com\/cz\/85239\/"},"modified":"2026-05-14T09:53:08","modified_gmt":"2026-05-14T09:53:08","slug":"soud-pravomocne-zamitl-zalobu-parkanove-kvuli-nezakonnemu-stihani-v-kauze-casa","status":"publish","type":"post","link":"https:\/\/www.europesays.com\/cz\/85239\/","title":{"rendered":"Soud pravomocn\u011b zam\u00edtl \u017ealobu Parkanov\u00e9 kv\u016fli nez\u00e1konn\u00e9mu st\u00edh\u00e1n\u00ed v\u00a0kauze CASA"},"content":{"rendered":"<p class=\"e_bX\">Pra\u017esk\u00fd m\u011bstsk\u00fd soud pravomocn\u011b zam\u00edtl \u017ealobu b\u00fdval\u00e9 ministryn\u011b obrany Vlasty Parkanov\u00e9, kter\u00e1 \u017e\u00e1dala od\u0161kodn\u00e9 8,5\u00a0milionu korun za dlouholet\u00e9 nez\u00e1konn\u00e9 trestn\u00ed st\u00edh\u00e1n\u00ed v\u00a0kauze arm\u00e1dn\u00edch letoun\u016f CASA. Potvrdil tak lo\u0148sk\u00e9 rozhodnut\u00ed obvodn\u00edho soudu a\u00a0zam\u00edtl odvol\u00e1n\u00ed b\u00fdval\u00e9 politi\u010dky. Ministerstvo spravedlnosti se Parkanov\u00e9 v\u00a0minulosti omluvilo a\u00a0zaplatilo j\u00ed 1,6\u00a0milionu korun.<\/p>\n<p class=\"e_bX\">Soudy \u017ealobu b\u00fdval\u00e9 ministryn\u011b zam\u00edtly i\u00a0v minulosti, rozsudky ale loni v\u00a0\u0159\u00edjnu zru\u0161il Nejvy\u0161\u0161\u00ed soud (NS). Konstatoval, \u017ee v\u00a0p\u0159\u00edpadu nebyly zohledn\u011bny kl\u00ed\u010dov\u00e9 okolnosti &#8211; nap\u0159\u00edklad poru\u0161en\u00ed presumpce neviny. Podle odvolac\u00edho sen\u00e1tu v\u0161ak ani dal\u0161\u00ed dokazov\u00e1n\u00ed neuk\u00e1zalo, \u017ee by tomu tak bylo.<\/p>\n<p class=\"e_bX\">P\u0159ipravujeme podrobnosti.<\/p>\n","protected":false},"excerpt":{"rendered":"Pra\u017esk\u00fd m\u011bstsk\u00fd soud pravomocn\u011b zam\u00edtl \u017ealobu b\u00fdval\u00e9 ministryn\u011b obrany Vlasty Parkanov\u00e9, kter\u00e1 \u017e\u00e1dala od\u0161kodn\u00e9 8,5\u00a0milionu korun za dlouholet\u00e9&hellip;\n","protected":false},"author":2,"featured_media":85240,"comment_status":"","ping_status":"","sticky":false,"template":"","format":"standard","meta":{"footnotes":"","_share_on_mastodon":"0"},"categories":[7],"tags":[922,43,42,41,40,3209,1488,923,26700,555],"class_list":["post-85239","post","type-post","status-publish","format-standard","has-post-thumbnail","category-cesko","tag-armada-cr","tag-ceska-republika","tag-cesko","tag-czech-republic","tag-czechia","tag-letouny","tag-mestsky-soud-v-praze","tag-ministerstvo-obrany","tag-vlasta-parkanova","tag-zaloba"],"share_on_mastodon":{"url":"https:\/\/pubeurope.com\/@cz\/116572324174343864","error":""},"_links":{"self":[{"href":"https:\/\/www.europesays.com\/cz\/wp-json\/wp\/v2\/posts\/85239","targetHints":{"allow":["GET"]}}],"collection":[{"href":"https:\/\/www.europesays.com\/cz\/wp-json\/wp\/v2\/posts"}],"about":[{"href":"https:\/\/www.europesays.com\/cz\/wp-json\/wp\/v2\/types\/post"}],"author":[{"embeddable":true,"href":"https:\/\/www.europesays.com\/cz\/wp-json\/wp\/v2\/users\/2"}],"replies":[{"embeddable":true,"href":"https:\/\/www.europesays.com\/cz\/wp-json\/wp\/v2\/comments?post=85239"}],"version-history":[{"count":0,"href":"https:\/\/www.europesays.com\/cz\/wp-json\/wp\/v2\/posts\/85239\/revisions"}],"wp:featuredmedia":[{"embeddable":true,"href":"https:\/\/www.europesays.com\/cz\/wp-json\/wp\/v2\/media\/85240"}],"wp:attachment":[{"href":"https:\/\/www.europesays.com\/cz\/wp-json\/wp\/v2\/media?parent=85239"}],"wp:term":[{"taxonomy":"category","embeddable":true,"href":"https:\/\/www.europesays.com\/cz\/wp-json\/wp\/v2\/categories?post=85239"},{"taxonomy":"post_tag","embeddable":true,"href":"https:\/\/www.europesays.com\/cz\/wp-json\/wp\/v2\/tags?post=85239"}],"curies":[{"name":"wp","href":"https:\/\/api.w.org\/{rel}","templated":true}]}}