{"id":85692,"date":"2026-05-14T16:13:12","date_gmt":"2026-05-14T16:13:12","guid":{"rendered":"https:\/\/www.europesays.com\/cz\/85692\/"},"modified":"2026-05-14T16:13:12","modified_gmt":"2026-05-14T16:13:12","slug":"ms-hokej-vypada-to-tady-jinak-divil-se-cervenka-v-dejisti-ms","status":"publish","type":"post","link":"https:\/\/www.europesays.com\/cz\/85692\/","title":{"rendered":"MS hokej | Vypad\u00e1 to tady jinak, divil se \u010cervenka v\u00a0d\u011bji\u0161ti MS"},"content":{"rendered":"<p class=\"b_bD\">\u201eVypad\u00e1 to tady jinak,\u201c rozhl\u00ed\u017eel se \u010cervenka v\u00a0\u00fatrob\u00e1ch haly v\u00a0nar\u00e1\u017ece na fakt, \u017ee BCF Arena s\u00a0kapacitou pro 7500\u00a0fanou\u0161k\u016f (pro MS) pro\u0161la mezi lety 2019\u00a0a\u00a02020\u00a0rozs\u00e1hlou rekonstrukc\u00ed.<\/p>\n<p class=\"b_bD\">\u201ePo n\u00ed jsem tu n\u011bkolikr\u00e1t hr\u00e1l jako soupe\u0159 za Rapperswil. V\u017edycky se r\u00e1d vrac\u00ed\u0161 na m\u00edsta, kde jsi str\u00e1vil n\u011bjakou dobu. A\u00a0do Fribourgu jsem jezdil r\u00e1d i\u00a0jako soupe\u0159,\u201c vybavuje si 40let\u00fd matador, jeho\u017e \u010dek\u00e1 u\u017e 13.\u00a0MS v\u00a0kari\u00e9\u0159e.<\/p>\n<p class=\"b_bD\">Na jeho za\u010d\u00e1tku \u010ce\u0161i nepat\u0159\u00ed do \u00fazk\u00e9ho okruhu favorit\u016f na zlato, t\u0159eba tuzemsk\u00e9 s\u00e1zkov\u00e9 kancel\u00e1\u0159e d\u00e1vaj\u00ed v\u011bt\u0161\u00ed \u0161ance Kanad\u011b, \u0160v\u00fdcarsku, Finsku, \u0160v\u00e9dsku i\u00a0Spojen\u00fdm st\u00e1t\u016fm.<\/p>\n<p><img fetchpriority=\"high\" height=\"2731\"   width=\"4096\" src=\"https:\/\/www.europesays.com\/cz\/wp-content\/uploads\/2026\/05\/bb47.jpeg\" loading=\"eager\" decoding=\"sync\" class=\"b_B b_z\"\/>Foto: Petr\u00e1\u0161ek Radek, \u010cTK<\/p>\n<p class=\"b_bD\">Roman \u010cervenka b\u011bhem jednoho z\u00a0tr\u00e9nink\u016f reprezentace ve Fribourgu.<\/p>\n<p class=\"b_bD\">\u201eNem\u00e1me tu takov\u00e9 hr\u00e1\u010de, jak\u00fdmi jsou Pasta (Pastr\u0148\u00e1k) nebo Ne\u010di (Ne\u010das), kte\u0159\u00ed um\u00ed z\u00e1pasy kolikr\u00e1t rozhodnout i\u00a0sami. Mus\u00edme v\u0161echno vsadit na t\u00fdm a\u00a0soudr\u017enost. Po\u0159\u00e1d si mysl\u00edm, \u017ee m\u00e1me dobr\u00fd t\u00fdm, mlad\u00ed kluci jsou \u0161ikovn\u00ed. Jsou osv\u011b\u017een\u00edm kabiny, ale rozhodovat se bude na led\u011b,\u201c \u0159\u00edk\u00e1 \u010cervenka.<\/p>\n<p class=\"b_bD\">I s\u00a0brank\u00e1\u0159i je v\u00a0k\u00e1dru n\u00e1rodn\u00edho t\u00fdmu hned 10\u00a0hr\u00e1\u010d\u016f, kte\u0159\u00ed na MS dosud neodehr\u00e1li jedin\u00fd z\u00e1pas. \u201eMlad\u00ed kluci jsou inteligentn\u00ed, nominaci si za v\u00fdkony v\u00a0cel\u00e9 sezon\u011b zaslou\u017eili. V\u011b\u0159\u00edm, \u017ee moc dob\u0159e v\u011bd\u00ed, co a\u00a0jak. V\u011b\u0159\u00edm, \u017ee chu\u0165, nat\u011b\u0161en\u00ed, radost ze hry a\u00a0bojovnost p\u0159evl\u00e1dnou nad lehkou nervozitou. \u017de pom\u016f\u017eeme jeden druh\u00e9mu. D\u00e1m do toho v\u0161echno, a\u0165 to dopadne co nejl\u00edp,\u201c slibuje \u00fato\u010dn\u00edk Pardubic.<\/p>\n<p><img height=\"2731\"   width=\"4096\" src=\"https:\/\/www.europesays.com\/cz\/wp-content\/uploads\/2026\/05\/32c3.jpeg\" loading=\"eager\" decoding=\"sync\" class=\"b_B b_z\"\/>Foto: Radek Petr\u00e1\u0161ek, \u010cTK<\/p>\n<p class=\"b_bD\">\u010ctvrte\u010dn\u00ed tr\u00e9nink \u010desk\u00e9 hokejov\u00e9 reprezentace v\u00a0d\u011bji\u0161ti mistrovstv\u00ed sv\u011bta.<\/p>\n<p class=\"b_bD\">Ten by m\u011bl nastoupit v\u00a0elitn\u00ed formaci se spoluhr\u00e1\u010dem z\u00a0Dynama Luk\u00e1\u0161em Sedl\u00e1kem a\u00a0Mat\u011bjem Bl\u00fcmelem.<\/p>\n<p class=\"b_bD\">Neboj\u00ed se, \u017ee by slabinou mohli b\u00fdt brank\u00e1\u0159i, kte\u0159\u00ed byli vybr\u00e1ni v\u00fdhradn\u011b z\u00a0evropsk\u00fdch klub\u016f. \u201eM\u00e1me dobr\u00e9 g\u00f3lmany. Dostanou \u0161anci a\u00a0mysl\u00edm, \u017ee ji vyu\u017eij\u00ed nejl\u00edp, jak um\u00ed. T\u00fdm to nijak ne\u0159e\u0161\u00ed. Ba naopak, d\u016fv\u011bru v\u00a0n\u011b m\u00e1me. V\u011b\u0159\u00edm, \u017ee to nebude \u017e\u00e1dn\u00fd probl\u00e9m,\u201c \u0159\u00edk\u00e1 na adresu Josefa Ko\u0159en\u00e1\u0159e, Dominika Pavl\u00e1ta a\u00a0Petra Kv\u00e1\u010di.<\/p>\n<p class=\"b_bD\">\u010cervenka u\u017e se t\u011b\u0161\u00ed na p\u00e1te\u010dn\u00ed ve\u010der, kdy n\u00e1ro\u010f\u00e1k vstoup\u00ed do turnaje z\u00e1pasem proti D\u00e1nsku.\u201e\u010cek\u00e1m stra\u0161n\u011b t\u011b\u017ek\u00fd z\u00e1pas. V\u011b\u0159\u00edm, \u017ee kdy\u017e ho budeme \u010dekat v\u0161ichni a\u00a0dob\u0159e si nastav\u00edme hlavy, zvl\u00e1dneme to. D\u016fle\u017eit\u00fd bude prvn\u00ed g\u00f3l,\u201c tu\u0161\u00ed kapit\u00e1n.<\/p>\n<p>MS v\u00a0hokeji 2026<\/p>\n<p class=\"b_bD\">89.\u00a0ro\u010dn\u00edk <a data-dot=\"atm-link\" target=\"_blank\" href=\"https:\/\/www.sport.cz\/sekce\/hokej-ms-1615\" class=\"b_V\" rel=\"nofollow noopener\">mistrovstv\u00ed sv\u011bta v\u00a0hokeji<\/a> je na programu v\u00a0term\u00ednu od 15.\u00a0do 31.\u00a0kv\u011btna 2026.\u00a0Host\u00ed jej \u0160v\u00fdcarsko ve m\u011bstech Curych a\u00a0Fribourg a\u00a0mistrovsk\u00fd titul obhajuj\u00ed hokejist\u00e9 USA.<\/p>\n<p><a data-dot=\"atm-link\" target=\"_self\" href=\"https:\/\/www.sport.cz\/clanek\/hokej-ms-brankari-uz-vedi-kdo-nastoupi-pavelec-ale-dal-bedlive-sleduje-vyvoj-v-nhl-5454019\" class=\"b_V g_iJ\" rel=\"nofollow noopener\"><img height=\"2731\" width=\"3641\" src=\"https:\/\/www.europesays.com\/cz\/wp-content\/uploads\/2026\/05\/1778775192_886_7de1.jpeg\" loading=\"eager\" decoding=\"sync\" class=\"b_B b_z\"\/><\/a><\/p>\n","protected":false},"excerpt":{"rendered":"\u201eVypad\u00e1 to tady jinak,\u201c rozhl\u00ed\u017eel se \u010cervenka v\u00a0\u00fatrob\u00e1ch haly v\u00a0nar\u00e1\u017ece na fakt, \u017ee BCF Arena s\u00a0kapacitou pro 7500\u00a0fanou\u0161k\u016f&hellip;\n","protected":false},"author":2,"featured_media":85693,"comment_status":"","ping_status":"","sticky":false,"template":"","format":"standard","meta":{"footnotes":"","_share_on_mastodon":"0"},"categories":[10],"tags":[28,17,21,29,18757,16,139,18,19,22,20],"class_list":["post-85692","post","type-post","status-publish","format-standard","has-post-thumbnail","category-zpravy","tag-ceska-hokejova-reprezentace","tag-headlines","tag-hlavni-udalosti","tag-hokej","tag-mistrovstvi-sveta-v-hokeji","tag-news","tag-roman-cervenka","tag-top-news","tag-top-stories","tag-udalosti-dne","tag-zpravy"],"share_on_mastodon":{"url":"https:\/\/pubeurope.com\/@cz\/116573818344974889","error":""},"_links":{"self":[{"href":"https:\/\/www.europesays.com\/cz\/wp-json\/wp\/v2\/posts\/85692","targetHints":{"allow":["GET"]}}],"collection":[{"href":"https:\/\/www.europesays.com\/cz\/wp-json\/wp\/v2\/posts"}],"about":[{"href":"https:\/\/www.europesays.com\/cz\/wp-json\/wp\/v2\/types\/post"}],"author":[{"embeddable":true,"href":"https:\/\/www.europesays.com\/cz\/wp-json\/wp\/v2\/users\/2"}],"replies":[{"embeddable":true,"href":"https:\/\/www.europesays.com\/cz\/wp-json\/wp\/v2\/comments?post=85692"}],"version-history":[{"count":0,"href":"https:\/\/www.europesays.com\/cz\/wp-json\/wp\/v2\/posts\/85692\/revisions"}],"wp:featuredmedia":[{"embeddable":true,"href":"https:\/\/www.europesays.com\/cz\/wp-json\/wp\/v2\/media\/85693"}],"wp:attachment":[{"href":"https:\/\/www.europesays.com\/cz\/wp-json\/wp\/v2\/media?parent=85692"}],"wp:term":[{"taxonomy":"category","embeddable":true,"href":"https:\/\/www.europesays.com\/cz\/wp-json\/wp\/v2\/categories?post=85692"},{"taxonomy":"post_tag","embeddable":true,"href":"https:\/\/www.europesays.com\/cz\/wp-json\/wp\/v2\/tags?post=85692"}],"curies":[{"name":"wp","href":"https:\/\/api.w.org\/{rel}","templated":true}]}}