{"id":86183,"date":"2026-05-15T07:29:08","date_gmt":"2026-05-15T07:29:08","guid":{"rendered":"https:\/\/www.europesays.com\/cz\/86183\/"},"modified":"2026-05-15T07:29:08","modified_gmt":"2026-05-15T07:29:08","slug":"cesko-dansko-ms-hokej-online-vstup-ceska-do-turnaje","status":"publish","type":"post","link":"https:\/\/www.europesays.com\/cz\/86183\/","title":{"rendered":"\u010cesko &#8211; D\u00e1nsko | MS HOKEJ ONLINE: Vstup \u010ceska do turnaje"},"content":{"rendered":"<p class=\"b_bD\">\u201e\u010cek\u00e1 n\u00e1s nevyzpytateln\u00fd soupe\u0159, kter\u00fd na ka\u017ed\u00e9m mistrovstv\u00ed sv\u011bta ud\u011bl\u00e1 n\u011bjak\u00fd p\u0159ekvapiv\u00fd v\u00fdsledek a\u00a0zasko\u010d\u00ed n\u011bkter\u00e9ho z\u00a0favorit\u016f. My v\u0161ak m\u00e1me filozofii po celou dobu, co jsme u\u00a0n\u00e1rodn\u00edho t\u00fdmu, \u017ee se soust\u0159ed\u00edme na sebe, ne na soupe\u0159e. Samoz\u0159ejm\u011b nechceme podcenit nikoho, proto\u017ee v\u00edme, \u017ee se to nevypl\u00e1c\u00ed,\u201c uvedl asistent tren\u00e9ra Ji\u0159\u00ed Kalous.<\/p>\n<p class=\"b_bD\">S D\u00e1ny se n\u00e1rodn\u00ed t\u00fdm utkal ve skupinov\u00e9 f\u00e1zi MS tak\u00e9 p\u0159ed rokem. Po bezbrankov\u00e9 prvn\u00ed t\u0159etin\u011b nakonec bez v\u011bt\u0161\u00edch pot\u00ed\u017e\u00ed zv\u00edt\u011bzil 7:2.\u00a0Zat\u00edmco v\u0161ak \u010ce\u0161i pozd\u011bji vypadli ve \u010dtvrtfin\u00e1le, D\u00e1nov\u00e9 se postarali o\u00a0jedno z\u00a0nejv\u011bt\u0161\u00edch p\u0159ekvapen\u00ed historie \u0161ampion\u00e1t\u016f, kdy\u017e ve stejn\u00e9 \u010d\u00e1sti udolali po obratu v\u00a0z\u00e1v\u011bru z\u00e1pasu Kanadu 2:1\u00a0a\u00a0dostali se poprv\u00e9 mezi nejlep\u0161\u00ed \u010dty\u0159ku. Oba celky se pak utkaly tak\u00e9 na \u00fanorov\u00e9m olympijsk\u00e9m turnaji v\u00a0p\u0159edkole play off v\u00a0Mil\u00e1n\u011b, kde \u010ce\u0161i vyhr\u00e1li 3:2.<\/p>\n<p>MS v\u00a0hokeji 2026<\/p>\n<p class=\"b_bD\">89.\u00a0ro\u010dn\u00edk <a data-dot=\"atm-link\" target=\"_blank\" href=\"https:\/\/www.sport.cz\/sekce\/hokej-ms-1615\" class=\"b_V\" rel=\"nofollow noopener\">mistrovstv\u00ed sv\u011bta v\u00a0hokeji<\/a> se hraje od 15.\u00a0do 31.\u00a0kv\u011btna 2026.\u00a0Host\u00ed jej \u0160v\u00fdcarsko ve m\u011bstech Curych a\u00a0Fribourg a\u00a0mistrovsk\u00fd titul obhajuj\u00ed hokejist\u00e9 USA.<\/p>\n<p class=\"b_bD\">V d\u00e1nsk\u00e9m v\u00fdb\u011bru nechyb\u00ed \u00fato\u010dn\u00edk Nick Olesen z\u00a0\u010cesk\u00fdch Bud\u011bjovic, jen\u017e o\u00a0lo\u0148sk\u00e9 pam\u00e1tn\u00e9 v\u00fdh\u0159e p\u0159ed dom\u00e1c\u00edm publikem v\u00a0Herningu nad vysoce favorizovanou Kanadou rozhodl 49\u00a0sekund p\u0159ed koncem. \u201eD\u00e1nsko je n\u00e1ro\u010dn\u00fd soupe\u0159. Prvn\u00ed z\u00e1pasy jsou nav\u00edc v\u017edy takov\u00e9 v\u0161elijak\u00e9, ne\u017e se v\u0161echno naplno rozb\u011bhne. V\u0161ichni maj\u00ed hodn\u011b sil. \u010cek\u00e1m hrozn\u011b t\u011b\u017ek\u00fd z\u00e1pas, ale v\u011b\u0159\u00edm, \u017ee kdy\u017e to budeme m\u00edt takhle v\u0161ichni a\u00a0nastav\u00edme si hlavy na to, co n\u00e1s \u010dek\u00e1, tak to zvl\u00e1dneme. V\u017edy je d\u016fle\u017eit\u00fd prvn\u00ed g\u00f3l, j\u00e1 douf\u00e1m, \u017ee budeme stoprocentn\u011b p\u0159ipraveni,\u201c uvedl kapit\u00e1n Roman \u010cervenka.<\/p>\n<p><a data-dot=\"atm-link\" target=\"_self\" href=\"https:\/\/www.sport.cz\/clanek\/hokej-ms-kviz-kapitani-mistru-sveta-poznate-je-vsechny-5454018\" class=\"b_V g_iJ\" rel=\"nofollow noopener\"><img fetchpriority=\"high\" height=\"2573\" width=\"3430\" src=\"https:\/\/www.europesays.com\/cz\/wp-content\/uploads\/2026\/05\/cervenka-kviz-hokej.jpeg\" loading=\"eager\" decoding=\"sync\" class=\"b_B b_z\"\/><\/a><\/p>\n<p class=\"b_bD\">\u010cesk\u00fd t\u00fdm ve \u010dtvrtek ve\u010der zapsal na soupisku dva g\u00f3lmany a\u00a020\u00a0hr\u00e1\u010d\u016f do pole. Na tribun\u011b tak zat\u00edm budou brank\u00e1\u0159 Petr Kv\u00e1\u010da, obr\u00e1nce Jan \u0160\u010dotka a\u00a0\u00fato\u010dn\u00edk Jan Mand\u00e1t.<\/p>\n<p>P\u0159edpokl\u00e1dan\u00e1 sestava \u010ceska proti D\u00e1nsku:Ko\u0159en\u00e1\u0159\/Pavl\u00e1t &#8211; Hronek, Kempn\u00fd, H\u00e1jek, Cibulka, Alscher, Tich\u00e1\u010dek, T. Galvas &#8211; Bl\u00fcmel, L. Sedl\u00e1k, \u010cervenka &#8211; Flek, Tom\u00e1\u0161ek, D. Vo\u017een\u00edlek &#8211; M. Kaut, Melovsk\u00fd, Kubal\u00edk &#8211; O. Ber\u00e1nek, \u010cernoch, Chmela\u0159 &#8211; M. Kova\u0159\u010d\u00edk.<a data-dot=\"atm-link\" target=\"_self\" href=\"https:\/\/www.sport.cz\/clanek\/hokej-ms-kritika-od-rulika-pomohla-lepsi-nez-kdyby-me-porad-nekdo-chvalil-tvrdi-benjaminek-tymu-5454064\" class=\"b_V g_iJ\" rel=\"nofollow noopener\"><img height=\"2730\" width=\"3641\" src=\"https:\/\/www.europesays.com\/cz\/wp-content\/uploads\/2026\/05\/692a.jpeg\" loading=\"eager\" decoding=\"sync\" class=\"b_B b_z\"\/><\/a><\/p>\n","protected":false},"excerpt":{"rendered":"\u201e\u010cek\u00e1 n\u00e1s nevyzpytateln\u00fd soupe\u0159, kter\u00fd na ka\u017ed\u00e9m mistrovstv\u00ed sv\u011bta ud\u011bl\u00e1 n\u011bjak\u00fd p\u0159ekvapiv\u00fd v\u00fdsledek a\u00a0zasko\u010d\u00ed n\u011bkter\u00e9ho z\u00a0favorit\u016f. My v\u0161ak&hellip;\n","protected":false},"author":2,"featured_media":86184,"comment_status":"","ping_status":"","sticky":false,"template":"","format":"standard","meta":{"footnotes":"","_share_on_mastodon":"0"},"categories":[10],"tags":[28,17,21,29,18757,16,450,139,18,19,22,20],"class_list":["post-86183","post","type-post","status-publish","format-standard","has-post-thumbnail","category-zpravy","tag-ceska-hokejova-reprezentace","tag-headlines","tag-hlavni-udalosti","tag-hokej","tag-mistrovstvi-sveta-v-hokeji","tag-news","tag-radim-rulik","tag-roman-cervenka","tag-top-news","tag-top-stories","tag-udalosti-dne","tag-zpravy"],"share_on_mastodon":{"url":"https:\/\/pubeurope.com\/@cz\/116577420187888663","error":""},"_links":{"self":[{"href":"https:\/\/www.europesays.com\/cz\/wp-json\/wp\/v2\/posts\/86183","targetHints":{"allow":["GET"]}}],"collection":[{"href":"https:\/\/www.europesays.com\/cz\/wp-json\/wp\/v2\/posts"}],"about":[{"href":"https:\/\/www.europesays.com\/cz\/wp-json\/wp\/v2\/types\/post"}],"author":[{"embeddable":true,"href":"https:\/\/www.europesays.com\/cz\/wp-json\/wp\/v2\/users\/2"}],"replies":[{"embeddable":true,"href":"https:\/\/www.europesays.com\/cz\/wp-json\/wp\/v2\/comments?post=86183"}],"version-history":[{"count":0,"href":"https:\/\/www.europesays.com\/cz\/wp-json\/wp\/v2\/posts\/86183\/revisions"}],"wp:featuredmedia":[{"embeddable":true,"href":"https:\/\/www.europesays.com\/cz\/wp-json\/wp\/v2\/media\/86184"}],"wp:attachment":[{"href":"https:\/\/www.europesays.com\/cz\/wp-json\/wp\/v2\/media?parent=86183"}],"wp:term":[{"taxonomy":"category","embeddable":true,"href":"https:\/\/www.europesays.com\/cz\/wp-json\/wp\/v2\/categories?post=86183"},{"taxonomy":"post_tag","embeddable":true,"href":"https:\/\/www.europesays.com\/cz\/wp-json\/wp\/v2\/tags?post=86183"}],"curies":[{"name":"wp","href":"https:\/\/api.w.org\/{rel}","templated":true}]}}