{"id":86336,"date":"2026-05-15T09:41:12","date_gmt":"2026-05-15T09:41:12","guid":{"rendered":"https:\/\/www.europesays.com\/cz\/86336\/"},"modified":"2026-05-15T09:41:12","modified_gmt":"2026-05-15T09:41:12","slug":"nhl-vancouver-budou-ridit-legendarni-bratri","status":"publish","type":"post","link":"https:\/\/www.europesays.com\/cz\/86336\/","title":{"rendered":"NHL | Vancouver budou \u0159\u00eddit legend\u00e1rn\u00ed brat\u0159i"},"content":{"rendered":"<p class=\"b_bD\">Brat\u0159i Sedinov\u00e9 odehr\u00e1li za Canucks 17\u00a0sezon a\u00a0v historick\u00fdch tabulk\u00e1ch jim v\u00a0\u0159ad\u011b statistik pat\u0159\u00ed p\u0159edn\u00ed pozice. Henrik je prvn\u00ed v\u00a0klubov\u00fdch d\u011bjin\u00e1ch podle odehran\u00fdch z\u00e1pas\u016f (1330), Daniel je druh\u00fd (1306) a\u00a0je rekordmanem v\u00a0po\u010dtu g\u00f3l\u016f (393). V\u00a0bodech je Daniel (1041) druh\u00fd za Henrikem (1070). P\u0159ed \u010dty\u0159mi lety byli spole\u010dn\u011b uvedeni do hokejov\u00e9 S\u00edn\u011b sl\u00e1vy.<\/p>\n<p class=\"b_bD\">Johnson p\u016fsob\u00ed ve Vancouveru od roku 2013, posledn\u00ed dva roky byl Allvinov\u00fdm asistentem. P\u0159esto\u017ee bude nyn\u00ed ofici\u00e1ln\u011b pod\u0159\u00edzen\u00fd bratr\u016fm Sedinov\u00fdm, majitel Canucks Francesco Aquilini v\u011b\u0159\u00ed, \u017ee nav\u00e1\u017ee na pr\u00e1ci na farm\u011b Canucks v\u00a0Abbotsfordu, kde vybudoval t\u00fdm, kter\u00fd loni ovl\u00e1dl play off ni\u017e\u0161\u00ed AHL a\u00a0z\u00edskal Calder Cup. Vancouver byl v\u00a0sezon\u011b 2025\/26\u00a0nejhor\u0161\u00edm t\u00fdmem NHL.<\/p>\n<p><a data-dot=\"atm-link\" target=\"_self\" href=\"https:\/\/www.sport.cz\/clanek\/hokej-nhl-tri-goly-za-jedenact-minut-ale-pak-uz-ciste-konto-dobes-prispel-k-dulezite-vyhre-montrealu-5454081\" class=\"b_V g_iJ\" rel=\"nofollow noopener\"><img fetchpriority=\"high\" height=\"2400\" width=\"3200\" src=\"https:\/\/www.europesays.com\/cz\/wp-content\/uploads\/2026\/05\/1778838072_600_80c9.jpeg\" loading=\"eager\" decoding=\"sync\" class=\"b_B b_z\"\/><\/a><\/p>\n","protected":false},"excerpt":{"rendered":"Brat\u0159i Sedinov\u00e9 odehr\u00e1li za Canucks 17\u00a0sezon a\u00a0v historick\u00fdch tabulk\u00e1ch jim v\u00a0\u0159ad\u011b statistik pat\u0159\u00ed p\u0159edn\u00ed pozice. Henrik je prvn\u00ed&hellip;\n","protected":false},"author":2,"featured_media":86337,"comment_status":"","ping_status":"","sticky":false,"template":"","format":"standard","meta":{"footnotes":"","_share_on_mastodon":"0"},"categories":[15],"tags":[26947,29,1553,94,93,2785],"class_list":["post-86336","post","type-post","status-publish","format-standard","has-post-thumbnail","category-sport","tag-daniel-sedin","tag-hokej","tag-nhl","tag-sport","tag-sports","tag-vancouver-canucks"],"share_on_mastodon":{"url":"https:\/\/pubeurope.com\/@cz\/116577939256248877","error":""},"_links":{"self":[{"href":"https:\/\/www.europesays.com\/cz\/wp-json\/wp\/v2\/posts\/86336","targetHints":{"allow":["GET"]}}],"collection":[{"href":"https:\/\/www.europesays.com\/cz\/wp-json\/wp\/v2\/posts"}],"about":[{"href":"https:\/\/www.europesays.com\/cz\/wp-json\/wp\/v2\/types\/post"}],"author":[{"embeddable":true,"href":"https:\/\/www.europesays.com\/cz\/wp-json\/wp\/v2\/users\/2"}],"replies":[{"embeddable":true,"href":"https:\/\/www.europesays.com\/cz\/wp-json\/wp\/v2\/comments?post=86336"}],"version-history":[{"count":0,"href":"https:\/\/www.europesays.com\/cz\/wp-json\/wp\/v2\/posts\/86336\/revisions"}],"wp:featuredmedia":[{"embeddable":true,"href":"https:\/\/www.europesays.com\/cz\/wp-json\/wp\/v2\/media\/86337"}],"wp:attachment":[{"href":"https:\/\/www.europesays.com\/cz\/wp-json\/wp\/v2\/media?parent=86336"}],"wp:term":[{"taxonomy":"category","embeddable":true,"href":"https:\/\/www.europesays.com\/cz\/wp-json\/wp\/v2\/categories?post=86336"},{"taxonomy":"post_tag","embeddable":true,"href":"https:\/\/www.europesays.com\/cz\/wp-json\/wp\/v2\/tags?post=86336"}],"curies":[{"name":"wp","href":"https:\/\/api.w.org\/{rel}","templated":true}]}}