{"id":86446,"date":"2026-05-15T10:57:17","date_gmt":"2026-05-15T10:57:17","guid":{"rendered":"https:\/\/www.europesays.com\/cz\/86446\/"},"modified":"2026-05-15T10:57:17","modified_gmt":"2026-05-15T10:57:17","slug":"volkswagen-modernizuje-dalsi-elektromobily-nabidnou-radu-novych-funkci","status":"publish","type":"post","link":"https:\/\/www.europesays.com\/cz\/86446\/","title":{"rendered":"Volkswagen modernizuje dal\u0161\u00ed elektromobily, nab\u00eddnou \u0159adu nov\u00fdch funkc\u00ed"},"content":{"rendered":"<p class=\"c_bz\">D\u00edky nov\u00e9mu softwaru nab\u00eddne modernizovan\u00e1 rodina model\u016f Volkswagen ID \u0159adu nov\u00fdch funkc\u00ed, mezi kter\u00e9 pat\u0159\u00ed nap\u0159\u00edklad Connected Travel Assist s\u00a0rozpozn\u00e1v\u00e1n\u00edm semafor\u016f a\u00a0ovl\u00e1d\u00e1n\u00edm vozu pomoc\u00ed jednoho ped\u00e1lu, kdy v\u016fz po sund\u00e1n\u00ed nohy z\u00a0akceler\u00e1toru zpomaluje a\u017e do \u00fapln\u00e9ho zastaven\u00ed.<\/p>\n<p class=\"c_bz\">Modely ID. 4, ID.7\u00a0a\u00a0ID.7\u00a0Tourer jsou tak\u00e9 nov\u011b vybaveny infotainmentem Innovision, postaven\u00fdm na platform\u011b Android, kter\u00fd nab\u00eddne mimo jin\u00e9 obchod s\u00a0aplikacemi a\u00a0\u0159adu dal\u0161\u00edch funkc\u00ed. Nechyb\u00ed tak mo\u017enost stahovat hry, aplikace pro streamov\u00e1n\u00ed videa atd.<\/p>\n<p class=\"c_bz\">B\u011bhem druh\u00e9 poloviny roku pak automobilka pro tyto modely nab\u00eddne na p\u0159\u00e1n\u00ed i\u00a0tzv. digit\u00e1ln\u00ed kl\u00ed\u010d, d\u00edky \u010demu\u017e bude mo\u017en\u00e9 zajistit p\u0159\u00edstup k\u00a0vozu jen pomoc\u00ed chytr\u00e9ho telefonu \u010di hodinek. Funkce bude dopl\u0148kem klasick\u00e9ho kl\u00ed\u010dku a\u00a0podporov\u00e1na bude za\u0159\u00edzen\u00edmi s\u00a0opera\u010dn\u00edm syst\u00e9mem iOS i\u00a0Android.<\/p>\n<p><a data-dot=\"atm-link\" target=\"_self\" href=\"https:\/\/www.novinky.cz\/clanek\/auto-modernizace-volkswagenu-id-3-napravuje-stare-chyby-40573508\" class=\"c_N\" rel=\"nofollow noopener\"><img fetchpriority=\"high\" height=\"1009\" width=\"1795\" src=\"https:\/\/www.europesays.com\/cz\/wp-content\/uploads\/2026\/04\/1776853812_809_volkswagen-id-3-id-3-neo-elektromobil-vw.jpeg\" loading=\"eager\" decoding=\"sync\" class=\"c_t c_r\"\/><\/a><\/p>\n<p class=\"c_bz\">Dal\u0161\u00ed d\u016fle\u017eitou novinkou bude zaveden\u00ed funkce V2L, tedy Vehicle to Load, d\u00edky kter\u00e9 je mo\u017en\u00e9 nab\u00edjet extern\u00ed za\u0159\u00edzen\u00ed z\u00a0baterie vozu. Za\u0159\u00edzen\u00ed bude mo\u017en\u00e9 p\u0159ipojit p\u0159es 230V z\u00e1suvku v\u00a0kabin\u011b, p\u0159\u00edpadn\u011b p\u0159es adapt\u00e9r do nab\u00edjec\u00ed z\u00e1suvky. Nab\u00edjec\u00ed v\u00fdkon bude dosahovat a\u017e 3,6\u00a0kW.<\/p>\n<p class=\"c_bz\">SUV Model ID.4\u00a0pak v\u00a0z\u00e1kladn\u00ed v\u00fdbav\u011b Pure nab\u00eddne d\u00edky modernizaci nov\u00fd elektromotor s\u00a0v\u00fdkonem 190\u00a0kon\u00ed, kter\u00fd slibuje ni\u017e\u0161\u00ed spot\u0159ebu a\u00a0prodlou\u017e\u00ed dojezd a\u017e o\u00a040\u00a0kilometr\u016f. Nov\u00e1 je tak\u00e9 LFP baterie s\u00a0kapacitou 58\u00a0kWh. Dojezd modelu ID.4\u00a0se tak dle velikosti baterie bude pohybovat od 431\u00a0po 564\u00a0km. Cena modelu Pure startuje od 959\u00a0000\u00a0korun.<\/p>\n<p><img height=\"1197\"   width=\"1795\" src=\"https:\/\/www.europesays.com\/cz\/wp-content\/uploads\/2026\/05\/volkswagen-id-7-tourer-elektromobil.jpeg\" loading=\"eager\" decoding=\"sync\" class=\"c_t c_r\"\/>Foto: Volkswagen<\/p>\n<p class=\"c_bz\">Elektrick\u00e9 kombi Volkswagen ID.7\u00a0Tourer nab\u00eddne dojezd a\u017e 676\u00a0kilometr\u016f.<\/p>\n<p class=\"c_bz\">U velk\u00e9ho sedanu ID.7\u00a0z\u016fst\u00e1v\u00e1 dojezd a\u017e 698\u00a0kilometr\u016f, vrcholn\u00e1 verze nav\u00edc pot\u011b\u0161\u00ed v\u00fdkonem 340\u00a0kon\u00ed a\u00a0pohonem v\u0161ech kol. K\u00a0dispozici je p\u011bt stup\u0148\u016f v\u00fdbavy s\u00a0cenou od 1\u00a0116\u00a0000\u00a0korun. U\u00a0komb\u00edku ID.7\u00a0Tourer automobilka roz\u0161\u00ed\u0159ila nab\u00eddku o\u00a0v\u00fdbavy Pure a\u00a0Pure People, s\u00a0cenou od 1\u00a0136\u00a0000\u00a0korun. Dojezd pak dosahuje a\u017e 676\u00a0kilometr\u016f.<\/p>\n<p class=\"c_bz\">Na trh tak\u00e9 vstoupil model ID.3\u00a0Neo, dostupn\u00fd ve t\u0159ech stupn\u00edch v\u00fdbavy, s\u00a0cenou od 749\u00a0000\u00a0korun. V\u016fz nab\u00edz\u00ed nov\u011b vyvinut\u00fd pohon, p\u0159inesl z\u00e1sadn\u00ed vylep\u0161en\u00ed kabiny i\u00a0software, a\u00a0jeho dojezd se v\u00a0z\u00e1vislosti na verzi pohybuje od v\u00edce ne\u017e 400\u00a0po 630\u00a0kilometr\u016f.<\/p>\n<p><a data-dot=\"atm-link\" target=\"_self\" href=\"https:\/\/www.novinky.cz\/clanek\/auto-golf-gti-edition-50-se-stal-nejrychlejsi-predokolkou-na-nurburgringu-40577646\" class=\"c_N\" rel=\"nofollow noopener\"><img height=\"1009\" width=\"1795\" src=\"https:\/\/www.europesays.com\/cz\/wp-content\/uploads\/2026\/05\/1778745251_251_volkswagen-golf-gti-edition-50-hot-hatch-hatchback.jpeg\" loading=\"eager\" decoding=\"sync\" class=\"c_t c_r\"\/><\/a><a data-dot=\"atm-link\" target=\"_self\" href=\"https:\/\/www.novinky.cz\/clanek\/auto-je-tohle-das-auto-nove-ery-volkswagen-predstavil-id-polo-40575872\" class=\"c_N\" rel=\"nofollow noopener\"><img height=\"1009\" width=\"1795\" src=\"https:\/\/www.europesays.com\/cz\/wp-content\/uploads\/2026\/05\/volkswagen-id-polo-polo-elektromobil.jpeg\" loading=\"eager\" decoding=\"sync\" class=\"c_t c_r\"\/><\/a><\/p>\n","protected":false},"excerpt":{"rendered":"D\u00edky nov\u00e9mu softwaru nab\u00eddne modernizovan\u00e1 rodina model\u016f Volkswagen ID \u0159adu nov\u00fdch funkc\u00ed, mezi kter\u00e9 pat\u0159\u00ed nap\u0159\u00edklad Connected Travel&hellip;\n","protected":false},"author":2,"featured_media":86447,"comment_status":"","ping_status":"","sticky":false,"template":"","format":"standard","meta":{"footnotes":"","_share_on_mastodon":"0"},"categories":[12],"tags":[67,68,133,5455,1351,1352,7208],"class_list":["post-86446","post","type-post","status-publish","format-standard","has-post-thumbnail","category-byznys","tag-business","tag-byznys","tag-elektromobily-ev","tag-modernizace","tag-volkswagen","tag-volkswagen-id-4","tag-volkswagen-id-7"],"share_on_mastodon":{"url":"https:\/\/pubeurope.com\/@cz\/116578238212249554","error":""},"_links":{"self":[{"href":"https:\/\/www.europesays.com\/cz\/wp-json\/wp\/v2\/posts\/86446","targetHints":{"allow":["GET"]}}],"collection":[{"href":"https:\/\/www.europesays.com\/cz\/wp-json\/wp\/v2\/posts"}],"about":[{"href":"https:\/\/www.europesays.com\/cz\/wp-json\/wp\/v2\/types\/post"}],"author":[{"embeddable":true,"href":"https:\/\/www.europesays.com\/cz\/wp-json\/wp\/v2\/users\/2"}],"replies":[{"embeddable":true,"href":"https:\/\/www.europesays.com\/cz\/wp-json\/wp\/v2\/comments?post=86446"}],"version-history":[{"count":0,"href":"https:\/\/www.europesays.com\/cz\/wp-json\/wp\/v2\/posts\/86446\/revisions"}],"wp:featuredmedia":[{"embeddable":true,"href":"https:\/\/www.europesays.com\/cz\/wp-json\/wp\/v2\/media\/86447"}],"wp:attachment":[{"href":"https:\/\/www.europesays.com\/cz\/wp-json\/wp\/v2\/media?parent=86446"}],"wp:term":[{"taxonomy":"category","embeddable":true,"href":"https:\/\/www.europesays.com\/cz\/wp-json\/wp\/v2\/categories?post=86446"},{"taxonomy":"post_tag","embeddable":true,"href":"https:\/\/www.europesays.com\/cz\/wp-json\/wp\/v2\/tags?post=86446"}],"curies":[{"name":"wp","href":"https:\/\/api.w.org\/{rel}","templated":true}]}}