{"id":86471,"date":"2026-05-15T11:23:06","date_gmt":"2026-05-15T11:23:06","guid":{"rendered":"https:\/\/www.europesays.com\/cz\/86471\/"},"modified":"2026-05-15T11:23:06","modified_gmt":"2026-05-15T11:23:06","slug":"tomasek-o-namluvach-s-pardubicemi-mely-jasnou-vizi-slozeni-tymu-se-mi-zamlouvalo-idnes-cz","status":"publish","type":"post","link":"https:\/\/www.europesays.com\/cz\/86471\/","title":{"rendered":"Tom\u00e1\u0161ek o n\u00e1mluv\u00e1ch s Pardubicemi: M\u011bly jasnou vizi, slo\u017een\u00ed t\u00fdmu se mi zamlouvalo &#8211; iDNES.cz"},"content":{"rendered":"<p><a href=\"https:\/\/news.google.com\/rss\/articles\/CBMi2gFBVV95cUxNWEdxTUVDLVM2a083bWpvdF9vd3RyRjR2azdlUi0xa3gtempBdlpPQjBQcXJGd1dPVEF6aXFSTzJ5ZGlNOHJWMGQtRnRtdFpab0h6Wlg0Wlg1TWE2VERmajRWTVRLd1FXYXRGTnl2QUdaMlNEVE8ta0FkOGJpemFMd1BJTG54NHhVaDYtQkd0czl3MUhoRzh3dk4wSXUzZ1Q4VU1tSU5QejJBcVplLXI5WDkyYUowS0YxZU1ZZEVJZG5ueTlwejZ5eDc3ZHUxUGVVdE1UT1lidklSQQ?oc=5\" target=\"_blank\" rel=\"nofollow noopener\">Tom\u00e1\u0161ek o n\u00e1mluv\u00e1ch s Pardubicemi: M\u011bly jasnou vizi, slo\u017een\u00ed t\u00fdmu se mi zamlouvalo<\/a>&nbsp;&nbsp;iDNES.cz<a href=\"https:\/\/news.google.com\/rss\/articles\/CBMirgFBVV95cUxNNE0xaldIcGVLckZoeTVBLTVOQlVwdzh1WW1BZ2ppNklIRDVEZXU0WFBFd3R6eEZRd0ZzRXE1Q29QM05meXdYWmhFOFJpQWNtVloySUc3M2w1SFRWLU5SRHFHbVJUQ09XZUROMjBPNDJxMkdhSGMtb2dYWndFZVNOTERXVHBkR2x1Q2hiSUEtQTdfeW9sTFEzWEN0THhvemRoODdGU0RWUVZNem1wcFE?oc=5\" target=\"_blank\" rel=\"nofollow noopener\">L\u00eddr reprezentace se vrac\u00ed do Dynama! Potvrd\u00ed pov\u011bst nejlep\u0161\u00edho \u00fato\u010dn\u00edka v Evrop\u011b?<\/a>&nbsp;&nbsp;Hokej.cz<a href=\"https:\/\/news.google.com\/rss\/articles\/CBMiuwFBVV95cUxOc2gxN3ZDZFdXVmpDZ0NXT0JxanJvUmcyWnJ1a2FhN253aTRvWnRyNENWVGwtSWhaYktLTThwNHRib1E4Y2xDVFVzMndJRVZGZGs1NjQ4Y3A4cFZNOHNuTHVuZWZka2VCTVBCTlc2eVdwZjFsclRhOGxJcmtVaFNOeDIwZ0R2TTJmQ20xZjFfQWJjOGk0R1R6WEhiUGtVUlBtU0xHUmlLcjM3ZGk5elJKRm9IdjBCYURRcmdF?oc=5\" target=\"_blank\" rel=\"nofollow noopener\">\u010cesk\u00fd l\u00eddr pro MS hr\u00e1l s McDavidem. NHL opustil kv\u016fli reprezentaci<\/a>&nbsp;&nbsp;Seznam Zpr\u00e1vy<a href=\"https:\/\/news.google.com\/rss\/articles\/CBMi3gFBVV95cUxNcjVlcUxNXzVxVzd4TTFCRE9MUUNBZ3dqcFcyd21SODh1bmJIRi14bGNHVTl4U0lKbE1jVEVyQXVETlRjTkdBa3ZiRE5tZWl2TjRjOE9sVnozMmxwcUgyczZyQXJPMkJ6MEFwNE93a2VHeFA4Q3U4b2xzVjBtX01XNlo0MUg3TzJ4dmQtMmF6ZmVhSm9UYzBURGNxM1JaMnFRZ2NzTmRaM0NCMmxucGhQaV9QLUtjSlUxa3Z0Z3ZHM3ZpQ2Y4OEpkU0VvdnFwMzA4djkwZ2Y3WWp6VWc5c3fSAeMBQVVfeXFMT2lURlp6LVFmRFpFU3o1R3Y0TmtBbHZjWmNKWFhldHhQUVMwV0JxeXJkbzRiTVFUdUtrZXI1LVd5dlkwOFlDVUtDS3lCNkVJSVVjbzlEb1dmVEtFV2tvXzc3WE9tWVFBTzF6RUIxMmpiYjJMRWs1RFRGVUxnQy1qZ1hBQzdjdGphUmxhX0tuam9TSmE2TmhCeFBMb2NxR3U1THhmbW5lQXRFWWRENHZJMXRPdlF1VjFqUlpCUUl1VWZSX0xVYjRpNVgxZWN6bHRsUUNJQlU3OFhMYmUzQ0dDWm9jWlE?oc=5\" target=\"_blank\" rel=\"nofollow noopener\">P\u0159estupy v extralize ONLINE: Dynamo potvrdilo velkou posilu, ze \u0160v\u00e9dska p\u0159ich\u00e1z\u00ed mistr sv\u011bta<\/a>&nbsp;&nbsp;Prahanadlani.cz<a href=\"https:\/\/news.google.com\/rss\/articles\/CBMiU0FVX3lxTE8tMmJURTN6aWtZUHJkbERwbERrMjVOcTJ3MGZlblliMjFsU2l6SERMSVdKaWlOVDZxak9Ddlg2MTRwR05mNDBtVFZkVXdqcHJ4OFNZ?oc=5\" target=\"_blank\" rel=\"nofollow noopener\">Hokejov\u00fd \u00fato\u010dn\u00edk Tom\u00e1\u0161ek z F\u00e4rjestadu pos\u00edlil mistrovsk\u00e9 Pardubice<\/a>&nbsp;&nbsp;\u010cesk\u00e9 noviny<\/p>\n","protected":false},"excerpt":{"rendered":"Tom\u00e1\u0161ek o n\u00e1mluv\u00e1ch s Pardubicemi: M\u011bly jasnou vizi, slo\u017een\u00ed t\u00fdmu se mi zamlouvalo&nbsp;&nbsp;iDNES.czL\u00eddr reprezentace se vrac\u00ed do Dynama!&hellip;\n","protected":false},"author":2,"featured_media":86472,"comment_status":"","ping_status":"","sticky":false,"template":"","format":"standard","meta":{"footnotes":"","_share_on_mastodon":"0"},"categories":[15],"tags":[17638,13359,9975,94,93],"class_list":["post-86471","post","type-post","status-publish","format-standard","has-post-thumbnail","category-sport","tag-david-tomasek","tag-dynamo-pardubice","tag-pardubicky-kraj","tag-sport","tag-sports"],"share_on_mastodon":{"url":"https:\/\/pubeurope.com\/@cz\/116578340276960698","error":""},"_links":{"self":[{"href":"https:\/\/www.europesays.com\/cz\/wp-json\/wp\/v2\/posts\/86471","targetHints":{"allow":["GET"]}}],"collection":[{"href":"https:\/\/www.europesays.com\/cz\/wp-json\/wp\/v2\/posts"}],"about":[{"href":"https:\/\/www.europesays.com\/cz\/wp-json\/wp\/v2\/types\/post"}],"author":[{"embeddable":true,"href":"https:\/\/www.europesays.com\/cz\/wp-json\/wp\/v2\/users\/2"}],"replies":[{"embeddable":true,"href":"https:\/\/www.europesays.com\/cz\/wp-json\/wp\/v2\/comments?post=86471"}],"version-history":[{"count":0,"href":"https:\/\/www.europesays.com\/cz\/wp-json\/wp\/v2\/posts\/86471\/revisions"}],"wp:featuredmedia":[{"embeddable":true,"href":"https:\/\/www.europesays.com\/cz\/wp-json\/wp\/v2\/media\/86472"}],"wp:attachment":[{"href":"https:\/\/www.europesays.com\/cz\/wp-json\/wp\/v2\/media?parent=86471"}],"wp:term":[{"taxonomy":"category","embeddable":true,"href":"https:\/\/www.europesays.com\/cz\/wp-json\/wp\/v2\/categories?post=86471"},{"taxonomy":"post_tag","embeddable":true,"href":"https:\/\/www.europesays.com\/cz\/wp-json\/wp\/v2\/tags?post=86471"}],"curies":[{"name":"wp","href":"https:\/\/api.w.org\/{rel}","templated":true}]}}