{"id":87041,"date":"2026-05-15T20:37:08","date_gmt":"2026-05-15T20:37:08","guid":{"rendered":"https:\/\/www.europesays.com\/cz\/87041\/"},"modified":"2026-05-15T20:37:08","modified_gmt":"2026-05-15T20:37:08","slug":"posilujeme-brankoviste-ze-slovenske-extraligy-prichazi-zkuseny-pavel-kantor","status":"publish","type":"post","link":"https:\/\/www.europesays.com\/cz\/87041\/","title":{"rendered":"Posilujeme brankovi\u0161t\u011b! Ze slovensk\u00e9 extraligy p\u0159ich\u00e1z\u00ed zku\u0161en\u00fd Pavel Kantor"},"content":{"rendered":"<p>\n\t\t\t\t\t\tDnes | Redakce\n\t\t\t\t\t<\/p>\n<p>\n\t\t\t\t\t\tZl\u00edn\u0161t\u00ed Berani p\u0159ed startem letn\u00ed p\u0159\u00edpravy na novou sezonu v\u00edtaj\u00ed ve sv\u00fdch \u0159ad\u00e1ch v po\u0159ad\u00ed ji\u017e \u010dtvrtou posilu. St\u00e1v\u00e1 se j\u00ed zku\u0161en\u00fd brank\u00e1\u0159 Pavel Kantor, kter\u00fd uplynul\u00e9 \u010dty\u0159i roky \u00fasp\u011b\u0161n\u011b str\u00e1vil ve slovensk\u00e9 nejvy\u0161\u0161\u00ed sout\u011b\u017ei. Ve Zl\u00edn\u011b nyn\u00ed utvo\u0159\u00ed silnou dvojici s odchovancem Danielem Hufem.\n\t\t\t\t\t<\/p>\n<p>\u010cty\u0159iat\u0159icetilet\u00fd odchovanec \u010deskobud\u011bjovick\u00e9ho hokeje do sv\u011bta seniorsk\u00e9ho hokeje pronikl pr\u00e1v\u011b v barv\u00e1ch jiho\u010desk\u00e9ho celku, ji\u017e v ml\u00e1de\u017enick\u00e9m v\u011bku ale mimo jin\u00e9 nasb\u00edral cenn\u00e9 zku\u0161enosti b\u011bhem ro\u010dn\u00edho anga\u017em\u00e1 v Norsku. V dom\u00e1c\u00ed extralize posl\u00e9ze odchytal p\u0159es 200 utk\u00e1n\u00ed, v nich\u017e krom\u011b mate\u0159sk\u00e9ho celku h\u00e1jil tak\u00e9 barvy V\u00edtkovic, Litv\u00ednova, Mlad\u00e9 Boleslavi, T\u0159ince a Pardubic. V roce 2019 si kr\u00e1tce vyzkou\u0161el p\u016fsoben\u00ed na britsk\u00fdch ostrovech v barv\u00e1ch Sheffieldu, uplynul\u00e9 \u010dty\u0159i sezony pak str\u00e1vil na Slovensku, kde byl oporou Nov\u00fdch Z\u00e1mk\u016f a Zvolenu.&#13;\n<\/p>\n<p>\u201ePavel je zku\u0161en\u00fd, klidn\u00fd a pozi\u010dn\u011b siln\u00fd brank\u00e1\u0159, kter\u00fd b\u011bhem kari\u00e9ry uk\u00e1zal, \u017ee um\u00ed pod\u00e1vat vyrovnan\u00e9 v\u00fdkony. Jedn\u00e1 se o pracovit\u00e9ho hr\u00e1\u010de a skv\u011bl\u00e9ho profesion\u00e1la. V\u011b\u0159\u00edm, \u017ee ve dvojici s Danem Hufem vytvo\u0159\u00ed siln\u00fd brank\u00e1\u0159sk\u00fd tandem.\u201c<\/p>\n<p>Jaroslav Bala\u0161t\u00edk, sportovn\u00ed mana\u017eer<\/p>\n<p><\/p>\n<p>Pavle, v\u00edt\u00e1me t\u011b ve Zl\u00edn\u011b a p\u0159ejeme mnoho \u00fasp\u011bch\u016f v na\u0161em brankovi\u0161ti!&#13;<\/p>\n","protected":false},"excerpt":{"rendered":"Dnes | Redakce Zl\u00edn\u0161t\u00ed Berani p\u0159ed startem letn\u00ed p\u0159\u00edpravy na novou sezonu v\u00edtaj\u00ed ve sv\u00fdch \u0159ad\u00e1ch v po\u0159ad\u00ed&hellip;\n","protected":false},"author":2,"featured_media":87042,"comment_status":"","ping_status":"","sticky":false,"template":"","format":"standard","meta":{"footnotes":"","_share_on_mastodon":"0"},"categories":[15],"tags":[2659,3529,2657,29,3530,94,93,2564],"class_list":["post-87041","post","type-post","status-publish","format-standard","has-post-thumbnail","category-sport","tag-extraliga-cr","tag-hc-psg-zlin","tag-hockey","tag-hokej","tag-hokej-ve-zline","tag-sport","tag-sports","tag-zlin"],"share_on_mastodon":{"url":"https:\/\/pubeurope.com\/@cz\/116580518625806375","error":""},"_links":{"self":[{"href":"https:\/\/www.europesays.com\/cz\/wp-json\/wp\/v2\/posts\/87041","targetHints":{"allow":["GET"]}}],"collection":[{"href":"https:\/\/www.europesays.com\/cz\/wp-json\/wp\/v2\/posts"}],"about":[{"href":"https:\/\/www.europesays.com\/cz\/wp-json\/wp\/v2\/types\/post"}],"author":[{"embeddable":true,"href":"https:\/\/www.europesays.com\/cz\/wp-json\/wp\/v2\/users\/2"}],"replies":[{"embeddable":true,"href":"https:\/\/www.europesays.com\/cz\/wp-json\/wp\/v2\/comments?post=87041"}],"version-history":[{"count":0,"href":"https:\/\/www.europesays.com\/cz\/wp-json\/wp\/v2\/posts\/87041\/revisions"}],"wp:featuredmedia":[{"embeddable":true,"href":"https:\/\/www.europesays.com\/cz\/wp-json\/wp\/v2\/media\/87042"}],"wp:attachment":[{"href":"https:\/\/www.europesays.com\/cz\/wp-json\/wp\/v2\/media?parent=87041"}],"wp:term":[{"taxonomy":"category","embeddable":true,"href":"https:\/\/www.europesays.com\/cz\/wp-json\/wp\/v2\/categories?post=87041"},{"taxonomy":"post_tag","embeddable":true,"href":"https:\/\/www.europesays.com\/cz\/wp-json\/wp\/v2\/tags?post=87041"}],"curies":[{"name":"wp","href":"https:\/\/api.w.org\/{rel}","templated":true}]}}