{"id":87868,"date":"2026-05-16T18:04:18","date_gmt":"2026-05-16T18:04:18","guid":{"rendered":"https:\/\/www.europesays.com\/cz\/87868\/"},"modified":"2026-05-16T18:04:18","modified_gmt":"2026-05-16T18:04:18","slug":"obrazem-ze-vzduchu-impozantni-obchvat-zizelic-uz-pul-roku-slouzi-ridicum","status":"publish","type":"post","link":"https:\/\/www.europesays.com\/cz\/87868\/","title":{"rendered":"Obrazem ze vzduchu: Impozantn\u00ed obchvat \u017di\u017eelic u\u017e p\u016fl roku slou\u017e\u00ed \u0159idi\u010d\u016fm"},"content":{"rendered":"<p>\n                                        380 metr\u016f dlouh\u00fd most vede p\u0159es \u00fadol\u00ed potoka Hutn\u00e1.                                    <\/p>\n<p>Na t\u0159i kilometry dlouh\u00e9m obchvatu \u017di\u017eelic v \u00dasteck\u00e9m kraji se jezd\u00ed od lo\u0148sk\u00e9ho prosince. \u0158editelstv\u00ed silnic a d\u00e1lnic nyn\u00ed zve\u0159ejnilo jeho dronov\u00e9 fotky od rakovnick\u00e9ho fotografa Jana Svobody, kter\u00fd se specializuje na sn\u00edmky dopravn\u00edch staveb ze vzduchu.<\/p>\n<p>380 metr\u016f dlouh\u00fd most p\u0159es \u00fadol\u00ed potoka Hutn\u00e1 tvo\u0159\u00ed dvoutr\u00e1mov\u00e1 ocelobetonov\u00e1 konstrukce. Pr\u00e1ce trvaly p\u0159es t\u0159i roky, st\u00e1ly t\u00e9m\u011b\u0159 miliardu korun bez DPH.<\/p>\n<p>Obchvat nedaleko \u017datce je sou\u010d\u00e1st\u00ed silnice I\/27 mezi Plzn\u00ed a Mostem. Most stoj\u00ed zhruba 30 metr\u016f nad \u00fadol\u00edm, z\u00e1rove\u0148 zaji\u0161\u0165uje mimo\u00farov\u0148ov\u00e9 k\u0159\u00ed\u017een\u00ed trat\u011b Praha\u2013Chomutov. V \u010d\u00e1sti obchvatu sm\u011brem na Most je p\u0159idan\u00fd j\u00edzdn\u00ed pruh ve stoup\u00e1n\u00ed, tedy t\u0159\u00edpruhov\u00e9 uspo\u0159\u00e1d\u00e1n\u00ed. D\u00edky tomu bude mo\u017en\u00e9 bezpe\u010dn\u011b p\u0159edj\u00ed\u017ed\u011bt pomalej\u0161\u00ed auta. Sou\u010d\u00e1st\u00ed stavby je chodn\u00edk s podchodem u autobusov\u00e9 zast\u00e1vky.<\/p>\n<p>Silnici p\u0159es obec vyu\u017e\u00edvalo denn\u011b p\u0159es 8 tis\u00edc aut, z toho \u010dtvrtina byly kamiony.<\/p>\n<p>Na silnici I\/27 buduje \u0158SD i dal\u0161\u00ed stavby. V Plze\u0148sk\u00e9m kraji stav\u00ed p\u011btikilometrov\u00fd obchvat P\u0159e\u0161tic a most u m\u011bsta Plasy. V r\u016fzn\u00fdch f\u00e1z\u00edch p\u0159\u00edpravy je n\u011bkolik dal\u0161\u00edch obchvat\u016f i roz\u0161\u00ed\u0159en\u00ed silnice I\/27.<\/p>\n<p>                                                        Tagy<\/p>\n<p>                                                                                                                                                                                                                            <a href=\"https:\/\/zdopravy.cz\/tag\/obchvat-zizelic\/\" type=\"button\" class=\"btn btn-secondary mb-1 btn-sm\" rel=\"nofollow noopener\" target=\"_blank\"><br \/>\n                                                                obchvat \u017di\u017eelic                                                            <\/a><br \/>\n                                                                                                                                                                                                                                <a href=\"https:\/\/zdopravy.cz\/tag\/obrazem\/\" type=\"button\" class=\"btn btn-secondary mb-1 btn-sm\" rel=\"nofollow noopener\" target=\"_blank\"><br \/>\n                                                                obrazem                                                            <\/a><br \/>\n                                                                                                                                                                                                                                <a href=\"https:\/\/zdopravy.cz\/tag\/rsd-cr\/\" type=\"button\" class=\"btn btn-secondary mb-1 btn-sm\" rel=\"nofollow noopener\" target=\"_blank\"><br \/>\n                                                                \u0158SD \u010cR                                                            <\/a><\/p>\n<p>                                                <a href=\"https:\/\/zdopravy.cz\/obrazem-ze-vzduchu-impozantni-obchvat-zizelic-uz-pul-roku-slouzi-ridicum-282031\/?comments=1#comments\" class=\"ml-3 text-body mb-3 mt-4 d-inline-block\" rel=\"nofollow noopener\" target=\"_blank\"><\/p>\n<p>                                                    25 koment\u00e1\u0159\u016f                                                <\/a><\/p>\n","protected":false},"excerpt":{"rendered":"380 metr\u016f dlouh\u00fd most vede p\u0159es \u00fadol\u00ed potoka Hutn\u00e1. Na t\u0159i kilometry dlouh\u00e9m obchvatu \u017di\u017eelic v \u00dasteck\u00e9m kraji&hellip;\n","protected":false},"author":2,"featured_media":87869,"comment_status":"","ping_status":"","sticky":false,"template":"","format":"standard","meta":{"footnotes":"","_share_on_mastodon":"0"},"categories":[7],"tags":[43,42,41,40,27223,2498,1328,119],"class_list":["post-87868","post","type-post","status-publish","format-standard","has-post-thumbnail","category-cesko","tag-ceska-republika","tag-cesko","tag-czech-republic","tag-czechia","tag-obchvat-zizelic","tag-obrazem","tag-rsd-cr","tag-seznam"],"share_on_mastodon":{"url":"https:\/\/pubeurope.com\/@cz\/116585579524970261","error":""},"_links":{"self":[{"href":"https:\/\/www.europesays.com\/cz\/wp-json\/wp\/v2\/posts\/87868","targetHints":{"allow":["GET"]}}],"collection":[{"href":"https:\/\/www.europesays.com\/cz\/wp-json\/wp\/v2\/posts"}],"about":[{"href":"https:\/\/www.europesays.com\/cz\/wp-json\/wp\/v2\/types\/post"}],"author":[{"embeddable":true,"href":"https:\/\/www.europesays.com\/cz\/wp-json\/wp\/v2\/users\/2"}],"replies":[{"embeddable":true,"href":"https:\/\/www.europesays.com\/cz\/wp-json\/wp\/v2\/comments?post=87868"}],"version-history":[{"count":0,"href":"https:\/\/www.europesays.com\/cz\/wp-json\/wp\/v2\/posts\/87868\/revisions"}],"wp:featuredmedia":[{"embeddable":true,"href":"https:\/\/www.europesays.com\/cz\/wp-json\/wp\/v2\/media\/87869"}],"wp:attachment":[{"href":"https:\/\/www.europesays.com\/cz\/wp-json\/wp\/v2\/media?parent=87868"}],"wp:term":[{"taxonomy":"category","embeddable":true,"href":"https:\/\/www.europesays.com\/cz\/wp-json\/wp\/v2\/categories?post=87868"},{"taxonomy":"post_tag","embeddable":true,"href":"https:\/\/www.europesays.com\/cz\/wp-json\/wp\/v2\/tags?post=87868"}],"curies":[{"name":"wp","href":"https:\/\/api.w.org\/{rel}","templated":true}]}}