{"id":88094,"date":"2026-05-17T02:59:07","date_gmt":"2026-05-17T02:59:07","guid":{"rendered":"https:\/\/www.europesays.com\/cz\/88094\/"},"modified":"2026-05-17T02:59:07","modified_gmt":"2026-05-17T02:59:07","slug":"praha-2-rozdeli-skoro-sest-milionu-korun-do-kultury-sportu-ci-socialni-oblasti","status":"publish","type":"post","link":"https:\/\/www.europesays.com\/cz\/88094\/","title":{"rendered":"Praha 2 rozd\u011bl\u00ed skoro \u0161est milion\u016f korun do kultury, sportu \u010di soci\u00e1ln\u00ed oblasti"},"content":{"rendered":"<p>Radnice Prahy 2 s\u00eddl\u00ed na n\u00e1m\u011bst\u00ed M\u00edru. Foto: Jan Puci <\/p>\n<p>\nRadnice Prahy 2\u00a0letos rozd\u011bl\u00ed na dotac\u00edch 5,85\u00a0milionu korun, co\u017e je meziro\u010dn\u011b v\u00edce. Rozhodli o\u00a0tom tento t\u00fdden radn\u00ed. Pen\u00edze jsou ur\u010den\u00e9 na projekty v\u00a0kultu\u0159e, soci\u00e1ln\u00edch slu\u017eb\u00e1ch, ve sportu, prevenci kriminality i\u00a0v\u00a0\u017eivotn\u00edm prost\u0159ed\u00ed. Z\u00e1rove\u0148 radnice schv\u00e1lila individu\u00e1ln\u00ed \u00fa\u010delov\u00e9 dotace za t\u00e9m\u011b\u0159 1,2\u00a0milionu korun. Novin\u00e1\u0159e o\u00a0tom informovala mluv\u010d\u00ed m\u011bstsk\u00e9 \u010d\u00e1sti Andrea Zoulov\u00e1.\n<\/p>\n<p>Nejv\u011bt\u0161\u00ed objem prost\u0159edk\u016f sm\u011b\u0159uje do kultury (48\u00a0projekt\u016f, celkem 1,5\u00a0milionu korun), prevence kriminality a soci\u00e1ln\u011b patologick\u00fdch jev\u016f (17\u00a0projekt\u016f, 1,2\u00a0milionu korun) a do soci\u00e1ln\u00edch a zdravotn\u00edch program\u016f (32\u00a0projekt\u016f, 1\u00a0milion korun). Celkem radnice rozd\u011bl\u00ed mezi 137\u00a0projekt\u016f.<\/p>\n<p>\u201eV\u00a0kultu\u0159e byly podpo\u0159eny nap\u0159\u00edklad koncerty, v\u00fdstavy, divadeln\u00ed a liter\u00e1rn\u00ed projekty i\u00a0komunitn\u00ed akce a vzd\u011bl\u00e1vac\u00ed aktivity,\u201c p\u0159ibl\u00ed\u017eila Zoulov\u00e1.<\/p>\n<p>Soci\u00e1ln\u00ed projekty se zam\u011b\u0159uj\u00ed p\u0159edev\u0161\u00edm na pomoc rodin\u00e1m s\u00a0ohro\u017een\u00fdmi d\u011btmi, senior\u016fm, lidem v\u00a0t\u00ed\u017eiv\u00e9 \u017eivotn\u00ed situaci nebo osob\u00e1m se zdravotn\u00edm posti\u017een\u00edm.<\/p>\n<p>Vedle toho Praha 2\u00a0podpo\u0159ila tak\u00e9 individu\u00e1ln\u00ed \u00fa\u010delov\u00e9 dotace v\u00a0celkov\u00e9 v\u00fd\u0161i 1,2\u00a0milionu korun. Ty byly rozd\u011bleny mezi osm projekt\u016f z\u00a0oblasti sportu, volno\u010dasov\u00fdch aktivit d\u011bt\u00ed a ml\u00e1de\u017ee a soci\u00e1ln\u011b zdravotn\u00ed\u00a0p\u00e9\u010de.<\/p>\n<p>V\u00a0oblasti \u017eivotn\u00edho prost\u0159ed\u00ed, ve kter\u00e9 Praha 2\u00a0podpo\u0159ila \u0161est projekt\u016f, nav\u00edc podle Zoulov\u00e9 b\u011b\u017e\u00ed do 22.\u00a0kv\u011btna speci\u00e1ln\u00ed dota\u010dn\u00ed program zam\u011b\u0159en\u00fd na revitalizaci vnitroblok\u016f.<\/p>\n<p>\u201ePodpora ve\u0159ejn\u011b prosp\u011b\u0161n\u00fdch projekt\u016f pat\u0159\u00ed mezi na\u0161e dlouhodob\u00e9 priority. I\u00a0letos se se\u0161la \u0161irok\u00e1 \u0161k\u00e1la kvalitn\u00edch \u017e\u00e1dost\u00ed. Mohli jsme tak podpo\u0159it celou \u0159adu smyslupln\u00fdch iniciativ, kter\u00e9 posiluj\u00ed sousedsk\u00fd \u017eivot i\u00a0kulturn\u00ed rozmanitost Prahy 2.\u00a0Dotace z\u00e1rove\u0148 pom\u00e1haj\u00ed organizac\u00edm i\u00a0jednotlivc\u016fm realizovat projekty, kter\u00e9 maj\u00ed skute\u010dn\u00fd dopad na ka\u017edodenn\u00ed \u017eivot m\u00edstn\u00edch obyvatel,\u201c \u0159ekl starosta Jan Korseska\u00a0(ODS).<\/p>\n","protected":false},"excerpt":{"rendered":"Radnice Prahy 2 s\u00eddl\u00ed na n\u00e1m\u011bst\u00ed M\u00edru. Foto: Jan Puci Radnice Prahy 2\u00a0letos rozd\u011bl\u00ed na dotac\u00edch 5,85\u00a0milionu korun,&hellip;\n","protected":false},"author":2,"featured_media":88095,"comment_status":"","ping_status":"","sticky":false,"template":"","format":"standard","meta":{"footnotes":"","_share_on_mastodon":"0"},"categories":[30],"tags":[254,27250,98,99,27249,7068,27251],"class_list":["post-88094","post","type-post","status-publish","format-standard","has-post-thumbnail","category-praha","tag-dotace","tag-korseska","tag-prague","tag-praha","tag-prha-2","tag-projekty","tag-zoulova"],"share_on_mastodon":{"url":"https:\/\/pubeurope.com\/@cz\/116587683033510575","error":""},"_links":{"self":[{"href":"https:\/\/www.europesays.com\/cz\/wp-json\/wp\/v2\/posts\/88094","targetHints":{"allow":["GET"]}}],"collection":[{"href":"https:\/\/www.europesays.com\/cz\/wp-json\/wp\/v2\/posts"}],"about":[{"href":"https:\/\/www.europesays.com\/cz\/wp-json\/wp\/v2\/types\/post"}],"author":[{"embeddable":true,"href":"https:\/\/www.europesays.com\/cz\/wp-json\/wp\/v2\/users\/2"}],"replies":[{"embeddable":true,"href":"https:\/\/www.europesays.com\/cz\/wp-json\/wp\/v2\/comments?post=88094"}],"version-history":[{"count":0,"href":"https:\/\/www.europesays.com\/cz\/wp-json\/wp\/v2\/posts\/88094\/revisions"}],"wp:featuredmedia":[{"embeddable":true,"href":"https:\/\/www.europesays.com\/cz\/wp-json\/wp\/v2\/media\/88095"}],"wp:attachment":[{"href":"https:\/\/www.europesays.com\/cz\/wp-json\/wp\/v2\/media?parent=88094"}],"wp:term":[{"taxonomy":"category","embeddable":true,"href":"https:\/\/www.europesays.com\/cz\/wp-json\/wp\/v2\/categories?post=88094"},{"taxonomy":"post_tag","embeddable":true,"href":"https:\/\/www.europesays.com\/cz\/wp-json\/wp\/v2\/tags?post=88094"}],"curies":[{"name":"wp","href":"https:\/\/api.w.org\/{rel}","templated":true}]}}