{"id":88104,"date":"2026-05-17T03:17:09","date_gmt":"2026-05-17T03:17:09","guid":{"rendered":"https:\/\/www.europesays.com\/cz\/88104\/"},"modified":"2026-05-17T03:17:09","modified_gmt":"2026-05-17T03:17:09","slug":"jan-zahradil-proc-chybi-v-macinkove-tymu","status":"publish","type":"post","link":"https:\/\/www.europesays.com\/cz\/88104\/","title":{"rendered":"Jan Zahradil: Pro\u010d chyb\u00ed v Macinkov\u011b t\u00fdmu?"},"content":{"rendered":"<p>\u017de Zahradil v t\u00fdmu odborn\u00edk\u016f na ministerstvu zahrani\u010d\u00ed m\u011bl b\u00fdt, potvrdila <a href=\"https:\/\/denikn.cz\/2063112\/zasahli-americane-popisujeme-proc-zahradil-na-posledni-chvili-zmizel-z-macinkova-poradniho-tymu\/\" rel=\"nofollow noopener\" target=\"_blank\">Den\u00edku N<\/a> p\u0159\u00edmo Macinkova nov\u00e1 poradkyn\u011b Eva Filipi. I Zahradil s\u00e1m je\u0161t\u011b ned\u00e1vno p\u0159\u00edtomnost v t\u00fdmu potvrzoval m\u00e9di\u00edm.<\/p>\n<p>Ve st\u0159edu ale na tiskov\u00e9 konferenci, kde ministr sv\u016fj t\u00fdm p\u0159edstavoval, chyb\u011bl. <a href=\"https:\/\/www.respekt.cz\/cesko\/macinka-predstavil-poradni-tym-nechybi-jeho-pritel-jindra-ale-necekane-vypadl-pritel-ciny-zahradil\" rel=\"nofollow noopener\" target=\"_blank\">Respektu<\/a> napsal, \u017ee p\u0159ech\u00e1z\u00ed do odboru politick\u00e9ho pl\u00e1nov\u00e1n\u00ed, a odm\u00edtl up\u0159esnit, zda bude p\u016fsobit intern\u011b nebo extern\u011b, s odvol\u00e1n\u00edm na obavu z poru\u0161en\u00ed smlouvy. Jen\u017ee podle informac\u00ed Respektu \u017e\u00e1dnou smlouvu s ministerstvem zat\u00edm v\u016fbec nepodepsal. Ve \u010dtvrtek pak mluv\u010d\u00ed ministerstva \u010c\u00f6rg\u0151 celou v\u011bc uzav\u0159el jednou v\u011btou: Zahradil zam\u011bstnancem resortu nen\u00ed.<\/p>\n<p>Zas\u00e1hli Ameri\u010dan\u00e9?<\/p>\n<p>D\u016fvod Zahradilova mo\u017en\u00e9ho vy\u0161krtnut\u00ed odhalil Den\u00edk N. Podle jeho diplomatick\u00fdch zdroj\u016f zas\u00e1hla americk\u00e1 ambas\u00e1da. Vad\u00ed j\u00ed pr\u00fd Zahradilovy dlouhodob\u00e9 pro\u010d\u00ednsk\u00e9 postoje a hlavn\u011b jeho kontakty s mu\u017eem, kter\u00e9ho policie a BIS ozna\u010dily za agenta \u010d\u00ednsk\u00e9 rozv\u011bdky. \u0160\u00e9f BIS Michal Koudelka p\u0159itom na uzav\u0159en\u00e9m jedn\u00e1n\u00ed \u0159ekl poslanc\u016fm, \u017ee sch\u016fzek bylo v\u00edc, ne\u017e Zahradil ve\u0159ejn\u011b p\u0159iznal. \u201eDolo\u017eil n\u00e1m, \u017ee sch\u016fzky pana Zahradila s \u010d\u00ednsk\u00fdm agentem nebyly tak margin\u00e1ln\u00ed, jak ve\u0159ejn\u011b tvrdil,\u201c\u00a0popsal jeden z \u00fa\u010dastn\u00edk\u016f jedn\u00e1n\u00ed Den\u00edku N.<\/p>\n<p>Americk\u00e1 ambas\u00e1da intervenci ve\u0159ejn\u011b nevylou\u010dila. \u201eVelvyslanec Merrick oce\u0148uje bl\u00edzkou spolupr\u00e1ci s ministrem Macinkou. Nebudeme ale komentovat soukrom\u00e9 rozhovory s p\u0159edstaviteli \u010desk\u00e9 vl\u00e1dy,\u201c\u00a0odpov\u011bd\u011bl mluv\u010d\u00ed ambas\u00e1dy na dotaz Den\u00edku N.<\/p>\n<p>Macinka to r\u00e1zn\u011b odm\u00edtl. \u201eJe to absurdn\u00ed nesmysl. Pro\u010d by proboha Ameri\u010dan\u00e9 \u0159e\u0161ili moje poradce?\u201c\u00a0reagoval. Zahradil se br\u00e1nil podobn\u011b: \u201eNikdo na m\u011b nic nem\u00e1 a nikdy nem\u011bl. V\u017edy to byly jen drby a spekulace.\u201c<\/p>\n<p>\t\t\t\t\t\t\t\t\t<a href=\"https:\/\/www.blesk.cz\/clanek\/zpravy-politika\/839380\/macinkuv-tym-plny-pratel-z-klausova-institutu-trafiky-mne-je-to-jedno-rika-ministr.html\" class=\"image-container\" data-io-canonical-url=\"&quot;https:\/\/www.blesk.cz\/clanek\/839380&quot;\" rel=\"nofollow noopener\" target=\"_blank\"><\/p>\n<p>        <img decoding=\"async\" src=\"https:\/\/www.europesays.com\/cz\/wp-content\/uploads\/2026\/05\/1-normal620-9841046.jpg\" alt=\"Macink\u016fv t\u00fdm pln\u00fd p\u0159\u00e1tel z Klausova institutu: Trafiky? Mn\u011b je to jedno, \u0159\u00edk\u00e1 ministr\" title=\"\" width=\"330\" height=\"175\" class=\"lazyload \" loading=\"lazy\"\/><\/p>\n<p>\t\t\t\t\t\t\t\t\t\t\t<\/a><\/p>\n<p>Sen\u00e1t, Praha, nebo Brusel?<\/p>\n<p>Kde tedy Zahradil skon\u010d\u00ed? S\u00e1m Blesku \u0159ekl: \u201eDostal jsem od ministra je\u0161t\u011b jin\u00e9 zaj\u00edmav\u00e9 nab\u00eddky, kter\u00e9 zva\u017euji, nap\u0159\u00edklad sm\u011brem k podzimn\u00edmu volebn\u00edmu kl\u00e1n\u00ed.\u201c\u00a0Podle informac\u00ed <a href=\"https:\/\/www.novinky.cz\/clanek\/domaci-motoriste-resi-co-se-zahradilem-v-macinkove-tymu-chybi-40578100\" rel=\"nofollow noopener\" target=\"_blank\">Novinek<\/a> Motorist\u00e9 nevylu\u010duj\u00ed jeho kandidaturu do Sen\u00e1tu nebo do pra\u017esk\u00e9ho zastupitelstva, v\u00a0komun\u00e1lu jim toti\u017e zoufale chyb\u00ed kandid\u00e1ti.<\/p>\n<p>Politolog Milan \u0160koln\u00edk vid\u00ed Zahradila sp\u00ed\u0161 jako budouc\u00edho stranick\u00e9ho experta. \u201eMotorist\u016fm chyb\u00ed odborn\u00e1 z\u00e1kladna pro zahrani\u010dn\u00ed politiku. Zahradil by mohl budovat t\u0159eba odbornou sekci p\u0159\u00edmo u strany,\u201c\u00a0\u0159ekl Blesku.<\/p>\n<p>Politolog Luk\u00e1\u0161 Vale\u0161 ale tipuje v\u011bt\u0161\u00ed ambice. \u201eKdyby Zahradil vypadl \u00fapln\u011b bez n\u00e1hrady, bylo by to \u0161patn\u011b. Ve h\u0159e je cel\u00e1 \u0159ada mo\u017enost\u00ed,\u201c\u00a0popsal Blesku. Nejpravd\u011bpodobn\u011bj\u0161\u00ed se mu zd\u00e1 post velvyslance p\u0159i Evropsk\u00e9 unii. Jako srovn\u00e1n\u00ed zmi\u0148uje p\u0159\u00edpad Hynka Kmon\u00ed\u010dka, bezpe\u010dnostn\u00edho poradce premi\u00e9ra, kter\u00fd m\u00e1 zam\u00ed\u0159it jako velvyslanec p\u0159i OSN. \u201ePodobn\u00e1 cesta \u010dek\u00e1 mo\u017en\u00e1 i pana Zahradila, ale nech\u00e1me se p\u0159ekvapit,\u201c\u00a0dodal Vale\u0161.<\/p>\n<p>Kdo je Jan Zahradil?<\/p>\n<p>Jeden ze spoluzakladatel\u016f ODS, ve kter\u00e9 str\u00e1vil t\u00e9m\u011b\u0159 34 let. Dvacet let sed\u011bl v Evropsk\u00e9m parlamentu, kde vedl skupinu Evropsk\u00fdch konzervativc\u016f a reformist\u016f. Letos na ja\u0159e ODS opustil a za\u010dal spolupracovat s Motoristy jako jejich hlavn\u00ed expert na zahrani\u010dn\u00ed politiku. \u010clenem strany ale nen\u00ed.<\/p>\n<p>Zahradil je zn\u00e1m\u00fd sv\u00fdm ostr\u00fdm jazykem a ned\u00e1vno ho op\u011bt p\u0159edvedl. Na v\u00fdro\u010d\u00ed ODS se na s\u00edti X pustil do strany i do b\u00fdval\u00e9ho p\u0159edsedy Mirka Topol\u00e1nka. Ten mu vz\u00e1p\u011bt\u00ed vytkl, \u017ee \u201eplivat na chlebod\u00e1rce je uboh\u00e9\u201c\u00a0a pak p\u0159itvrdil. \u201eTak dlouho v politice a\u2026 nic,\u201c\u00a0napsal Topol\u00e1nek. Z\u0159ejm\u011b nar\u00e1\u017eel na to, \u017ee Zahradil p\u0159es desetilet\u00ed v politice nikdy nezast\u00e1val \u017e\u00e1dnou vl\u00e1dn\u00ed funkci ani nedos\u00e1hl v\u00fdrazn\u011bj\u0161\u00edho politick\u00e9ho \u00fasp\u011bchu doma. Zahradil kontroval volebn\u00edmi v\u00fdsledky. P\u0159ipomn\u011bl, \u017ee za Topol\u00e1nkova veden\u00ed ODS propadla z 35 na 20 procent. Oba pak prohl\u00e1sili, \u017ee ten druh\u00fd je frustrovan\u00fd.<\/p>\n<p>    <a href=\"https:\/\/www.blesk.cz\/galerie\/zpravy-politika\/1476851\/kam-s-nim-zahradil-v-macinkove-tymu-chybi-ceka-ho-senat-brusel-nebo-praha\" rel=\"nofollow noopener\" target=\"_blank\"><\/p>\n<p>          <img decoding=\"async\" src=\"https:\/\/www.europesays.com\/cz\/wp-content\/uploads\/2026\/05\/1-normal690-9087353.jpg\" alt=\"Eurovolby 2024: Jan Zahradil (ODS) ve \u0161t\u00e1bu P\u0159\u00edsahy a Motorist\u016f s Petrem Macinkou, v pozad\u00ed Filip Turek\" title=\"\" height=\"333\" width=\"630\" class=\"lazyload \" loading=\"lazy\" \/><\/p>\n<p>    <\/a><\/p>\n","protected":false},"excerpt":{"rendered":"\u017de Zahradil v t\u00fdmu odborn\u00edk\u016f na ministerstvu zahrani\u010d\u00ed m\u011bl b\u00fdt, potvrdila Den\u00edku N p\u0159\u00edmo Macinkova nov\u00e1 poradkyn\u011b Eva&hellip;\n","protected":false},"author":2,"featured_media":88105,"comment_status":"","ping_status":"","sticky":false,"template":"","format":"standard","meta":{"footnotes":"","_share_on_mastodon":"0"},"categories":[30],"tags":[25456,3678,4255,11960,3978,647,173,418,98,99,960],"class_list":["post-88104","post","type-post","status-publish","format-standard","has-post-thumbnail","category-praha","tag-bezpecnostni-informacni-sluzba","tag-brusel","tag-denik-n","tag-jan-zahradil","tag-mirek-topolanek","tag-motoriste-sobe","tag-ods","tag-petr-macinka","tag-prague","tag-praha","tag-senat"],"share_on_mastodon":{"url":"https:\/\/pubeurope.com\/@cz\/116587754005416533","error":""},"_links":{"self":[{"href":"https:\/\/www.europesays.com\/cz\/wp-json\/wp\/v2\/posts\/88104","targetHints":{"allow":["GET"]}}],"collection":[{"href":"https:\/\/www.europesays.com\/cz\/wp-json\/wp\/v2\/posts"}],"about":[{"href":"https:\/\/www.europesays.com\/cz\/wp-json\/wp\/v2\/types\/post"}],"author":[{"embeddable":true,"href":"https:\/\/www.europesays.com\/cz\/wp-json\/wp\/v2\/users\/2"}],"replies":[{"embeddable":true,"href":"https:\/\/www.europesays.com\/cz\/wp-json\/wp\/v2\/comments?post=88104"}],"version-history":[{"count":0,"href":"https:\/\/www.europesays.com\/cz\/wp-json\/wp\/v2\/posts\/88104\/revisions"}],"wp:featuredmedia":[{"embeddable":true,"href":"https:\/\/www.europesays.com\/cz\/wp-json\/wp\/v2\/media\/88105"}],"wp:attachment":[{"href":"https:\/\/www.europesays.com\/cz\/wp-json\/wp\/v2\/media?parent=88104"}],"wp:term":[{"taxonomy":"category","embeddable":true,"href":"https:\/\/www.europesays.com\/cz\/wp-json\/wp\/v2\/categories?post=88104"},{"taxonomy":"post_tag","embeddable":true,"href":"https:\/\/www.europesays.com\/cz\/wp-json\/wp\/v2\/tags?post=88104"}],"curies":[{"name":"wp","href":"https:\/\/api.w.org\/{rel}","templated":true}]}}