{"id":88330,"date":"2026-05-17T09:56:10","date_gmt":"2026-05-17T09:56:10","guid":{"rendered":"https:\/\/www.europesays.com\/cz\/88330\/"},"modified":"2026-05-17T09:56:10","modified_gmt":"2026-05-17T09:56:10","slug":"reprezentace-na-mistrovstvi-sveta-zkolabovala","status":"publish","type":"post","link":"https:\/\/www.europesays.com\/cz\/88330\/","title":{"rendered":"Reprezentace na mistrovstv\u00ed sv\u011bta zkolabovala"},"content":{"rendered":"<p class=\"e_bX\">V\u00fdsledek ze sobotn\u00ed noci se zap\u00ed\u0161e do \u010desk\u00fdch <a data-dot=\"atm-tag-link\" href=\"https:\/\/www.seznamzpravy.cz\/tag\/hokej-31465\" class=\"e_n atm-tag-link\" rel=\"nofollow noopener\" target=\"_blank\">hokejov\u00fdch <\/a>d\u011bjin. Byla to prvn\u00ed por\u00e1\u017eka od Slovinska, co\u017e se v\u017edycky dob\u0159e pamatuje. Se z\u00e1pasem u\u017e nav\u017edy z\u016fstane spojen\u00e9 jm\u00e9no kou\u010de <a data-dot=\"atm-tag-link\" href=\"https:\/\/www.seznamzpravy.cz\/tag\/radim-rulik-96406\" class=\"e_n atm-tag-link\" rel=\"nofollow noopener\" target=\"_blank\">Radima Rul\u00edka<\/a>. Soupe\u0159 nav\u00edc neproch\u00e1z\u00ed z\u00e1zra\u010dn\u00fdm zlomem, \u017ee by se nach\u00e1zel na strm\u00e9 cest\u011b vzh\u016fru. P\u0159ijel se hlavn\u011b zachr\u00e1nit v\u00a0elitn\u00ed skupin\u011b.<\/p>\n<p><a data-dot=\"mol-article-card-media\" aria-hidden=\"true\" tabindex=\"-1\" href=\"https:\/\/www.seznamzpravy.cz\/clanek\/sport-hokej-ms-v-hokeji-2026-program-vysledky-284414\" class=\"e_n f_l1\" rel=\"nofollow noopener\" target=\"_blank\"><img fetchpriority=\"high\" height=\"1555\"   width=\"2765\" src=\"https:\/\/www.europesays.com\/cz\/wp-content\/uploads\/2026\/04\/sula-hokej-mistrovstvi-sveta.jpeg\" loading=\"eager\" decoding=\"sync\" class=\"e_aa e_Z\"\/><\/a><\/p>\n<p class=\"e_bX\">Slovinsk\u00fd hokej si zaslou\u017e\u00ed velk\u00fd respekt za to, jak dovede po\u0159\u00e1d p\u0159e\u017e\u00edvat na nejvy\u0161\u0161\u00ed sc\u00e9n\u011b. Chyb\u00ed mu siln\u00e1 z\u00e1kladna i\u00a0infrastruktura pro rozvoj na \u0161pi\u010dkov\u00e9 \u00farovni. Je to t\u00fdm, kter\u00fd jezd\u00ed na <a data-dot=\"atm-tag-link\" href=\"https:\/\/www.seznamzpravy.cz\/tag\/mistrovstvi-sveta-v-hokeji-57097\" class=\"e_n atm-tag-link\" rel=\"nofollow noopener\" target=\"_blank\">mistrovstv\u00ed sv\u011bta<\/a> p\u0159e\u017e\u00edt. Pokud pl\u00e1n \u201eA\u201c nevyjde, aktivuje se pl\u00e1n \u201eB\u201c s\u00a0co nejrychlej\u0161\u00edm n\u00e1vratem zp\u00e1tky.<\/p>\n<p class=\"e_bX\">Mlad\u00ed hr\u00e1\u010di maj\u00ed v\u00a0zemi jedinou \u0161anci, jak se dostat na profesion\u00e1ln\u00ed \u00farove\u0148\u00a0\u2013 brzy odej\u00edt do zahrani\u010d\u00ed.<\/p>\n<p class=\"e_bX\">Podle \u00fadaj\u016f Mezin\u00e1rodn\u00ed hokejov\u00e9 federace m\u00e1 Slovinsko 204\u00a0registrovan\u00fdch dosp\u011bl\u00fdch hokejist\u016f a\u00a0190\u00a0hr\u00e1\u010d\u016f v\u00a0ml\u00e1de\u017ei. Tak\u017ee m\u00e1 zhruba tolik hr\u00e1\u010d\u016f, kolik jich hraje za jeden velk\u00fd \u010desk\u00fd hokejov\u00fd klub typu Sparty, Pardubic nebo Komety.<\/p>\n<p class=\"e_bX\">Kdyby p\u0159ed \u0161ampion\u00e1tem m\u011bl \u010desk\u00fd tren\u00e9r Radim Rul\u00edk mo\u017enost vybrat si do sv\u00e9 nominace i\u00a0kohokoliv ze Slovinska, nejsp\u00ed\u0161 by nikoho nevzal. Dob\u0159e vypad\u00e1 18\u00a0g\u00f3l\u016f Mati\u010de T\u00f6r\u00f6ka ve finsk\u00e9 lize, na druhou stranu Maty\u00e1\u0161 Kantner jich m\u011bl 21\u00a0a\u00a0z \u010desk\u00e9 nominace vypadl p\u0159ed fin\u00e1ln\u00edm \u0159ezem. Luk\u00e1\u0161 Ja\u0161ek ve Finsku m\u011bl bod na z\u00e1pas a\u00a0v reprezentaci taky nen\u00ed.<\/p>\n<p>\u010cesko a\u00a0Slovinsko v\u00a0hokeji | Sport SZporovn\u00e1n\u00ed\u010ceskoSlovinskopo\u010det dosp\u011bl\u00fdch hr\u00e1\u010d\u016f5 107204po\u010det hr\u00e1\u010d\u016f v ml\u00e1de\u017ei3 551190zimn\u00ed stadiony1917draftovan\u00ed hr\u00e1\u010di do NHL4997hokejist\u00e9 v NHL221<\/p>\n<p class=\"e_bX\">Za Slovinsko tak na MS hraje nap\u0159\u00edklad \u017dan Jezov\u0161ek ze t\u0159et\u00ed nejvy\u0161\u0161\u00ed n\u011bmeck\u00e9 sout\u011b\u017ee. Nastoupil i\u00a0Miha \u0160teblih, jen\u017e nastupoval v\u00a0\u010desk\u00e9 prvn\u00ed\u00a0lize za T\u0159eb\u00ed\u010d. V\u00a0br\u00e1n\u011b proti \u010cervenkovi a\u00a0spol. exceloval Luk\u00e1\u0161 Hor\u00e1k, kter\u00fd se d\u0159\u00edv sna\u017eil prosadit do sestavy Litv\u00ednova, ale extraligu stabiln\u011b nikdy nechytal. Z\u00e1\u0159il ve Francii, v\u00a0D\u00e1nsku a\u00a0te\u010f je hv\u011bzdou Lublan\u011b.<\/p>\n<p class=\"e_bX\">\u201ePorazili jsme jeden ze \u010dty\u0159 nejlep\u0161\u00edch t\u00fdm\u016f na sv\u011bt\u011b. M\u016f\u017eeme b\u00fdt hrd\u00ed na to, co jsme dok\u00e1zali,\u201c hl\u00e1sil slovinsk\u00fd tren\u00e9r Edo Terglav. \u201eAle z\u00e1rove\u0148 nesm\u00edme za\u010d\u00edt kalkulovat,\u201c upozornil.<\/p>\n<p class=\"e_bX\">Hlavn\u00edm soupe\u0159em Slovinska na mistrovstv\u00ed sv\u011bta bude It\u00e1lie. T\u00fdm, kter\u00fd porazil v\u00fdb\u011br Radima Rul\u00edka, se toti\u017e pot\u0159ebuje hlavn\u011b zachr\u00e1nit, to znamen\u00e1 neskon\u010dit posledn\u00ed. Minim\u00e1ln\u011b je\u0161t\u011b jeden takhle dobr\u00fd v\u00fdsledek bude pot\u0159ebovat. Kdyby Slovinci padli s\u00a0It\u00e1li\u00ed a\u00a0nedok\u00e1zali zasko\u010dit u\u017e \u017e\u00e1dn\u00e9ho dal\u0161\u00edho favorita, sestoup\u00ed. Je\u0161t\u011b je \u010dek\u00e1 pr\u00e1ce, proto\u017ee v\u017edycky do z\u00e1pasu p\u016fjdou jako outsider.<\/p>\n<p class=\"e_bX\">Zaj\u00edmav\u00e9 je, jak ze zem\u011b s\u00a02,1\u00a0milionu obyvatel poch\u00e1zej\u00ed sportovci, kte\u0159\u00ed v\u00fdznamn\u011b p\u0159ekra\u010duj\u00ed hranice sv\u00e9ho odv\u011btv\u00ed. Tadej Poga\u010dar drt\u00ed sv\u011btovou cyklistiku, Luka Don\u010di\u010d pat\u0159\u00ed mezi nejv\u011bt\u0161\u00ed basketbalov\u00e9 hv\u011bzdy. Ly\u017ea\u0159ka Tina Mazeov\u00e1 z\u00edskala \u010dty\u0159i medaile na olympi\u00e1d\u011b a\u00a026\u00a0v\u00fdher ve Sv\u011btov\u00e9m poh\u00e1ru. Hokejista An\u017ee Kopitar p\u0159ed p\u00e1r t\u00fddny skon\u010dil kari\u00e9ru, byl kapit\u00e1nem Los Angeles Kings a\u00a0dvakr\u00e1t s\u00a0nimi z\u00edskal Stanley Cup.<\/p>\n<p class=\"e_bX\">Ale \u017ee by hokej byl sportem, kter\u00fd Slovinsko dr\u017e\u00ed v\u00a0pozoru? Moc \u010dasto ne. Sp\u00ed\u0161 se mu historicky fand\u00ed v\u00a0regionu kolem Lublan\u011b a\u00a0Jesenice. V\u00a0popularit\u011b se hokej \u0159ad\u00ed za fotbal, h\u00e1zenou, basketbal a\u00a0volejbal. Hokej m\u00e1 sp\u00ed\u0161 probl\u00e9my.<\/p>\n<p><a data-dot=\"mol-article-card-media\" aria-hidden=\"true\" tabindex=\"-1\" href=\"https:\/\/www.seznamzpravy.cz\/clanek\/sport-hokej-ms-v-hokeji-cesko-ma-mit-k-medaili-na-ms-daleko-neduvera-ale-muze-byt-motor-306133\" class=\"e_n f_l1\" rel=\"nofollow noopener\" target=\"_blank\"><img height=\"1012\"   width=\"1800\" src=\"https:\/\/www.europesays.com\/cz\/wp-content\/uploads\/2026\/05\/1778827512_632_hokej.jpeg\" loading=\"eager\" decoding=\"sync\" class=\"e_aa e_Z\"\/><\/a><\/p>\n<p class=\"e_bX\">V zemi neexistuje profesion\u00e1ln\u00ed liga, tak\u017ee talentovan\u00ed hokejist\u00e9 mus\u00ed brzy odch\u00e1zet do zahrani\u010d\u00ed. Doma by nem\u011bli ani v\u00a0ml\u00e1de\u017ei kde hr\u00e1t a\u00a0r\u016fst.<\/p>\n<p class=\"e_bX\">\u0160pi\u010dkou je zm\u00edn\u011bn\u00e1 Lubla\u0148, kter\u00e1 hraje ICE Hockey League\u00a0\u2013 mezin\u00e1rodn\u00ed sout\u011b\u017e pro rakousk\u00e9, ma\u010farsk\u00e9, italsk\u00e9 kluby a\u00a0jeden slovinsk\u00fd.<\/p>\n<p class=\"e_bX\">\u201ePodle po\u010dtu st\u0159el bylo jednozna\u010dn\u00e9, \u017ee jsme m\u011bli \u00fazemn\u00ed p\u0159evahu. Bohu\u017eel nebyla produktivita. Stra\u0161n\u011b nepoveden\u00fd z\u00e1pas ve v\u0161ech ohledech,\u201c konstatoval po por\u00e1\u017ece 2:3\u00a0\u010desk\u00fd kou\u010d Radim Rul\u00edk.<\/p>\n<p>\u010cesko t\u011b\u017ek\u00e9 por\u00e1\u017eky zn\u00e1<\/p>\n<p class=\"e_bX\">Po por\u00e1\u017ek\u00e1ch s\u00a0outsidery n\u00e1sledovaly na turnaj\u00edch r\u016fzn\u00e9 sc\u00e9n\u00e1\u0159e. Nejslavn\u011bj\u0161\u00ed sc\u00e9na se odehr\u00e1la na MS 2010\u00a0v\u00a0Norsku. Soupe\u0159 se tehdy radoval, \u017ee se mu povedl nejslavn\u011bj\u0161\u00ed v\u00fdsledek v\u00a0historii. Kou\u010d Vladim\u00edr R\u016f\u017ei\u010dka po por\u00e1\u017ece 2:3\u00a0nad\u00e1val, \u017ee jedin\u00fd Jarom\u00edr J\u00e1gr, kter\u00fd dal dva g\u00f3ly, dovede vyst\u0159elit: \u201eNep\u0159ejdeme hr\u00e1\u010de, nejdeme p\u0159es n\u011bj do br\u00e1ny, a\u00a0kdy\u017e tam pak nen\u00ed ani st\u0159ela od modr\u00e9 \u010d\u00e1ry, tak se t\u011b\u017eko d\u00e1vaj\u00ed branky.\u201c<\/p>\n<p class=\"e_bX\">J\u00e1gr pak vystoupil s\u00a0projevem, kde zkritizoval velk\u00e9 mno\u017estv\u00ed omluvenek p\u0159ed turnajem. \u201eA\u0165 se ka\u017ed\u00fd pod\u00edv\u00e1, jac\u00ed borci byli Patera, Proch\u00e1zka, Reichel, Dopita. Nikdo je nemusel p\u0159emlouvat. T\u011bm by ti mlad\u0161\u00ed hr\u00e1\u010di m\u011bli l\u00edbat prd***.\u201c<\/p>\n<p>Posledn\u00ed tvrd\u00e9 n\u00e1razy \u010desk\u00e9ho hokeje |Sport SZMS 2010: \u010cesko \u2013 Norsko 2:3<\/p>\n<p class=\"e_bX\">jak turnaj dopadl: zlato pro \u010cesko<\/p>\n<p>ZOH 2022: \u010cesko \u2013 D\u00e1nsko 1:2<\/p>\n<p class=\"e_bX\">jak turnaj dopadl: vy\u0159azen\u00ed v\u00a0osmifin\u00e1le<\/p>\n<p>MS 2022: \u010cesko \u2013 Rakousko 1:2n<\/p>\n<p class=\"e_bX\">jak turnaj dopadl: bronz pro \u010cesko<\/p>\n<p class=\"e_bX\">Tehdy t\u00fdm se skv\u011bl\u00fdm Tom\u00e1\u0161em Vokounem do\u0161el ke zlat\u00e9 medaili, i\u00a0kdy\u017e por\u00e1\u017eka s\u00a0Norskem m\u011bla tehdy u\u00a0ve\u0159ejnosti \u00fapln\u011b stejnou pachu\u0165 jako sou\u010dasn\u00e1 ztr\u00e1ta se Slovinskem.<\/p>\n<p class=\"e_bX\">Symbolem MS 2022\u00a0byl i\u00a0zoufal\u00fd z\u00e1pas s\u00a0Rakouskem, kdy \u010cesko prohr\u00e1lo po n\u00e1jezdech. Jinak sd\u00edln\u00fd kou\u010d Kari Jalonen tentokr\u00e1t v\u00a0angli\u010dtin\u011b odpov\u00eddal velmi stroze. Nejv\u011bt\u0161\u00ed bou\u0159i vyvolal hl\u00e1\u0161kou, \u017ee jeho t\u00fdm m\u011bl \u201e\u010dtrn\u00e1ct super \u0161anc\u00ed\u201c.<\/p>\n<p class=\"e_bX\">Nakonec sp\u00ed\u0161 \u0161lo o\u00a0to, \u017ee Fin vn\u00edmal jinak pojem velk\u00e1 \u0161ance. Nena\u0161el prav\u00fd ekvivalent v\u00a0angli\u010dtin\u011b, proto v\u00a0\u010de\u0161tin\u011b v\u0161e vyzn\u011blo hodn\u011b zvl\u00e1\u0161tn\u011b, kdy\u017e v\u00a0z\u00e1pase jeho t\u00fdm outsidera rozhodn\u011b nedemoloval. Ale t\u00fdm dok\u00e1zal reagovat, nav\u00edc p\u0159ijel David Pastr\u0148\u00e1k a\u00a0slavila se bronzov\u00e1 medaile.<\/p>\n<p class=\"e_bX\">Na olympi\u00e1d\u011b v\u00a0Pekingu 2022\u00a0por\u00e1\u017eka od D\u00e1nska 1:2\u00a0neznamenala, \u017ee \u010desk\u00fd t\u00fdm vyst\u0159el\u00ed k\u00a0\u00fasp\u011bchu. Prohr\u00e1l v\u00a0osmifin\u00e1le, na turnaji skon\u010dil a\u00a0za Hrami z\u016fstala dost kysel\u00e1 pachu\u0165.<\/p>\n<p class=\"e_bX\">Pikantn\u00ed je, \u017ee v\u0161echny \u010dty\u0159i prohry od Norska, Rakouska, D\u00e1nska i\u00a0Slovinska za\u017eil na led\u011b Roman \u010cervenka.<\/p>\n<p class=\"e_bX\">Jak \u010cesko zareaguje na ne\u010dekan\u00fd kolaps, se uk\u00e1\u017ee v\u00a0pond\u011bl\u00ed ve\u010der proti \u0160v\u00e9dsku. V\u00a0minulosti po ka\u017ed\u00e9 t\u011b\u017ek\u00e9 por\u00e1\u017ece n\u00e1rodn\u00ed t\u00fdm dok\u00e1zal vyhr\u00e1t.<\/p>\n","protected":false},"excerpt":{"rendered":"V\u00fdsledek ze sobotn\u00ed noci se zap\u00ed\u0161e do \u010desk\u00fdch hokejov\u00fdch d\u011bjin. Byla to prvn\u00ed por\u00e1\u017eka od Slovinska, co\u017e se&hellip;\n","protected":false},"author":2,"featured_media":88331,"comment_status":"","ping_status":"","sticky":false,"template":"","format":"standard","meta":{"footnotes":"","_share_on_mastodon":"0"},"categories":[15],"tags":[28,29,18757,27303,450,139,588,94,93],"class_list":["post-88330","post","type-post","status-publish","format-standard","has-post-thumbnail","category-sport","tag-ceska-hokejova-reprezentace","tag-hokej","tag-mistrovstvi-sveta-v-hokeji","tag-porazka","tag-radim-rulik","tag-roman-cervenka","tag-slovinsko","tag-sport","tag-sports"],"share_on_mastodon":{"url":"https:\/\/pubeurope.com\/@cz\/116589322848925785","error":""},"_links":{"self":[{"href":"https:\/\/www.europesays.com\/cz\/wp-json\/wp\/v2\/posts\/88330","targetHints":{"allow":["GET"]}}],"collection":[{"href":"https:\/\/www.europesays.com\/cz\/wp-json\/wp\/v2\/posts"}],"about":[{"href":"https:\/\/www.europesays.com\/cz\/wp-json\/wp\/v2\/types\/post"}],"author":[{"embeddable":true,"href":"https:\/\/www.europesays.com\/cz\/wp-json\/wp\/v2\/users\/2"}],"replies":[{"embeddable":true,"href":"https:\/\/www.europesays.com\/cz\/wp-json\/wp\/v2\/comments?post=88330"}],"version-history":[{"count":0,"href":"https:\/\/www.europesays.com\/cz\/wp-json\/wp\/v2\/posts\/88330\/revisions"}],"wp:featuredmedia":[{"embeddable":true,"href":"https:\/\/www.europesays.com\/cz\/wp-json\/wp\/v2\/media\/88331"}],"wp:attachment":[{"href":"https:\/\/www.europesays.com\/cz\/wp-json\/wp\/v2\/media?parent=88330"}],"wp:term":[{"taxonomy":"category","embeddable":true,"href":"https:\/\/www.europesays.com\/cz\/wp-json\/wp\/v2\/categories?post=88330"},{"taxonomy":"post_tag","embeddable":true,"href":"https:\/\/www.europesays.com\/cz\/wp-json\/wp\/v2\/tags?post=88330"}],"curies":[{"name":"wp","href":"https:\/\/api.w.org\/{rel}","templated":true}]}}