{"id":89000,"date":"2026-05-18T05:45:08","date_gmt":"2026-05-18T05:45:08","guid":{"rendered":"https:\/\/www.europesays.com\/cz\/89000\/"},"modified":"2026-05-18T05:45:08","modified_gmt":"2026-05-18T05:45:08","slug":"jak-to-je-se-sbirkou-na-letenku-pro-pavla-zunuv-resort-odpovedel-proc-to-neslo-aktualne-cz","status":"publish","type":"post","link":"https:\/\/www.europesays.com\/cz\/89000\/","title":{"rendered":"Jak to je se \u201esb\u00edrkou na letenku pro Pavla\u201c? Z\u016fn\u016fv resort odpov\u011bd\u011bl, pro\u010d to ne\u0161lo \u2013 Aktu\u00e1ln\u011b.cz"},"content":{"rendered":"<p>S p\u016fvodn\u00ed zpr\u00e1vou o iniciativ\u011b, jej\u00edm\u017e c\u00edlem bylo slo\u017eit se na letenku pro \u010deskou hlavu st\u00e1tu, p\u0159i\u0161el web Parlamentn\u00ed listy. <a href=\"https:\/\/zpravy.aktualne.cz\/domaci\/letenka-pro-pavla-od-dronu-nemesis-famu-siril-i-poslanec-ano-padlo-trestni-oznameni\/r~aaa29b25e927f36797a1f22075b9828d\/\" rel=\"nofollow noopener\" target=\"_blank\">Ten tvrdil, \u017ee za n\u00e1padem st\u00e1l Jan Veverka<\/a> \u2013 spoluzakladatel Skupiny D, pod n\u00ed\u017e vznikla \u00fasp\u011b\u0161n\u00e1 sb\u00edrka Drony Nemesis. Se z\u00e1m\u011brem zorganizovat crowdfundingovou kampa\u0148 na platform\u011b <a href=\"http:\/\/Donio.cz\" rel=\"nofollow noopener\" target=\"_blank\">Donio.cz<\/a> pod n\u00e1zvem \u201eLetenka pro gener\u00e1la\u201c se m\u011bl ozvat zm\u00edn\u011bn\u00e9mu Vojensk\u00e9mu fondu solidarity, u n\u011bho\u017e popt\u00e1val spolupr\u00e1ci. Byl nicm\u00e9n\u011b odm\u00edtnut.<\/p>\n<p>Zpr\u00e1va o \u201efiasku\u201c kolem sb\u00edrky na letenku pro Pavla se hojn\u011b \u0161\u00ed\u0159ila na soci\u00e1ln\u00edch s\u00edt\u00edch. Pozd\u011bji se ov\u0161em uk\u00e1zalo, \u017ee v\u0161e bylo jinak. Skute\u010dn\u00fd Jan Veverka uvedl, \u017ee <a href=\"https:\/\/zpravy.aktualne.cz\/domaci\/letenka-pro-pavla-od-dronu-nemesis-famu-siril-i-poslanec-ano-padlo-trestni-oznameni\/r~aaa29b25e927f36797a1f22075b9828d\/\" rel=\"nofollow noopener\" target=\"_blank\">\u017e\u00e1dnou podobnou sb\u00edrku nikdy neorganizoval<\/a> a s e-mailem adresovan\u00fdm fondu nem\u00e1 nic spole\u010dn\u00e9ho.<\/p>\n<p>Ministerstvo obrany redakci Aktu\u00e1ln\u011b.cz pot\u00e9 potvrdilo, \u017ee sice obdr\u017eelo \u017e\u00e1dost od odesilatele stejn\u00e9ho jm\u00e9na, ale nikdy netvrdilo, \u017ee jde o tv\u00e1\u0159 Dron\u016f Nemesis.<\/p>\n<p>A \u010dl\u00e1nek Parlamentn\u00edch list\u016f? Po n\u011bkolika dnech v tichosti zmizel, stejn\u011b jako p\u0159\u00edsp\u011bvek poslance ANO Pavla R\u016f\u017ei\u010dky, kter\u00fd na s\u00edti X sd\u00edlel \u201efiasko kolem odm\u00edtnut\u00e9 sb\u00edrky\u201c. Na dotaz Aktu\u00e1ln\u011b.cz pak Veverka potvrdil, \u017ee v\u011bc p\u0159edal pr\u00e1vn\u00edk\u016fm. <a href=\"https:\/\/zpravy.aktualne.cz\/domaci\/letenka-pro-pavla-od-dronu-nemesis-famu-siril-i-poslanec-ano-padlo-trestni-oznameni\/r~aaa29b25e927f36797a1f22075b9828d\/\" rel=\"nofollow noopener\" target=\"_blank\">V\u00edce jsme o p\u0159\u00edpadu psali zde.<\/a><\/p>\n<p>\u017d\u00e1dn\u00e1 zm\u00ednka o Skupin\u011b D ani Dronech Nemesis<\/p>\n<p>Ke zmatk\u016fm kolem \u00fadajn\u00e9 sb\u00edrky, kter\u00e1 z\u0159ejm\u011b nikdy neexistovala, nyn\u00ed zareagovalo na dotazy redakce i ministerstvo obrany. Resort potvrdil, \u017ee v \u017e\u00e1dosti, v odpov\u011bdi ani v n\u00e1sledn\u00fdch reakc\u00edch \u00fa\u0159adu Jarom\u00edra Z\u016fny nebyla nikde ani zm\u00ednka o Skupin\u011b D ani jin\u00e9m spolku. K chybn\u00e9mu propojen\u00ed do\u0161lo a\u017e v \u010dl\u00e1nku Parlamentn\u00edch list\u016f.<\/p>\n<p>\u201e\u017d\u00e1dost pana Veverky (respektive odesilatele e-mailu pod t\u00edmto jm\u00e9nem) obdr\u017eel Vojensk\u00fd fond solidarity ministerstva obrany (MO) a reagoval na ni prost\u0159ednictv\u00edm p\u00edsemn\u00e9ho vyj\u00e1d\u0159en\u00ed p\u0159edsedy v\u00fdboru fondu a \u0159editele Odboru pro v\u00e1le\u010dn\u00e9 veter\u00e1ny plk. Roberta Speychala a gener\u00e1ln\u00edho sekret\u00e1\u0159e Charity \u010cR Jakuba Li\u010dky. V t\u00e9to standardn\u00ed odpov\u011bdi bylo \u017eadateli vysv\u011btleno, pro\u010d nen\u00ed \u00fa\u010dast fondu, kter\u00fd je spole\u010dn\u00fdm projektem MO a Charity \u010cR, v jeho iniciativ\u011b mo\u017en\u00e1,\u201c napsal redakci mluv\u010d\u00ed resortu Petr Pe\u0161ek.<\/p>\n<p>Podle informac\u00ed redakce Aktu\u00e1ln\u011b.cz m\u011bl e-mail z adresy <a href=\"http:\/\/zpravy.aktualne.cz\/cdn-cgi\/l\/email-protection#e492819281968f85ca8e818a8d8fa48d87888b9180ca878b89\" rel=\"nofollow noopener\" target=\"_blank\">[email\u00a0protected]<\/a> p\u0159ij\u00edt 22. dubna. V n\u011bm odes\u00edlatel uvedl, \u017ee by r\u00e1d \u010d\u00e1stku ze sb\u00edrky v\u011bnoval Vojensk\u00e9mu fondu solidarity. Svou iniciativu obhajoval slovy, \u017ee \u201eformou humorn\u00e9ho ob\u010dansk\u00e9ho gesta\u201c reaguje na situaci kolem sporu mezi Pra\u017esk\u00fdm hradem a vl\u00e1dou Andreje Babi\u0161e (ANO) o \u00fa\u010dasti na summitu NATO.<\/p>\n<p>\u201eMinisterstvu obrany nep\u0159\u00edslu\u0161\u00ed zve\u0159ej\u0148ovat detaily komunikace s protistranami, lze nicm\u00e9n\u011b uv\u00e9st alespo\u0148 tolik, \u017ee \u0161lo o pl\u00e1n na uskute\u010dn\u011bn\u00ed ob\u010dansk\u00e9 sb\u00edrky p\u0159es platformu <a href=\"http:\/\/Donio.cz\" rel=\"nofollow noopener\" target=\"_blank\">Donio.cz<\/a>, kde \u017eadatel nab\u00edzel MO spolupr\u00e1ci,\u201c sd\u011blil redakci mluv\u010d\u00ed.<\/p>\n<p>\u201e\u017dadateli ale bylo vysv\u011btleno, \u017ee ka\u017ed\u00e1 sb\u00edrka se \u0159\u00edd\u00ed z\u00e1konem o ve\u0159ejn\u00fdch sb\u00edrk\u00e1ch, pravidly z\u0159izovatel\u016f, spole\u010dn\u00fdm statusem a vz\u00e1jemnou dohodou, p\u0159i\u010dem\u017e je ur\u010dena lidem, kte\u0159\u00ed se nach\u00e1zej\u00ed v nouzi \u010di t\u011b\u017ek\u00e9 \u017eivotn\u00ed situaci, a nelze ji vyu\u017e\u00edvat k jin\u00fdm \u00fa\u010del\u016fm,\u201c pokra\u010doval Pe\u0161ek.<\/p>\n<p><img decoding=\"async\" alt=\"\u010cl\u00e1nek o \u00fadajn\u00e9 sb\u00edrce na letenku pro prezidenta Petra Pavla u\u017e sice nen\u00ed dostupn\u00fd, na soci\u00e1ln\u00edch s\u00edt\u00edch ale \u017eije vlastn\u00edm \u017eivotem p\u0159\u00edsp\u011bvek s odkazem na n\u011bj.\" class=\"e-ui-image__img\" loading=\"lazy\" src=\"https:\/\/www.europesays.com\/cz\/wp-content\/uploads\/2026\/05\/snimek-obrazovky-2026-05-11-v-11.27.01.png\" \/><\/p>\n<p>\u010cl\u00e1nek o \u00fadajn\u00e9 sb\u00edrce na letenku pro prezidenta Petra Pavla u\u017e sice nen\u00ed dostupn\u00fd, na soci\u00e1ln\u00edch s\u00edt\u00edch ale \u017eije vlastn\u00edm \u017eivotem p\u0159\u00edsp\u011bvek s odkazem na n\u011bj.Foto: Repro Aktu\u00e1ln\u011b.cz<\/p>\n<p>\u201eV \u017e\u00e1dn\u00e9 komunikaci ministerstva obrany nebyla spojitost se Skupinou D \u010di jin\u00fdm spolkem zm\u00edn\u011bna, \u0161lo o zcela standardn\u00ed odpov\u011b\u010f t\u00fdkaj\u00edc\u00ed se potvrzen\u00ed p\u0159ijet\u00ed \u017e\u00e1dosti od \u017eadatele pod dan\u00fdm jm\u00e9nem,\u201c konstatoval mluv\u010d\u00ed obrany na z\u00e1v\u011br.<\/p>\n<p>\u201eNesta\u010dil jsem \u017easnout\u201c<\/p>\n<p>Zda se jednalo o ne\u0161\u0165astnou shodu jmen, nebo naopak \u00famysln\u00e9 zneu\u017eit\u00ed identity zn\u00e1m\u00e9ho podnikatele, zat\u00edm nen\u00ed jasn\u00e9. Skute\u010dn\u00fd Jan Veverka, stoj\u00edc\u00ed za dronovou iniciativou, nicm\u00e9n\u011b uvedl, \u017ee <a href=\"https:\/\/zpravy.aktualne.cz\/domaci\/letenka-pro-pavla-od-dronu-nemesis-famu-siril-i-poslanec-ano-padlo-trestni-oznameni\/r~aaa29b25e927f36797a1f22075b9828d\/\" rel=\"nofollow noopener\" target=\"_blank\">incident nenech\u00e1 b\u00fdt<\/a>, a prost\u0159ednictv\u00edm sv\u00e9ho advok\u00e1ta podal trestn\u00ed ozn\u00e1men\u00ed na nezn\u00e1m\u00e9ho pachatele.<\/p>\n<p>\u201eNa text Parlamentn\u00edch list\u016f m\u011b upozornil kolega, kter\u00fd mi poslal odkaz na soci\u00e1ln\u00ed s\u00ed\u0165 X poslance R\u016f\u017ei\u010dky, kde byl \u010dl\u00e1nek sd\u00edlen. Vzhledem k tomu, \u017ee obt\u011b\u017eov\u00e1n\u00ed ze strany tohoto poslance dlouhodob\u011b nebere konce, pod\u00edval jsem se, o co tentokr\u00e1t jde. A mus\u00edm \u0159\u00edct, \u017ee jsem nesta\u010dil \u017easnout,\u201c \u0159ekl Aktu\u00e1ln\u011b.cz.<\/p>\n<p>\u201eOv\u011b\u0159il jsem si z\u00e1kladn\u00ed fakta a obratem jsem podepsal plnou moc sv\u00e9mu pr\u00e1vn\u00edkovi. Celou v\u011bc pova\u017euji za dal\u0161\u00ed pokus po\u0161kodit m\u011b osobn\u011b a Skupinu D,\u201c dodal Veverka.<\/p>\n<p>Zd\u016fraznil, \u017ee e-mail, na kter\u00fd odpov\u00eddalo ministerstvo obrany a na n\u011bj\u017e se odkazovalo p\u016fvodn\u00ed tvrzen\u00ed, nen\u00ed jeho a za \u017e\u00e1dost\u00ed nestoj\u00ed. \u201eS \u017e\u00e1dnou takovou komunikac\u00ed nem\u00e1m nic spole\u010dn\u00e9ho. Mohu se pouze dom\u00fd\u0161let, jak cel\u00e1 v\u011bc vznikla. Navenek to ale nese znaky pokra\u010duj\u00edc\u00ed dehonesta\u010dn\u00ed kampan\u011b nam\u00ed\u0159en\u00e9 proti m\u00e9 osob\u011b a proti Skupin\u011b D. Kdo konkr\u00e9tn\u011b za t\u00edm stoj\u00ed, nev\u00edm,\u201c <a href=\"https:\/\/zpravy.aktualne.cz\/domaci\/letenka-pro-pavla-od-dronu-nemesis-famu-siril-i-poslanec-ano-padlo-trestni-oznameni\/r~aaa29b25e927f36797a1f22075b9828d\/\" rel=\"nofollow noopener\" target=\"_blank\">dodal Veverka<\/a>.<\/p>\n<p>Co se d\u011bje s Babi\u0161em? Nedovede si poradit s Okamurou, v\u00edt\u011bz\u00ed nen\u00e1vist. Pod\u00edvejte se na novou Te\u010dku Radka Barton\u00ed\u010dka:<\/p>\n","protected":false},"excerpt":{"rendered":"S p\u016fvodn\u00ed zpr\u00e1vou o iniciativ\u011b, jej\u00edm\u017e c\u00edlem bylo slo\u017eit se na letenku pro \u010deskou hlavu st\u00e1tu, p\u0159i\u0161el web&hellip;\n","protected":false},"author":2,"featured_media":89001,"comment_status":"","ping_status":"","sticky":false,"template":"","format":"standard","meta":{"footnotes":"","_share_on_mastodon":"0"},"categories":[7],"tags":[43,42,41,40,895,10095],"class_list":["post-89000","post","type-post","status-publish","format-standard","has-post-thumbnail","category-cesko","tag-ceska-republika","tag-cesko","tag-czech-republic","tag-czechia","tag-nato","tag-sbirka"],"share_on_mastodon":{"url":"https:\/\/pubeurope.com\/@cz\/116593998427176218","error":""},"_links":{"self":[{"href":"https:\/\/www.europesays.com\/cz\/wp-json\/wp\/v2\/posts\/89000","targetHints":{"allow":["GET"]}}],"collection":[{"href":"https:\/\/www.europesays.com\/cz\/wp-json\/wp\/v2\/posts"}],"about":[{"href":"https:\/\/www.europesays.com\/cz\/wp-json\/wp\/v2\/types\/post"}],"author":[{"embeddable":true,"href":"https:\/\/www.europesays.com\/cz\/wp-json\/wp\/v2\/users\/2"}],"replies":[{"embeddable":true,"href":"https:\/\/www.europesays.com\/cz\/wp-json\/wp\/v2\/comments?post=89000"}],"version-history":[{"count":0,"href":"https:\/\/www.europesays.com\/cz\/wp-json\/wp\/v2\/posts\/89000\/revisions"}],"wp:featuredmedia":[{"embeddable":true,"href":"https:\/\/www.europesays.com\/cz\/wp-json\/wp\/v2\/media\/89001"}],"wp:attachment":[{"href":"https:\/\/www.europesays.com\/cz\/wp-json\/wp\/v2\/media?parent=89000"}],"wp:term":[{"taxonomy":"category","embeddable":true,"href":"https:\/\/www.europesays.com\/cz\/wp-json\/wp\/v2\/categories?post=89000"},{"taxonomy":"post_tag","embeddable":true,"href":"https:\/\/www.europesays.com\/cz\/wp-json\/wp\/v2\/tags?post=89000"}],"curies":[{"name":"wp","href":"https:\/\/api.w.org\/{rel}","templated":true}]}}