{"id":89365,"date":"2026-05-18T11:35:15","date_gmt":"2026-05-18T11:35:15","guid":{"rendered":"https:\/\/www.europesays.com\/cz\/89365\/"},"modified":"2026-05-18T11:35:15","modified_gmt":"2026-05-18T11:35:15","slug":"prislusnice-britskeho-namornictva-dostanou-nova-saka-kvuli-nevhodne-umistenym-dvema-hornim-knoflikum","status":"publish","type":"post","link":"https:\/\/www.europesays.com\/cz\/89365\/","title":{"rendered":"P\u0159\u00edslu\u0161nice britsk\u00e9ho n\u00e1mo\u0159nictva dostanou nov\u00e1 saka. Kv\u016fli nevhodn\u011b um\u00edst\u011bn\u00fdm dv\u011bma horn\u00edm knofl\u00edk\u016fm"},"content":{"rendered":"<p class=\"c_bz\">Vypl\u00fdv\u00e1 to z\u00a0intern\u00edho dokumentu n\u00e1mo\u0159nictva, z\u00a0n\u011bho\u017e citoval server <a data-dot=\"atm-link\" target=\"_blank\" rel=\"noopener nofollow\" href=\"https:\/\/www.dailymail.com\/news\/article-15806471\/Royal-Navy-spend-200-000-inappropriately-placed-buttons-female-jackets.html\" class=\"c_N\">Daily Mail<\/a>. Nov\u00e9 sako obdr\u017e\u00ed v\u00edce ne\u017e 950\u00a0\u017een ve slu\u017eb\u00e1ch kr\u00e1lovsk\u00e9ho n\u00e1mo\u0159nictva, co\u017e st\u00e1tn\u00ed pokladnu vyjde na 200\u00a0tis\u00edc liber (5,6\u00a0mil. K\u010d).<\/p>\n<p class=\"c_bz\">\u201ePozice dvou horn\u00edch knofl\u00edk\u016f na dosavadn\u00edm designu d\u00e1msk\u00e9 d\u016fstojnick\u00e9 bundy je pova\u017eov\u00e1na za nevhodnou. Nov\u00e9 bundy budou m\u00edt proto jin\u00fd vzhled,\u201c stoj\u00ed v\u00a0dokumentu s\u00a0t\u00edm, \u017ee jde pro \u017eeny o \u201epozitivn\u00ed krok\u201c. <\/p>\n<p class=\"c_bz\">V\u0161ech osm knofl\u00edk\u016f bude nap\u0159\u00ed\u0161t\u011b um\u00edst\u011bno pod \u00farovn\u00ed hrudn\u00edku.<\/p>\n<p lang=\"en\" dir=\"ltr\">British Navy is spending 200,000 pounds to redesign the Female Sailors&#8216; Uniform due to inappropriately placed buttons <br \/>An internal report seen by The Times reveal that the upper two button of the female blazers is seemed to be place at Inappropriate position. <br \/>All eight buttons\u2026 <a href=\"https:\/\/t.co\/ahdFGutVpn\" rel=\"nofollow\">pic.twitter.com\/ahdFGutVpn<\/a><\/p>\n<p>\u2014 ABU HURAIRA (@ArainHuraira2) <a href=\"https:\/\/twitter.com\/ArainHuraira2\/status\/2053863686520074736?ref_src=twsrc%5Etfw\" rel=\"nofollow noopener\" target=\"_blank\">May 11, 2026<\/a><\/p>\n<p class=\"c_bz\">Z\u00e1m\u011br velen\u00ed n\u00e1mo\u0159nictva ale vyvolal kritiku, a\u00a0to i\u00a0u n\u011bkter\u00fdch d\u016fstojnic, \u017ee jde o\u00a0pl\u00fdtv\u00e1n\u00ed v\u00a0dob\u011b, kdy pen\u00edze pro zaji\u0161\u0165ov\u00e1n\u00ed obrany zem\u011b chyb\u00ed jinde. \u201eJe zcela absurdn\u00ed, \u017ee kr\u00e1lovsk\u00e9 n\u00e1mo\u0159nictvo pl\u00fdtv\u00e1 pen\u011bzi na tak drobnou zm\u011bnu uniforem,\u201c citoval list <a data-dot=\"atm-link\" target=\"_blank\" rel=\"noopener nofollow\" href=\"https:\/\/www.thetimes.com\/uk\/defence\/article\/royal-navy-ministry-of-defence-uniform-qx7mg8nr6\" class=\"c_N\">The Times<\/a> tvrzen\u00ed jednoho z\u00a0kritik\u016f. Nab\u00edz\u00ed se pr\u00fd \u0159e\u0161en\u00ed, oba horn\u00ed knofl\u00edky jednodu\u0161e odp\u00e1rat.<\/p>\n<p class=\"c_bz\">Mluv\u010d\u00ed n\u00e1mo\u0159nictva ale argumentoval, \u017ee v\u00e1le\u010dn\u00e9 lo\u010fstvo je modern\u00ed organizace, kter\u00e1 se \u201eneust\u00e1le p\u0159izp\u016fsobuje a\u00a0z\u00e1rove\u0148 je hrd\u00e1 na na\u0161i historii\u201c.<\/p>\n<p class=\"c_bz\">\u201eTuto zm\u011bnu budeme zav\u00e1d\u011bt b\u011bhem n\u011bkolika p\u0159\u00ed\u0161t\u00edch let,\u201c dodal mluv\u010d\u00ed. N\u00e1klady na nov\u00e1 saka pr\u00fd budou vyv\u00e1\u017eeny sn\u00ed\u017een\u00edm po\u010dtu jin\u00fdch sou\u010d\u00e1st\u00ed vyd\u00e1van\u00fdch stejnokroj\u016f.<\/p>\n<p class=\"c_bz\">Den\u00edk <a data-dot=\"atm-link\" target=\"_blank\" rel=\"noopener nofollow\" href=\"https:\/\/www.independent.co.uk\/news\/uk\/politics\/starmer-defence-funding-shortfall-military-budget-b2897216.html\" class=\"c_N\">The Independent<\/a> v\u00a0t\u00e9to souvislosti poznamenal, \u017ee britsk\u00e1 arm\u00e1da se nach\u00e1z\u00ed v\u00a0obrovsk\u00e9 finan\u010dn\u00ed krizi. Ministerstvu obrany bude do roku 2030\u00a0chyb\u011bt 28\u00a0miliard liber (787,6\u00a0mld. K\u010d) kv\u016fli rostouc\u00edm n\u00e1klad\u016fm na person\u00e1l, inflaci a\u00a0pot\u0159eb\u011b modernizace ozbrojen\u00fdch sil.<\/p>\n<p class=\"c_bz\">Dal\u0161\u00ed z\u00e1t\u011b\u017e p\u0159edstavuj\u00ed v\u00fddaje spojen\u00e9 s\u00a0v\u00e1lkou na Ukrajin\u011b a\u00a0napjatou situac\u00ed na Bl\u00edzk\u00e9m v\u00fdchod\u011b. Premi\u00e9r Keir Starmer se ned\u00e1vno zav\u00e1zal, \u017ee vy\u0161le na Ukrajinu britsk\u00e9 jednotky v\u00a0p\u0159\u00edpad\u011b m\u00edrov\u00e9 dohody.<\/p>\n<p><a data-dot=\"atm-link\" target=\"_self\" href=\"https:\/\/www.novinky.cz\/clanek\/domaci-armada-predstavila-nove-stejnokroje-40574350\" class=\"c_N\" rel=\"nofollow noopener\"><img fetchpriority=\"high\" height=\"720\" width=\"1280\" src=\"https:\/\/www.europesays.com\/cz\/wp-content\/uploads\/2026\/05\/uniformy-ministerstvo-obrany.jpeg\" loading=\"eager\" decoding=\"sync\" class=\"c_t c_r\"\/><\/a><script async src=\"https:\/\/platform.twitter.com\/widgets.js\" charset=\"utf-8\"><\/script><\/p>\n","protected":false},"excerpt":{"rendered":"Vypl\u00fdv\u00e1 to z\u00a0intern\u00edho dokumentu n\u00e1mo\u0159nictva, z\u00a0n\u011bho\u017e citoval server Daily Mail. Nov\u00e9 sako obdr\u017e\u00ed v\u00edce ne\u017e 950\u00a0\u017een ve slu\u017eb\u00e1ch&hellip;\n","protected":false},"author":2,"featured_media":89366,"comment_status":"","ping_status":"","sticky":false,"template":"","format":"standard","meta":{"footnotes":"","_share_on_mastodon":"0"},"categories":[10],"tags":[17,21,1642,16,18,19,22,1582,1136,1087,20],"class_list":["post-89365","post","type-post","status-publish","format-standard","has-post-thumbnail","category-zpravy","tag-headlines","tag-hlavni-udalosti","tag-namornictvo","tag-news","tag-top-news","tag-top-stories","tag-udalosti-dne","tag-uniformy","tag-velka-britanie","tag-zeny","tag-zpravy"],"share_on_mastodon":{"url":"https:\/\/pubeurope.com\/@cz\/116595374428584482","error":""},"_links":{"self":[{"href":"https:\/\/www.europesays.com\/cz\/wp-json\/wp\/v2\/posts\/89365","targetHints":{"allow":["GET"]}}],"collection":[{"href":"https:\/\/www.europesays.com\/cz\/wp-json\/wp\/v2\/posts"}],"about":[{"href":"https:\/\/www.europesays.com\/cz\/wp-json\/wp\/v2\/types\/post"}],"author":[{"embeddable":true,"href":"https:\/\/www.europesays.com\/cz\/wp-json\/wp\/v2\/users\/2"}],"replies":[{"embeddable":true,"href":"https:\/\/www.europesays.com\/cz\/wp-json\/wp\/v2\/comments?post=89365"}],"version-history":[{"count":0,"href":"https:\/\/www.europesays.com\/cz\/wp-json\/wp\/v2\/posts\/89365\/revisions"}],"wp:featuredmedia":[{"embeddable":true,"href":"https:\/\/www.europesays.com\/cz\/wp-json\/wp\/v2\/media\/89366"}],"wp:attachment":[{"href":"https:\/\/www.europesays.com\/cz\/wp-json\/wp\/v2\/media?parent=89365"}],"wp:term":[{"taxonomy":"category","embeddable":true,"href":"https:\/\/www.europesays.com\/cz\/wp-json\/wp\/v2\/categories?post=89365"},{"taxonomy":"post_tag","embeddable":true,"href":"https:\/\/www.europesays.com\/cz\/wp-json\/wp\/v2\/tags?post=89365"}],"curies":[{"name":"wp","href":"https:\/\/api.w.org\/{rel}","templated":true}]}}