{"id":89501,"date":"2026-05-18T13:33:11","date_gmt":"2026-05-18T13:33:11","guid":{"rendered":"https:\/\/www.europesays.com\/cz\/89501\/"},"modified":"2026-05-18T13:33:11","modified_gmt":"2026-05-18T13:33:11","slug":"zachranna-stanice-pro-ptaky-vyhorela-majitel-nasel-na-uctu-od-lidi-16-milionu-aktualne-cz","status":"publish","type":"post","link":"https:\/\/www.europesays.com\/cz\/89501\/","title":{"rendered":"Z\u00e1chrann\u00e1 stanice pro pt\u00e1ky vyho\u0159ela, majitel na\u0161el na \u00fa\u010dtu od lid\u00ed 16 milion\u016f \u2013 Aktu\u00e1ln\u011b.cz"},"content":{"rendered":"<p>\u201eNem\u00e1m k tomu ani slov. Zjistil jsem, \u017ee na tom na\u0161em firemn\u00edm \u00fa\u010dtu na\u0161\u00ed z\u00e1chrann\u00e9 stanice se objevilo 16 milion\u016f. Je to n\u011bco,\u201c uvedl Macha\u0159. Podle n\u011bj je tato vlna podpory mnohon\u00e1sobn\u011b v\u011bt\u0161\u00ed, ne\u017e kolik se se\u0161lo na ofici\u00e1ln\u011b vypsan\u00e9 sb\u00edrce. Tam dorazilo n\u011bco p\u0159es dva miliony korun.<\/p>\n<p>Popsal, \u017ee pen\u00edze vyu\u017eije na obnovu zni\u010den\u00e9ho z\u00e1zem\u00ed. Dal\u0161\u00edm jeho pl\u00e1nem je vybudovat odlou\u010den\u00e9 pracovi\u0161t\u011b, kde by bylo mo\u017en\u00e9 bezpe\u010dn\u011b vypou\u0161t\u011bt uzdraven\u00e1 zv\u00ed\u0159ata zp\u011bt do p\u0159\u00edrody a z\u00e1rove\u0148 jim t\u00edmto umo\u017enit n\u00e1vrat do z\u00e1zem\u00ed, pokud by to pot\u0159ebovala. Lokalitu m\u00e1 podle sv\u00fdch slov n\u011bkolik minut od sou\u010dasn\u00e9 stanice. Uvedl tak\u00e9, \u017ee m\u00e1 dotaci ze s\u00edt\u011b z\u00e1chrann\u00fdch stanic, kterou te\u010f ale v\u011bnuje ostatn\u00edm z\u00e1chrann\u00fdm stanic\u00edm.<\/p>\n<p>Po\u017e\u00e1r v objektu o rozm\u011brech zhruba deset kr\u00e1t deset metr\u016f vypukl v noci na 7. kv\u011btna. Uhynuli p\u0159i n\u011bm t\u0159i psi, \u017e\u00e1dn\u00fd \u010dlov\u011bk zran\u011bn nebyl. P\u0159edb\u011b\u017en\u00e1 v\u00fd\u0161e \u0161kody je ve statis\u00edc\u00edch, p\u0159\u00ed\u010dina po\u017e\u00e1ru je st\u00e1le ve vy\u0161et\u0159ov\u00e1n\u00ed.<\/p>\n","protected":false},"excerpt":{"rendered":"\u201eNem\u00e1m k tomu ani slov. Zjistil jsem, \u017ee na tom na\u0161em firemn\u00edm \u00fa\u010dtu na\u0161\u00ed z\u00e1chrann\u00e9 stanice se objevilo&hellip;\n","protected":false},"author":2,"featured_media":89502,"comment_status":"","ping_status":"","sticky":false,"template":"","format":"standard","meta":{"footnotes":"","_share_on_mastodon":"0"},"categories":[7],"tags":[92,43,42,41,40,1162,10095],"class_list":["post-89501","post","type-post","status-publish","format-standard","has-post-thumbnail","category-cesko","tag-brno","tag-ceska-republika","tag-cesko","tag-czech-republic","tag-czechia","tag-jihomoravsky-kraj","tag-sbirka"],"share_on_mastodon":{"url":"https:\/\/pubeurope.com\/@cz\/116595838673183942","error":""},"_links":{"self":[{"href":"https:\/\/www.europesays.com\/cz\/wp-json\/wp\/v2\/posts\/89501","targetHints":{"allow":["GET"]}}],"collection":[{"href":"https:\/\/www.europesays.com\/cz\/wp-json\/wp\/v2\/posts"}],"about":[{"href":"https:\/\/www.europesays.com\/cz\/wp-json\/wp\/v2\/types\/post"}],"author":[{"embeddable":true,"href":"https:\/\/www.europesays.com\/cz\/wp-json\/wp\/v2\/users\/2"}],"replies":[{"embeddable":true,"href":"https:\/\/www.europesays.com\/cz\/wp-json\/wp\/v2\/comments?post=89501"}],"version-history":[{"count":0,"href":"https:\/\/www.europesays.com\/cz\/wp-json\/wp\/v2\/posts\/89501\/revisions"}],"wp:featuredmedia":[{"embeddable":true,"href":"https:\/\/www.europesays.com\/cz\/wp-json\/wp\/v2\/media\/89502"}],"wp:attachment":[{"href":"https:\/\/www.europesays.com\/cz\/wp-json\/wp\/v2\/media?parent=89501"}],"wp:term":[{"taxonomy":"category","embeddable":true,"href":"https:\/\/www.europesays.com\/cz\/wp-json\/wp\/v2\/categories?post=89501"},{"taxonomy":"post_tag","embeddable":true,"href":"https:\/\/www.europesays.com\/cz\/wp-json\/wp\/v2\/tags?post=89501"}],"curies":[{"name":"wp","href":"https:\/\/api.w.org\/{rel}","templated":true}]}}