{"id":90299,"date":"2026-05-19T08:37:11","date_gmt":"2026-05-19T08:37:11","guid":{"rendered":"https:\/\/www.europesays.com\/cz\/90299\/"},"modified":"2026-05-19T08:37:11","modified_gmt":"2026-05-19T08:37:11","slug":"domecek-z-karet-se-zhroutil-orbanuv-fidesz-ztratil-od-dubnovych-voleb-milion-volicu","status":"publish","type":"post","link":"https:\/\/www.europesays.com\/cz\/90299\/","title":{"rendered":"Dome\u010dek z\u00a0karet se zhroutil. Orb\u00e1n\u016fv Fidesz ztratil od dubnov\u00fdch voleb milion voli\u010d\u016f"},"content":{"rendered":"<p class=\"c_bz\">Podle pr\u016fzkumu agentury Publicus by Tisza z\u00edskala 55\u00a0procent hlas\u016f v\u00a0r\u00e1mci jist\u00fdch voli\u010d\u016f a\u00a0Fidesz jen 17\u00a0procent. Ve volb\u00e1ch, kter\u00e9 se konaly 12.\u00a0dubna, z\u00edskala Tisza 53,18\u00a0procenta hlas\u016f a\u00a0Fidesz 38,61\u00a0procenta hlas\u016f.<\/p>\n<p class=\"c_bz\">Magyarov\u011b stran\u011b dalo ve volb\u00e1ch sv\u016fj hlas 3,4\u00a0milionu voli\u010d\u016f a\u00a0Orb\u00e1nov\u011b stran\u011b 2,5\u00a0milionu voli\u010d\u016f. Analytik Andr\u00e1s Pulai den\u00edku <a data-dot=\"atm-link\" target=\"_blank\" rel=\"noopener nofollow\" href=\"https:\/\/nepszava.hu\/3322698_tisza-part-fidesz-osszeomlas-felmeres-publicus-intezet-parlamenti-valasztas-2026\" class=\"c_N\">N\u00e9pszava<\/a> \u0159ekl, \u017ee \u010d\u00edsla aktu\u00e1ln\u00edho pr\u016fzkumu agentury Publicus ukazuj\u00ed, \u017ee Fidesz ztratil od voleb t\u00e9m\u011b\u0159 polovinu voli\u010d\u016f. \u201eDome\u010dek z\u00a0karet s\u00a0n\u00e1zvem Fidesz, kter\u00fd dr\u017eela pohromad\u011b konstrukce alternativn\u00ed reality, se zhroutil,\u201c konstatoval Pulai, kter\u00fd ozna\u010dil 73procentn\u00ed podporu strany Tisza mezi jist\u00fdmi stranick\u00fdmi voli\u010di za bezprecedentn\u00ed.<\/p>\n<p class=\"c_bz\">Analytik nevylou\u010dil dal\u0161\u00ed pos\u00edlen\u00ed Magyarovy strany, kdy\u017e pouk\u00e1zal na to, \u017ee podle pr\u016fzkumu vyj\u00e1d\u0159ilo s\u00a0v\u00fdvojem po volb\u00e1ch spokojenost 55% dot\u00e1zan\u00fdch a\u00a0optimisticky se v\u00a0tomto sm\u011bru vyj\u00e1d\u0159ilo tak\u00e9 31% voli\u010d\u016f Fidesz. <\/p>\n<p class=\"c_bz\">Magyara ozna\u010dilo 72procent respondent\u016f za vhodn\u00e9ho na post premi\u00e9ra, kdy\u017e Orb\u00e1na si dovede p\u0159edstavit ve funkci p\u0159edsedy vl\u00e1dy u\u017e jen 27procent dot\u00e1zan\u00fdch. 69% \u00fa\u010dastn\u00edk\u016f pr\u016fzkumu ozna\u010dilo Orb\u00e1na za neschopn\u00e9ho, a\u00a0to sam\u00e9 si mysl\u00ed o\u00a0Magyarovi 21\u00a0procent dot\u00e1zan\u00fdch.<\/p>\n<p class=\"c_bz\">Dvaasedmdes\u00e1t procent respondent\u016f o\u010dek\u00e1v\u00e1, \u017ee v\u00a0Ma\u010farsku dojde pod novou vl\u00e1dou k\u00a0pozitivn\u00edm zm\u011bn\u00e1m a\u00a0jen \u0161estn\u00e1ct procent dot\u00e1zan\u00fdch se domn\u00edv\u00e1, \u017ee v\u011bci p\u016fjdou negativn\u00edm sm\u011brem.<\/p>\n<p><a data-dot=\"atm-link\" target=\"_self\" href=\"https:\/\/www.novinky.cz\/clanek\/zahranicni-evropa-popularita-magyarovy-strany-tisza-po-volbach-jeste-stoupla-40578178\" class=\"c_N\" rel=\"nofollow noopener\"><img height=\"2304\" width=\"4096\" src=\"https:\/\/www.europesays.com\/cz\/wp-content\/uploads\/2026\/05\/1778755215_321_bc96.jpeg\" loading=\"lazy\" decoding=\"async\" class=\"c_t c_r c_l\"\/><\/a><\/p>\n","protected":false},"excerpt":{"rendered":"Podle pr\u016fzkumu agentury Publicus by Tisza z\u00edskala 55\u00a0procent hlas\u016f v\u00a0r\u00e1mci jist\u00fdch voli\u010d\u016f a\u00a0Fidesz jen 17\u00a0procent. Ve volb\u00e1ch, kter\u00e9&hellip;\n","protected":false},"author":2,"featured_media":90300,"comment_status":"","ping_status":"","sticky":false,"template":"","format":"standard","meta":{"footnotes":"","_share_on_mastodon":"0"},"categories":[10],"tags":[17,21,796,16,5431,3817,1005,18,19,22,20],"class_list":["post-90299","post","type-post","status-publish","format-standard","has-post-thumbnail","category-zpravy","tag-headlines","tag-hlavni-udalosti","tag-madarsko","tag-news","tag-politicke-strany","tag-preference","tag-pruzkum","tag-top-news","tag-top-stories","tag-udalosti-dne","tag-zpravy"],"share_on_mastodon":{"url":"https:\/\/pubeurope.com\/@cz\/116600336685274986","error":""},"_links":{"self":[{"href":"https:\/\/www.europesays.com\/cz\/wp-json\/wp\/v2\/posts\/90299","targetHints":{"allow":["GET"]}}],"collection":[{"href":"https:\/\/www.europesays.com\/cz\/wp-json\/wp\/v2\/posts"}],"about":[{"href":"https:\/\/www.europesays.com\/cz\/wp-json\/wp\/v2\/types\/post"}],"author":[{"embeddable":true,"href":"https:\/\/www.europesays.com\/cz\/wp-json\/wp\/v2\/users\/2"}],"replies":[{"embeddable":true,"href":"https:\/\/www.europesays.com\/cz\/wp-json\/wp\/v2\/comments?post=90299"}],"version-history":[{"count":0,"href":"https:\/\/www.europesays.com\/cz\/wp-json\/wp\/v2\/posts\/90299\/revisions"}],"wp:featuredmedia":[{"embeddable":true,"href":"https:\/\/www.europesays.com\/cz\/wp-json\/wp\/v2\/media\/90300"}],"wp:attachment":[{"href":"https:\/\/www.europesays.com\/cz\/wp-json\/wp\/v2\/media?parent=90299"}],"wp:term":[{"taxonomy":"category","embeddable":true,"href":"https:\/\/www.europesays.com\/cz\/wp-json\/wp\/v2\/categories?post=90299"},{"taxonomy":"post_tag","embeddable":true,"href":"https:\/\/www.europesays.com\/cz\/wp-json\/wp\/v2\/tags?post=90299"}],"curies":[{"name":"wp","href":"https:\/\/api.w.org\/{rel}","templated":true}]}}