{"id":90384,"date":"2026-05-19T10:01:09","date_gmt":"2026-05-19T10:01:09","guid":{"rendered":"https:\/\/www.europesays.com\/cz\/90384\/"},"modified":"2026-05-19T10:01:09","modified_gmt":"2026-05-19T10:01:09","slug":"magyar-odtajnil-dokumenty-k-udeleni-milosti-v-pedofilnim-skandalu","status":"publish","type":"post","link":"https:\/\/www.europesays.com\/cz\/90384\/","title":{"rendered":"Magyar odtajnil dokumenty k\u00a0ud\u011blen\u00ed milosti v\u00a0pedofiln\u00edm skand\u00e1lu"},"content":{"rendered":"<p class=\"c_bz\">Z dokument\u016f vypl\u00fdv\u00e1, \u017ee prezidentka ud\u011blila v\u00a0roce 2023\u00a0milost hned n\u011bkolika lidem najednou t\u011bsn\u011b p\u0159ed n\u00e1v\u0161t\u011bvou pape\u017ee Franti\u0161ka v\u00a0Ma\u010farsku. Milost dostal tak\u00e9 Endre K., kter\u00fd byl z\u00e1stupcem \u0159editele d\u011btsk\u00e9ho domova ve m\u011bst\u011b Bicske a\u00a0kryl sexu\u00e1ln\u00ed zneu\u017e\u00edv\u00e1n\u00ed d\u011bt\u00ed v\u00a0\u00fastavu. Samotn\u00fd \u0159editel \u00fastavu J\u00e1nos V\u00e1s\u00e1rhelyi byl odsouzen k\u00a0osmilet\u00e9mu trestu v\u011bzen\u00ed.<\/p>\n<p class=\"c_bz\">Na tiskov\u00e9 konferenci \u017eiv\u011b p\u0159en\u00e1\u0161en\u00e9 na <a data-dot=\"atm-link\" target=\"_blank\" rel=\"noopener nofollow\" href=\"https:\/\/www.facebook.com\/peter.magyar.102\" class=\"c_N\">Facebooku<\/a> Magyar zd\u016fraznil, \u017ee tehdej\u0161\u00ed ministryn\u011b spravedlnosti Vargov\u00e1 p\u016fvodn\u011b s\u00a0rozhodnut\u00edm o\u00a0ud\u011blen\u00ed milosti nesouhlasila. Kdy\u017e se v\u0161ak dokument vr\u00e1til ministerstvu u\u017e s\u00a0podpisem prezidentky, Vargov\u00e1 ho bez dal\u0161\u00edho od\u016fvodn\u011bn\u00ed kontrasignovala.<\/p>\n<p class=\"c_bz\">Na ot\u00e1zku, zda mu jeho b\u00fdval\u00e1 man\u017eelka n\u011bkdy \u0159ekla o\u00a0podrobnostech p\u0159\u00edpadu milosti, Magyar odpov\u011bd\u011bl jednozna\u010dn\u00fdm ne.<\/p>\n<p><a data-dot=\"atm-link\" target=\"_self\" href=\"https:\/\/www.novinky.cz\/clanek\/zahranicni-evropa-nechal-vyvest-orbanova-urednika-magyar-celi-trestnimu-oznameni-za-zneuziti-pravomoci-40578709\" class=\"c_N\" rel=\"nofollow noopener\"><img fetchpriority=\"high\" height=\"1080\" width=\"1920\" src=\"https:\/\/www.europesays.com\/cz\/wp-content\/uploads\/2026\/05\/1779184868_344_magyar-orban-klaster-madarsko-budapest-prohlidka.bmp\" loading=\"eager\" decoding=\"sync\" class=\"c_t c_r\"\/><\/a><\/p>\n<p class=\"c_bz\">P\u0159\u00edslu\u0161n\u00e9 dokumenty byly zve\u0159ejn\u011bny na zvl\u00e1\u0161tn\u00ed str\u00e1nce \u00fa\u0159adu vl\u00e1dy <a data-dot=\"atm-link\" target=\"_blank\" rel=\"noopener nofollow\" href=\"https:\/\/kormany.hu\/igazsagtetel\" class=\"c_N\">kormany.hu\/igazsagtetel<\/a>. Text je z\u010d\u00e1sti za\u010dern\u011bn. \u201ePodle sou\u010dasn\u00e9 legislativy je to jedin\u00fd zp\u016fsob, jak dokumenty zve\u0159ejnit,\u201c vysv\u011btlil Magyar.<\/p>\n<p class=\"c_bz\">Premi\u00e9r vyzval prezidenta Tam\u00e1se Sulyoka, aby k\u00a0tomuto p\u0159\u00edpadu zve\u0159ejnil dal\u0161\u00ed dokumenty, kter\u00e9 jsou ulo\u017eeny v\u00a0kancel\u00e1\u0159i hlavy st\u00e1tu.<\/p>\n<p>Role Orb\u00e1novy man\u017eelky<\/p>\n<p class=\"c_bz\">Magyar nazna\u010dil, \u017ee za ud\u011blen\u00edm milosti mohla st\u00e1t Anik\u00f3 L\u00e9vaiov\u00e1, man\u017eelka b\u00fdval\u00e9ho premi\u00e9ra Viktora Orb\u00e1na. \u201eNeo\u010dek\u00e1v\u00e1m, \u017ee Katalin Nov\u00e1kov\u00e1, kter\u00e1 milost ud\u011blila, nap\u0159\u00edklad nap\u00ed\u0161e \u00b4Ud\u011blila jsem milost, proto\u017ee o\u00a0ni po\u017e\u00e1dala Anik\u00f3 L\u00e9vaiov\u00e1\u00b4, ale mohou tam b\u00fdt dal\u0161\u00ed detaily,\u201c \u0159ekl Magyar k\u00a0dokument\u016fm, kter\u00e9 jsou ulo\u017eeny v\u00a0kancel\u00e1\u0159i prezidenta.<\/p>\n<p class=\"c_bz\">Endre K. byl odsouzen na t\u0159i roky a\u00a0\u010dty\u0159i m\u011bs\u00edce do v\u011bzen\u00ed za to, \u017ee l\u00e9ta kryl pedofiln\u00ed trestn\u00e9 \u010diny sv\u00e9ho \u0161\u00e9fa, \u0159editele d\u011btsk\u00e9ho domova ve m\u011bst\u011b Bicske. \u201eD\u011bti nutil ke k\u0159iv\u00fdm v\u00fdpov\u011bd\u00edm a\u00a0k tomu, aby st\u00e1hly sv\u00e9 v\u00fdpov\u011bdi proti \u0159editeli,\u201c uvedl web 444.hu. \u201eJedn\u00e9 z\u00a0ob\u011bt\u00ed nab\u00edzel 5000\u00a0forint\u016f (330\u00a0korun &#8211; pozn. red.), pokud st\u00e1hne svou v\u00fdpov\u011b\u010f,\u201c dodal den\u00edk N\u00e9pszava.<\/p>\n<p class=\"c_bz\">B\u00fdval\u00ed chovanci d\u011btsk\u00e9ho domova Juli\u00e1n a\u00a0Levente pro televizi RTL tehdy \u0159ekli, \u017ee \u0159editel je m\u011bl p\u0159ed v\u00edce ne\u017e deseti lety sexu\u00e1ln\u011b obt\u011b\u017eovat. Proti \u0159editeli vypov\u00eddal tak\u00e9 dal\u0161\u00ed chovanec d\u011btsk\u00e9ho domova, kter\u00fd v\u0161ak zanedlouho sp\u00e1chal sebevra\u017edu skokem pod vlak.<\/p>\n<p><img height=\"3057\"   width=\"4096\" src=\"https:\/\/www.europesays.com\/cz\/wp-content\/uploads\/2026\/05\/9dcci.jpeg\" loading=\"eager\" decoding=\"sync\" class=\"c_t c_r\"\/>Foto: Aleksandra Szmigiel, Reuters<\/p>\n<p class=\"c_bz\">B\u00fdval\u00e1 ma\u010farsk\u00e1 prezidentka Katalin Nov\u00e1kov\u00e1<\/p>\n<p><a data-dot=\"atm-link\" target=\"_self\" href=\"https:\/\/www.novinky.cz\/clanek\/zahranicni-evropa-politicka-kariera-madarske-prezidentky-je-u-konce-40460250\" class=\"c_N\" rel=\"nofollow noopener\"><img height=\"2304\" width=\"4096\" src=\"https:\/\/www.europesays.com\/cz\/wp-content\/uploads\/2026\/05\/madarsko-katalin-novakova-milost.jpeg\" loading=\"eager\" decoding=\"sync\" class=\"c_t c_r\"\/><\/a><\/p>\n","protected":false},"excerpt":{"rendered":"Z dokument\u016f vypl\u00fdv\u00e1, \u017ee prezidentka ud\u011blila v\u00a0roce 2023\u00a0milost hned n\u011bkolika lidem najednou t\u011bsn\u011b p\u0159ed n\u00e1v\u0161t\u011bvou pape\u017ee Franti\u0161ka v\u00a0Ma\u010farsku.&hellip;\n","protected":false},"author":2,"featured_media":90385,"comment_status":"","ping_status":"","sticky":false,"template":"","format":"standard","meta":{"footnotes":"","_share_on_mastodon":"0"},"categories":[3],"tags":[3117,109,108,106,796,8361],"class_list":["post-90384","post","type-post","status-publish","format-standard","has-post-thumbnail","category-evropa","tag-dokumenty","tag-europa","tag-europe","tag-evropa","tag-madarsko","tag-milost"],"share_on_mastodon":{"url":"https:\/\/pubeurope.com\/@cz\/116600667267487088","error":""},"_links":{"self":[{"href":"https:\/\/www.europesays.com\/cz\/wp-json\/wp\/v2\/posts\/90384","targetHints":{"allow":["GET"]}}],"collection":[{"href":"https:\/\/www.europesays.com\/cz\/wp-json\/wp\/v2\/posts"}],"about":[{"href":"https:\/\/www.europesays.com\/cz\/wp-json\/wp\/v2\/types\/post"}],"author":[{"embeddable":true,"href":"https:\/\/www.europesays.com\/cz\/wp-json\/wp\/v2\/users\/2"}],"replies":[{"embeddable":true,"href":"https:\/\/www.europesays.com\/cz\/wp-json\/wp\/v2\/comments?post=90384"}],"version-history":[{"count":0,"href":"https:\/\/www.europesays.com\/cz\/wp-json\/wp\/v2\/posts\/90384\/revisions"}],"wp:featuredmedia":[{"embeddable":true,"href":"https:\/\/www.europesays.com\/cz\/wp-json\/wp\/v2\/media\/90385"}],"wp:attachment":[{"href":"https:\/\/www.europesays.com\/cz\/wp-json\/wp\/v2\/media?parent=90384"}],"wp:term":[{"taxonomy":"category","embeddable":true,"href":"https:\/\/www.europesays.com\/cz\/wp-json\/wp\/v2\/categories?post=90384"},{"taxonomy":"post_tag","embeddable":true,"href":"https:\/\/www.europesays.com\/cz\/wp-json\/wp\/v2\/tags?post=90384"}],"curies":[{"name":"wp","href":"https:\/\/api.w.org\/{rel}","templated":true}]}}