{"id":90485,"date":"2026-05-19T11:23:10","date_gmt":"2026-05-19T11:23:10","guid":{"rendered":"https:\/\/www.europesays.com\/cz\/90485\/"},"modified":"2026-05-19T11:23:10","modified_gmt":"2026-05-19T11:23:10","slug":"ruske-nalety-na-ukrajine-opet-zabijely-v-rumunsku-startovaly-stihacky","status":"publish","type":"post","link":"https:\/\/www.europesays.com\/cz\/90485\/","title":{"rendered":"Rusk\u00e9 n\u00e1lety na Ukrajin\u011b op\u011bt zab\u00edjely. V\u00a0Rumunsku startovaly st\u00edha\u010dky"},"content":{"rendered":"<p class=\"c_bz\">Rusk\u00e1 raketa v\u00a0m\u011bst\u011b Pryluky v\u00a0\u010cernihivsk\u00e9 oblasti zabila dva lidi a\u00a0dal\u0161\u00edch 17\u00a0zranila, ozn\u00e1mil \u0161\u00e9f regionu Vja\u010deslav \u010caus na <a data-dot=\"atm-link\" target=\"_blank\" rel=\"noopener nofollow\" href=\"https:\/\/t.me\/chernigivskaODA\/29211\" class=\"c_N\">Telegramu<\/a>. V\u00a0oblasti \u00fato\u010dily tak\u00e9 rusk\u00e9 drony, jejich c\u00edlem bylo n\u011bkolik plyn\u00e1rensk\u00fdch objekt\u016f spole\u010dnosti <a data-dot=\"atm-link\" target=\"_blank\" rel=\"noopener nofollow\" href=\"https:\/\/t.me\/NaftogazUA\/2865\" class=\"c_N\">Naftogaz<\/a>.<\/p>\n<p class=\"c_bz\">Nad r\u00e1nem byly zasa\u017eeny tak\u00e9 dv\u011b m\u011bstsk\u00e9 \u010dtvrti v\u00a0Charkov\u011b, p\u0159ipomn\u011bl web <a data-dot=\"atm-link\" target=\"_blank\" rel=\"noopener nofollow\" href=\"https:\/\/www.pravda.com.ua\/news\/2026\/05\/19\/8035297\/\" class=\"c_N\">Pravda<\/a> s\u00a0t\u00edm, \u017ee \u00fatok nep\u0159e\u017eili dva lid\u00e9 a\u00a0t\u0159i dal\u0161\u00ed utrp\u011bli zran\u011bn\u00ed. Po n\u00e1letu rusk\u00fdch dron\u016f na obec Hluchiv ozn\u00e1mil dva mrtv\u00e9 a\u00a0zran\u011bn\u00e9 tak\u00e9 telegramov\u00fd kan\u00e1l prokuratury Sumsk\u00e9 oblasti.<\/p>\n<p class=\"c_bz\">\u201e\u0160est civilist\u016f\u00a0\u2013 t\u0159i mu\u017ei ve v\u011bku 43, 45\u00a0a\u00a071\u00a0let a\u00a0t\u0159i \u017eeny ve v\u011bku 64, 65\u00a0a\u00a064\u00a0let &#8211; zranila rusk\u00e1 klouzav\u00e1 250kilov\u00e1 puma shozen\u00e1 na Kramatorsk,\u201c ozn\u00e1mila prokuratura Don\u011bck\u00e9 oblasti, kter\u00e1 \u00fatoky na civilisty vy\u0161et\u0159uje jako v\u00e1le\u010dn\u00e9 zlo\u010diny.<\/p>\n<p class=\"c_bz\">Rusko nad Ukrajinu b\u011bhem noci vypustilo 209\u00a0r\u016fzn\u00fdch sebevra\u017eedn\u00fdch dron\u016f. Z\u00a0nich\u017e 180\u00a0dok\u00e1zala ukrajinsk\u00e1 protivzdu\u0161n\u00e1 obrana sest\u0159elit, jak uvedla na sv\u00e9m <a data-dot=\"atm-link\" target=\"_blank\" rel=\"noopener nofollow\" href=\"https:\/\/t.me\/kpszsu\/62230\" class=\"c_N\">Telegramu<\/a>.<\/p>\n<p class=\"c_bz\">Kv\u016fli \u00fatoku dron\u016f na ukrajinsk\u00fd p\u0159\u00edstav Ismail hl\u00eddkovaly v\u00a0noci na hranici s\u00a0Rumunskem v\u00a0oblasti Tulcea dv\u011b st\u00edha\u010dky F-16, ozn\u00e1milo rumunsk\u00e9 <a data-dot=\"atm-link\" target=\"_blank\" rel=\"noopener nofollow\" href=\"https:\/\/www.mapn.ro\/cpresa\/19251_informa%C8%9Bie-de-presa\" class=\"c_N\">ministerstvo obrany<\/a>. Rusk\u00e9 drony naru\u0161uj\u00ed rumunsk\u00fd vzdu\u0161n\u00fd prostor pravideln\u011b, naposledy na za\u010d\u00e1tku kv\u011btna.<\/p>\n<p><a data-dot=\"atm-link\" target=\"_self\" href=\"https:\/\/www.novinky.cz\/clanek\/zahranicni-evropa-vybuchy-v-ruske-jaroslavli-drony-zautocily-na-prumyslovy-areal-40578818\" class=\"c_N\" rel=\"nofollow noopener\"><img fetchpriority=\"high\" height=\"1801\" width=\"3203\" src=\"https:\/\/www.europesays.com\/cz\/wp-content\/uploads\/2026\/05\/1779189790_234_dron-sestreleni-jaroslavl-ukrajina-rusko.jpeg\" loading=\"eager\" decoding=\"sync\" class=\"c_t c_r\"\/><\/a><\/p>\n","protected":false},"excerpt":{"rendered":"Rusk\u00e1 raketa v\u00a0m\u011bst\u011b Pryluky v\u00a0\u010cernihivsk\u00e9 oblasti zabila dva lidi a\u00a0dal\u0161\u00edch 17\u00a0zranila, ozn\u00e1mil \u0161\u00e9f regionu Vja\u010deslav \u010caus na Telegramu.&hellip;\n","protected":false},"author":2,"featured_media":90486,"comment_status":"","ping_status":"","sticky":false,"template":"","format":"standard","meta":{"footnotes":"","_share_on_mastodon":"0"},"categories":[3],"tags":[464,109,108,106,10181,2889,61,110,56],"class_list":["post-90485","post","type-post","status-publish","format-standard","has-post-thumbnail","category-evropa","tag-drony","tag-europa","tag-europe","tag-evropa","tag-nalety","tag-rumunsko","tag-rusko","tag-ukrajina","tag-valka-rusko-ukrajina"],"share_on_mastodon":{"url":"https:\/\/pubeurope.com\/@cz\/116600989778232414","error":""},"_links":{"self":[{"href":"https:\/\/www.europesays.com\/cz\/wp-json\/wp\/v2\/posts\/90485","targetHints":{"allow":["GET"]}}],"collection":[{"href":"https:\/\/www.europesays.com\/cz\/wp-json\/wp\/v2\/posts"}],"about":[{"href":"https:\/\/www.europesays.com\/cz\/wp-json\/wp\/v2\/types\/post"}],"author":[{"embeddable":true,"href":"https:\/\/www.europesays.com\/cz\/wp-json\/wp\/v2\/users\/2"}],"replies":[{"embeddable":true,"href":"https:\/\/www.europesays.com\/cz\/wp-json\/wp\/v2\/comments?post=90485"}],"version-history":[{"count":0,"href":"https:\/\/www.europesays.com\/cz\/wp-json\/wp\/v2\/posts\/90485\/revisions"}],"wp:featuredmedia":[{"embeddable":true,"href":"https:\/\/www.europesays.com\/cz\/wp-json\/wp\/v2\/media\/90486"}],"wp:attachment":[{"href":"https:\/\/www.europesays.com\/cz\/wp-json\/wp\/v2\/media?parent=90485"}],"wp:term":[{"taxonomy":"category","embeddable":true,"href":"https:\/\/www.europesays.com\/cz\/wp-json\/wp\/v2\/categories?post=90485"},{"taxonomy":"post_tag","embeddable":true,"href":"https:\/\/www.europesays.com\/cz\/wp-json\/wp\/v2\/tags?post=90485"}],"curies":[{"name":"wp","href":"https:\/\/api.w.org\/{rel}","templated":true}]}}