{"id":90765,"date":"2026-05-19T16:30:11","date_gmt":"2026-05-19T16:30:11","guid":{"rendered":"https:\/\/www.europesays.com\/cz\/90765\/"},"modified":"2026-05-19T16:30:11","modified_gmt":"2026-05-19T16:30:11","slug":"dejte-mi-vedet-co-rikate-na-vlastenectvi-prezidenta-poslankyne-dala-vyzvu","status":"publish","type":"post","link":"https:\/\/www.europesays.com\/cz\/90765\/","title":{"rendered":"Dejte mi v\u011bd\u011bt, co \u0159\u00edk\u00e1te na \u201evlastenectv\u00ed\u201c prezidenta. Poslankyn\u011b dala v\u00fdzvu"},"content":{"rendered":"<p>&#13;<br \/>\n\tSv\u00e1tek matek v poslaneck\u00e9 kancel\u00e1\u0159i<\/p>\n<p>&#13;<br \/>\n\tDo sv\u00e9 poslaneck\u00e9 kancel\u00e1\u0159e v Olomouci jsem tentokr\u00e1t vzala prvn\u011b, a ur\u010dit\u011b ne naposledy, maminku. Byl toti\u017e sv\u00e1tek matek. A jestli n\u011bco moje maminka ocen\u00ed, tak n\u00e1vrat z Prahy dom\u016f. Pojaly jsme to nostalgicky: jely jsme nav\u0161t\u00edvit babi\u010dku, pro\u0161ly jsme se proch\u00e1zkou do Nemilan, kam jsme ob\u011b chodily na z\u00e1kladn\u00ed \u0161kolu, a abych mamince trochu ten sv\u00e1tek matek zp\u0159\u00edjemnila, vzala jsem ji do kina na ryze d\u00e1msk\u00fd film (\u010e\u00e1bel nos\u00ed Pradu, p\u0159izn\u00e1v\u00e1m v\u00e1m bez mu\u010den\u00ed, \u017ee moje\u00a0\u201eguilty pleasure\u201d jsou pr\u00e1v\u011b filmy a seri\u00e1ly o m\u00f3d\u011b) a pak jsme \u0161ly nakupovat. J\u00e1 si koupila spole\u010densk\u00e9 \u0161aty, mamin\u011b jsem koupila letn\u00ed \u0161aty, stavily jsme se na zmrzlinu a u\u017eily si to jaksepat\u0159\u00ed.<\/p>\n<p>&#13;<br \/>\n\tNo a pak jsme se jaly, aby t\u00e9 radosti nebylo p\u0159\u00edli\u0161, ukl\u00edzet poslaneckou kancel\u00e1\u0159, proto\u017ee u\u017e tam jezd\u00edm natolik \u010dasto a natolik dlouho, aby si to zaslou\u017eilo vylep\u0161it kv\u011btinkami, z\u00fatulnit sv\u00ed\u010dkami apod. A jestli tohle n\u011bkdo um\u00ed, tak moje m\u00e1ti. Doma u n\u00e1s bylo v\u017edycky hezky, p\u0159\u00edjemn\u011b a \u00fatulno. Ta se do toho vrhla samoz\u0159ejm\u011b s v\u011bt\u0161\u00ed vervou, ne\u017e bych pot\u0159ebovala, a \u00faklidem jsme tam str\u00e1vily zbyte\u010dn\u011b p\u0159\u00edli\u0161 v\u00edkendu. M\u00e1m v\u0161ak p\u0159ed sebou ji\u017e brzy vidinu zaslou\u017een\u00e9 dovolen\u00e9, a\u010d jen na \u010dty\u0159i dny, a to m\u011b napl\u0148uje optimismem a jsem tak ochotna ob\u011btovat poslanectv\u00ed takt\u00e9\u017e p\u00e1r v\u00edkend\u016f. (Tedy ne, \u017ee by zastupitelsk\u00e9mu mand\u00e1tu n\u011bkdy kon\u010dila pracovn\u00ed doba, noci ve sn\u011bmovn\u011b tomu napov\u00eddaj\u00ed, ale pr\u00e1v\u011b proto mysl\u00edm, \u017ee si ob\u010dasn\u00fd v\u00edkend zaslou\u017e\u00edme i my, pracovn\u00edci lidu.)<\/p>\n<p>&#13;<br \/>\n\t<img decoding=\"async\" alt=\"\" data-orig-style=\"width: 1200px; height: 1600px;\" src=\"https:\/\/www.europesays.com\/cz\/wp-content\/uploads\/2026\/05\/sedl2.jpg\" style=\"\"\/><\/p>\n<p>&#13;<br \/>\n\tPoslankyn\u011b vysv\u011btluje, jak to ve sn\u011bmovn\u011b chod\u00ed<\/p>\n<p>&#13;<br \/>\n\tTo je p\u0159esn\u011b v\u011bc, kter\u00e1 m\u00e1lokoho napad\u00e1. Vzhledem k dotaz\u016fm, kter\u00e9 mi zde na Parlamentn\u00edch listech \u010dasto kladete, pova\u017euji za d\u016fle\u017eit\u00e9 za\u010d\u00edt prost\u0159ednictv\u00edm den\u00edku ob\u010dasn\u011b vysv\u011btlovat fungov\u00e1n\u00ed poslance, t\u0159eba i v\u00fdplat, odm\u011bn, benefit\u016f\u2026<\/p>\n<p>&#13;<br \/>\n\tNed\u00e1vno jste se m\u011b nap\u0159\u00edklad ptali na platy asistent\u016f, kter\u00e9 jsme ned\u00e1vno nav\u00fd\u0161ili na 60 000 K\u010d. N\u011bkte\u0159\u00ed to nevid\u011bli r\u00e1di. A up\u0159\u00edmn\u011b? J\u00e1 se jim nediv\u00edm. V dne\u0161n\u00ed dob\u011b, kdy t\u00e9m\u011b\u0159 ka\u017ed\u00fd \u017eije\u00a0\u201ez\u00a0ruky do huby\u201d, nen\u00ed schopn\u00fd na\u0161et\u0159it ani korunu, a vidina bohat\u00e9 budoucnosti je nulov\u00e1, v dob\u011b, kdy mus\u00edme vyhazovat mnohem v\u00edc za Zelenou dohodu, za obranu, investovat do j\u00e1dra, v dob\u011b, kdy jsou ceny benz\u00ednu kv\u016fli bl\u00edzkov\u00fdchodn\u00edmu konfliktu tak vysok\u00e9, \u017ee si jen m\u00e1lokdo m\u016f\u017ee dovolit jezdit autem jako d\u0159\u00edv\u2026 V takov\u00e9to dob\u011b se nediv\u00edm, \u017ee ka\u017ed\u00e1 koruna nav\u00fd\u0161en\u00e1 pro zastupitele nebo jeho kancel\u00e1\u0159 se m\u016f\u017ee st\u00e1t trnem v oku pro libovoln\u00e9ho voli\u010de, mo\u017en\u00e1 i pro masy lid\u00ed. Ale pr\u00e1v\u011b proto bych zde r\u00e1da p\u00e1r v\u011bc\u00ed vysv\u011btlila a uvedla na pravou m\u00edru.<\/p>\n<p>&#13;<br \/>\n\tKolik stoj\u00ed poslaneck\u00e1 kancel\u00e1\u0159 a jak ji efektivn\u011b vyu\u017e\u00edt<\/p>\n<p>&#13;<br \/>\n\tAno, je pravdou, \u017ee na ka\u017edou poslaneckou kancel\u00e1\u0159 p\u0159isp\u00edv\u00e1 Sn\u011bmovna m\u011bs\u00ed\u010dn\u00edm n\u00e1jmem (ten se li\u0161\u00ed dle regionu). P\u0159isp\u00edv\u00e1 dle m\u00e9ho logicky. Je zodpov\u011bdnost\u00ed ka\u017ed\u00e9ho poslance nezapomenout na kraj, za kter\u00fd byl zvolen. Vy, kdo\u017e m\u016fj zdej\u0161\u00ed den\u00edk \u010dtete, v\u00edte, \u017ee j\u00e1 osobn\u011b absolvuji mnoho sch\u016fzek v olomouck\u00e9 kancel\u00e1\u0159i, a to, co tam \u0159e\u0161\u00edm s tamn\u00edmi, pak p\u0159en\u00e1\u0161\u00edm do Poslaneck\u00e9 sn\u011bmovny a sna\u017e\u00edm se co nejrychleji a nejefektivn\u011bji \u0159e\u0161it.<\/p>\n<p>&#13;<br \/>\n\tPova\u017euji tuto krajskou \u201epobo\u010dku\u201c ka\u017ed\u00e9ho poslance za velmi d\u016fle\u017eitou. Jestli mi n\u011bco vad\u00ed, pak je to pragocentrismus. A jako d\u011bv\u010de, kter\u00e9 \u017eilo jak na Olomoucku, tak v Praze, dok\u00e1\u017ei snadno rozeznat, jak um\u00ed b\u00fdt regiony \u010dasto zanedban\u00e9. Vl\u00e1dou, jednotliv\u00fdmi resorty, dotacemi\u2026 Ale \u0159ekn\u011bme si up\u0159\u00edmn\u011b: jak moc ka\u017ed\u00fd poslanec svou krajskou poslaneckou kancel\u00e1\u0159 vyu\u017e\u00edv\u00e1? Jak \u010dasto v n\u00ed je? Jak \u010dasto v n\u00ed m\u00e1 sch\u016fzky? P\u0159en\u00e1\u0161\u00ed v\u011bci ze sch\u016fzek pak do Sn\u011bmovny a \u0159e\u0161\u00ed je? To, a\u0165 si ka\u017ed\u00fd s\u00e1hne do sv\u00e9ho sv\u011bdom\u00ed s\u00e1m. A mo\u017en\u00e1, \u017ee m\u011b n\u011bkte\u0159\u00ed kolegov\u00e9 nebudou m\u00edt r\u00e1di, kdy\u017e v\u00e1s zde vyzvu: bu\u010fte toho sou\u010d\u00e1st\u00ed a poj\u010fte do toho jejich sv\u011bdom\u00ed s\u00e1hnout s vervou taky.<\/p>\n<p>&#13;<br \/>\n\tJako\u017eto voli\u010dka, jako\u017eto ob\u010danka d\u011bdiny u Olomouce, jsem v\u016fbec nem\u011bla to tu\u0161en\u00ed, \u017ee m\u00e1m mo\u017enost objednat se k n\u011bjak\u00e9mu poslanci do region\u00e1ln\u00ed kancel\u00e1\u0159e a popov\u00eddat si s n\u00edm (nebo jeho z\u00e1stupci) o jeho probl\u00e9mech. Ud\u011blejte to. Bu\u010fte aktivn\u00ed. Ptejte se t\u011bch ve va\u0161em kraji, co pro v\u00e1s mohou ud\u011blat. V\u00edte, jak je to s politiky\u2026 Kdy\u017e vid\u00ed, \u017ee by mohli z\u00edskat na n\u011b\u010dem politick\u00e9 body, to znamen\u00e1 \u201cp\u0159\u00edslib volby v dal\u0161\u00edm obdob\u00ed\u201d, mohou se rozkr\u00e1jet. Konejte tak, aby se pro v\u00e1s rozkr\u00e1jeli. V\u0161ichni moc dob\u0159e v\u011bd\u00ed, \u017ee kdy\u017e nebudou makat pro kraj, je jim pr\u00e1ce ve sn\u011bmovn\u011b \u201cprd platn\u00e1\u201d. A tak pom\u016f\u017eete efektivn\u011b vyu\u017e\u00edt tu u\u017e tak sn\u011bmovnou placenou kancel\u00e1\u0159.<\/p>\n<p>&#13;<\/p>\n<p>\t\t\t\tFotogalerie: &#8211; Jedn\u00e1n\u00ed vl\u00e1dy<\/p>\n<p>&#13;<br \/>\n\tUr\u010dit\u011b si te\u010f \u0159\u00edk\u00e1te, jak\u00e9 to m\u00e1me skv\u011bl\u00e9 podm\u00ednky. M\u016f\u017eeme vyu\u017e\u00edvat kancel\u00e1\u0159e v na\u0161em kraji, sn\u011bmovna n\u00e1m to proplat\u00ed. No jo, nest\u011b\u017euju si, jsem za to opravdu vd\u011b\u010dn\u00e1 a jsem r\u00e1da, \u017ee je zrovna krajsk\u00e1 \u010dinnost nutnou sou\u010d\u00e1st\u00ed. Ale co v\u0161e sn\u011bmovna proplat\u00ed? Ka\u017ed\u00fd v\u00ed, jak jsou n\u00e1jmy v centrech v\u011bt\u0161\u00edch m\u011bst dnes drah\u00e9. Obzvl\u00e1\u0161\u0165 u kancel\u00e1\u0159sk\u00fdch objekt\u016f. Nemluv\u011b o energi\u00edch, za kter\u00e9 tam plat\u00edte mnohem v\u00edc ne\u017e doma. Ka\u017ed\u00fd poslanec by m\u011bl m\u00edt kancel\u00e1\u0159 v jednom z hlavn\u00edch m\u011bst sv\u00e9ho regionu, ide\u00e1ln\u011b na dob\u0159e dostupn\u00e9m m\u00edst\u011b pro v\u0161echny, co\u017e znamen\u00e1 u tramvaje nebo jin\u00e9 MHD, tedy pobl\u00ed\u017e centra. Tam jsou n\u00e1jmy n\u011bkdy tak vysok\u00e9, \u017ee se prost\u011b ani do sn\u011bmovn\u00edho rozpo\u010dtu ned\u00e1 vej\u00edt (mluv\u00edm z vlastn\u00ed zku\u0161enosti). Kancel\u00e1\u0159 tak mus\u00ed dopl\u00e1cet pak s\u00e1m poslanec nebo jeho poslaneck\u00fd klub. Sn\u011bmovna v\u00e1m sice proplat\u00ed n\u00e1bytek, ale postupn\u011b. Mus\u00edte si ho tedy bu\u010f pronajmout a ka\u017ed\u00fd m\u011bs\u00edc platit za pron\u00e1jem, anebo\u00a0koupit, a pak sn\u011bmovn\u011b fakturovat pron\u00e1jem ala spl\u00e1tky. Tak\u017ee mus\u00edme v prvopo\u010d\u00e1tku zainvestovat ze sv\u00e9ho a doufat, \u017ee nikdo neshod\u00ed vl\u00e1du, a za ty \u010dty\u0159i roky se n\u00e1m to vr\u00e1t\u00ed. Pokud nejste \u00fapln\u011b bohat\u00fd, jako nap\u0159\u00edklad j\u00e1, mus\u00edte si p\u016fj\u010dit od kamar\u00e1da, kter\u00fd alespo\u0148 z\u00e1kladn\u00ed n\u00e1bytek, jako stoly a\u00a0\u017eidle,\u00a0nakoup\u00ed, a pak mu to spl\u00e1c\u00edte. Do kancel\u00e1\u0159e tak kupuji v\u011bci postupn\u011b, a\u017e na n\u011b jsou pen\u00edze, a proto jsem se prvn\u00ed m\u011bs\u00edce omlouvala host\u016fm, \u017ee jim sice nab\u00eddnu k\u00e1vu, ale instantn\u00ed, v dob\u011b, kdy jsem koupila k\u00e1vovar, tak \u017ee bude bez ml\u00e9ka, proto\u017ee na ledni\u010dku u\u017e nevyzbylo.<\/p>\n<p>&#13;<br \/>\n\tA to nemluv\u00edm o provozu kancel\u00e1\u0159e. Pravideln\u00fd \u00faklid (jak u\u017e jste pochopili, j\u00e1 ho prov\u00e1d\u00edm s maminkou), pravideln\u00fd odvoz odpad\u016f, energie, vybaven\u00ed typu k\u00e1vovar nebo drobn\u00e9 poho\u0161t\u011bn\u00ed, proto\u017ee hosty, co tam chod\u00ed, prost\u011b mus\u00edte alespo\u0148 napojit, a tak d\u00e1le, a tak d\u00e1le. Zd\u00e1 se to jako sen, jsou to ale starosti, kter\u00e9 stoj\u00ed nejenom \u010das a pen\u00edze, ale taky spoustu za\u0159izov\u00e1n\u00ed na d\u00e1lku, kter\u00e9 v\u00e1m v\u011bt\u0161inou obstar\u00e1v\u00e1 pr\u00e1v\u011b v\u00e1\u0161 sn\u011bmovn\u00ed asistent.<\/p>\n<p>&#13;<br \/>\n\tNav\u00fd\u0161en\u00e9 platy pro asistenty poslanc\u016f<\/p>\n<p>&#13;<br \/>\n\tA t\u00edm se dost\u00e1v\u00e1me k t\u011bm asistentsk\u00fdm smlouv\u00e1m. Ka\u017ed\u00fd poslanec m\u00e1 budget na asistenty 60 000 K\u010d (nyn\u00ed nov\u011b, do ned\u00e1vna to bylo 55 500 K\u010d). Je to ov\u0161em\u00a0\u201ehrub\u00e9ho\u201d a je to na I\u010c. V\u011bt\u0161ina poslanc\u016f m\u00e1 dva asistenty. Jednoho toti\u017e pot\u0159ebujete do Sn\u011bmovny, druh\u00e9ho pr\u00e1v\u011b do kraje. A te\u010f si to p\u0159edstavte. \u010c\u00e1stku rozd\u011blte dv\u011bma. Jste asistent poslance, a \u0159ekn\u011bme si na rovinu, \u017ee t\u00e9 pr\u00e1ce nen\u00ed m\u00e1lo. Berete 30 000 K\u010d hrub\u00e9ho na I\u010c, mus\u00edte si tedy platit soci\u00e1ln\u00ed a zdravotn\u00ed poji\u0161t\u011bn\u00ed, platit dan\u011b. Minim\u00e1ln\u00ed \u010d\u00e1stka, pokud fungujete pau\u0161\u00e1ln\u011b, kterou odevzd\u00e1te st\u00e1tu, je 10 000 K\u010d, tedy V\u00e1m zbyde 20 tis\u00edc. Ale te\u010f pozor! Jako asistent poslance nem\u00e1te ve Sn\u011bmovn\u011b \u017e\u00e1dn\u00fd benefit! (Pokud tedy nepova\u017eujete za benefit mo\u017enost poslouchat H\u0159iba a Richterovou u pult\u00edku na\u017eivo od r\u00e1na do ve\u010dera.) Nem\u00e1te auto, nem\u00e1te parkov\u00e1n\u00ed, nem\u00e1te proplacen\u00fd benz\u00edn, ani MHD. Nem\u00e1te \u017e\u00e1dn\u00e9 stravenky, ani multisportku, ani levn\u011bj\u0161\u00ed j\u00eddlo, ani nic\u2026 Prost\u011b si v\u0161echno mus\u00edte platit sami, pokud v\u00e1m to nezaplat\u00ed poslanec. Je nepsan\u00fdm pravidlem, \u017ee to samoz\u0159ejm\u011b poslanec zaplat\u00ed. Nakoup\u00ed kancel\u00e1\u0159sk\u00e9 pot\u0159eby, elektroniku, pravideln\u011b nakupuje v\u0161e pot\u0159ebn\u00e9, v\u010detn\u011b pap\u00edru do tisk\u00e1rny (ano, ani ten neproplat\u00ed Sn\u011bmovna). Ale to bychom se plynule mohli dostat k v\u00fdplat\u011b poslanc\u016f, ale to si nechme na jindy, proto\u017ee si nemysl\u00edm, \u017ee tento den\u00edk by nem\u011bl b\u00fdt pouze o vysv\u011btlov\u00e1n\u00ed plat\u016f a n\u00e1klad\u016f, p\u0159esto i takov\u00e9 informace pova\u017euji za zaj\u00edmav\u00e9 a z\u00e1sadn\u00ed.<\/p>\n<p>&#13;<\/p>\n<p>\t\t\t\t<a href=\"https:\/\/www.parlamentnilisty.cz\/profily\/profil.aspx?id=118904\" rel=\"nofollow noopener\" target=\"_blank\"><br \/>\n\t\t\t\t\t<img decoding=\"async\" src=\"https:\/\/www.europesays.com\/cz\/wp-content\/uploads\/2026\/03\/127107-zdenek-hrib_profil_top.jpg\" alt=\"\" style=\"width: 100%\"\/><\/a><\/p>\n<p>&#13;<br \/>\n\t\u010c\u00e1ste\u010dn\u011b tak odpov\u00edd\u00e1m na va\u0161e dotazy a hlavn\u011b chci uk\u00e1zat, \u017ee kolikr\u00e1t jsou ty p\u0159edstavy trochu jin\u00e9 ne\u017e jak je to ve skute\u010dnosti. Jestli existuj\u00ed lid\u00e9, kte\u0159\u00ed si \u0161li do politiky vyd\u011blat (a \u017ee bohu\u017eel ur\u010dit\u011b existuj\u00ed), pak to museli d\u011blat jin\u00fdm zp\u016fsobem ne\u017e klasickou v\u00fdplatou za jejich pr\u00e1ci.<\/p>\n<p>&#13;<br \/>\n\t\u0160\u00e1rka na Pra\u017esk\u00e9m jaru<\/p>\n<p>&#13;<br \/>\n\tA mo\u017en\u00e1 bych zde vyu\u017eila p\u00e1r \u0159\u00e1dk\u016f jako pod\u011bkov\u00e1n\u00ed moj\u00ed asistentce \u0160\u00e1rce. Je to moje prav\u00e1 ruka, bez kter\u00e9 si sn\u011bmovn\u00ed pr\u00e1ci ani nedovedu p\u0159edstavit. M\u00e1m asistentku sice jednu, ale mus\u00ed vydat za dv\u011b. Mus\u00ed obstar\u00e1vat jak sn\u011bmovnu, tak krajskou kancel\u00e1\u0159. P\u0159ej\u00ed\u017ed\u00ed sem a tam a zvl\u00e1d\u00e1 to velmi dob\u0159e a s \u00fasm\u011bvem na rtech. Pokud ji m\u016f\u017eu ob\u010dasn\u011b benefitem vyv\u00e9st alespo\u0148 n\u011bkam do spole\u010dnosti, ud\u011bl\u00e1m to velmi r\u00e1da, proto\u017ee nejen, \u017ee si to zaslou\u017e\u00ed, ale taky v\u00edm, \u017ee m\u00e1m vedle sebe oporu, na kterou se m\u016f\u017eu spolehnout.<\/p>\n<p>&#13;<br \/>\n\tVe st\u0159edu jsme spole\u010dn\u011b vy\u0161ly na zahajovac\u00ed koncert Pra\u017esk\u00e9ho jara. Bylo to kr\u00e1sn\u00e9. M\u00e1 vlast. Cyklus symfonick\u00fdch b\u00e1sn\u00ed od Bed\u0159icha Smetany oslavuj\u00edc\u00ed n\u00e1rodn\u00ed historii, p\u0159\u00edrodu, bohatstv\u00ed je pro ka\u017ed\u00e9ho patriota vrcholn\u00fd z\u00e1\u017eitek. Pro m\u011b \u010d\u00e1ste\u010dn\u011b ur\u010dit\u011b symbol n\u00e1rodn\u00ed identity. A t\u0159eba nen\u00ed n\u00e1hodou, \u017ee moje asistentka se jmenuje \u0160\u00e1rka, stejn\u011b, jako t\u0159et\u00ed symfonick\u00e1 b\u00e1se\u0148 z cyklu.<\/p>\n<p>&#13;<br \/>\n\t<img decoding=\"async\" alt=\"\" data-orig-style=\"width: 1199px; height: 1600px;\" src=\"https:\/\/www.europesays.com\/cz\/wp-content\/uploads\/2026\/05\/69609328-2b29-4e4b-a9cc-bae995d84899.jpg\" style=\"\"\/><\/p>\n<p>&#13;<br \/>\n\tJe sou\u010dasn\u00fd prezident vlastenec? <\/p>\n<p>&#13;<br \/>\n\tA kdy\u017e jsme u toho vlastenectv\u00ed, docela by m\u011b zaj\u00edmalo, co \u0159\u00edk\u00e1te vy, \u010dten\u00e1\u0159i Parlamentn\u00edch list\u016f, na\u00a0\u201evlastenectv\u00ed\u201d na\u0161eho sou\u010dasn\u00e9ho pana prezidenta. Ten, kdo chce za ka\u017edou cenu co nejrychleji zav\u00e9st euro a neb\u00e1l se to prodat v novoro\u010dn\u00edm projevu, ten, kter\u00fd se neboj\u00ed \u0159\u00edkat, \u017ee jedin\u00fdm \u0159e\u0161en\u00edm pro suver\u00e9nn\u00ed st\u00e1t je federace s dal\u0161\u00edmi evropsk\u00fdmi st\u00e1ty, kter\u00e9 jsou pomalu, ale jist\u011b libanonizov\u00e1ny a ztr\u00e1cej\u00ed vlastn\u00ed identitu. Ten, kter\u00fd podepsal z\u00e1\u0161titu festivalu Meeting Brno, kter\u00fd host\u00ed setk\u00e1n\u00ed sudetsk\u00fdch N\u011bmc\u016f v Brn\u011b\u2026 d\u00e1te mi v\u011bd\u011bt do koment\u00e1\u0159\u016f, pros\u00edm?<\/p>\n<p>&#13;<br \/>\n\t(Mimochodem, k t\u011bm sude\u0165\u00e1k\u016fm m\u011b tak ka\u017ed\u00fd den napad\u00e1: p\u0159edstavte si, kdyby to landsman\u0161aft cht\u011bl zkusit v Polsku. Ti by je nejsp\u00ed\u0161 vynesli v zubech. Nebere si zrovna n\u00e1\u0161 pan prezident Polsko do pusy \u010dasto jako zemi, ze kter\u00e9 bychom si m\u011bli br\u00e1t p\u0159\u00edklad?)<\/p>\n<p>&#13;<br \/>\n\tV\u00fdborov\u00fd a poslaneck\u00fd t\u00fdden z\u00e1rove\u0148 <\/p>\n<p>&#13;<br \/>\n\tMinul\u00fd t\u00fdden jsem m\u011bla zase tolik v\u00fdbor\u016f, a do toho sn\u011bmovnu, \u017ee jsem musela p\u0159eb\u00edhat kolikr\u00e1t mezi t\u0159emi akcemi z\u00e1rove\u0148. Za zm\u00ednku z toho snad stoj\u00ed minim\u00e1ln\u011b:<\/p>\n<p>&#13;<br \/>\n\t&#13;<br \/>\n\t\tMedi\u00e1ln\u00ed v\u00fdbor, na kter\u00e9m jsme zru\u0161ili v\u0161echna nesmysln\u00e1 usnesen\u00ed z v\u00fdboru minul\u00e9ho, o kter\u00fdch jsem v\u00e1m psala pr\u00e1v\u011b v minul\u00e9m d\u00edle den\u00edku.&#13;<br \/>\n\t&#13;<br \/>\n\t\tVe\u0159ejn\u00e9 sly\u0161en\u00ed kandid\u00e1t\u016f do Rady \u010cRo, v n\u011bm\u017e postoupili d\u00e1l t\u0159i kandid\u00e1ti, a to: Petr \u017dantovsk\u00fd, Tom\u00e1\u0161 K\u0148ourek a Miroslav Dittrich. Budu up\u0159\u00edmn\u00e1, kdy\u017e \u0159eknu, \u017ee i \u010dtvrt\u00e1 kandid\u00e1tka, kter\u00e1 byla k dispozici, konkr\u00e9tn\u011b b\u00fdval\u00e1 poslankyn\u011b Nina Nov\u00e1kov\u00e1, byla skv\u011blou adeptkou, a je mi l\u00edto, \u017ee nebude bojovat o post d\u00e1l. R\u00e1da bych ji v budoucnu vid\u011bla v n\u011bjak\u00e9 v\u00fdznamn\u011bj\u0161\u00ed funkci. Nyn\u00ed se uvid\u00ed, kter\u00fd ze t\u0159ech postoupiv\u0161\u00edch projde p\u0159es sn\u011bmovnu.&#13;<br \/>\n\t&#13;<br \/>\n\t\tS peti\u010dn\u00edm v\u00fdborem jsme byli na v\u00fdjezdn\u00edm zased\u00e1n\u00ed v \u00da\u0159adu ochrany osobn\u00edch \u00fadaj\u016f. Rozhodn\u011b to je \u00fa\u0159ad, s n\u00edm\u017e hodl\u00e1m spolupracovat \u00fa\u017eeji, proto\u017ee m\u011b pon\u011bkud d\u011bs\u00ed snahy posledn\u00ed doby v\u0161echny pr\u016f\u0161vihy jednotlivc\u016f \u0159e\u0161it v\u011bt\u0161\u00ed kontrolou v\u0161ech ob\u010dan\u016f. Zbyte\u010dn\u011b Orwella, m\u00e1lo rozumu.&#13;<br \/>\n\t&#13;<br \/>\n\t\tV bezpe\u010dnostn\u00edm v\u00fdboru jsme projedn\u00e1vali spoustu v\u011bc\u00ed, n\u011bkter\u00e9 nemohu rozeb\u00edrat, av\u0161ak kone\u010dn\u011b uzav\u00edr\u00e1me pr\u00e1ci komise ke st\u0159elb\u011b na Filozofick\u00e9 fakult\u011b UK. Nebyla jsem u po\u010d\u00e1tk\u016f, proto v\u00e1s sp\u00ed\u0161e odk\u00e1\u017eu v t\u00e9to v\u011bci na kolegu &#8211; poslance Ji\u0159\u00edho Ma\u0161ka, kter\u00fd byl jedn\u00edm z hlavn\u00edch hlas\u016f t\u00e9to pr\u00e1ce a informuje o v\u00fdsledc\u00edch na sv\u00fdch s\u00edt\u00edch.&#13;<\/p>\n<p>&#13;<br \/>\n\tKa\u017ed\u00fd den si slibuji, jak budu i j\u00e1 aktivn\u011bj\u0161\u00ed na s\u00edt\u00edch v politick\u00e9 rovin\u011b. Ale nakonec je t\u00e9 pr\u00e1ce tolik, \u017ee v\u017edycky moc pracuju a m\u00e1lo o tom informuju. A poka\u017ed\u00e9 si \u0159\u00edk\u00e1m: nen\u00ed to vlastn\u011b dob\u0159e?\u00a0\u201eJen\u017ee ty tady po\u0159\u00e1d l\u00edt\u00e1\u0161 jak hadr na holi a nikdo o tom po\u0159\u00e1dn\u011b nev\u00ed,\u201d \u0159\u00edk\u00e1 mi \u0160\u00e1rka pravideln\u011b. No a v\u00edte co j\u00ed odpov\u00edd\u00e1m?\u00a0\u201eD\u00edky Bohu za Parlamentn\u00ed listy a m\u016fj den\u00edk.\u201d D\u00edky, \u017ee ho \u010dtete.<\/p>\n<p>&#13;<br \/>\n\t<img decoding=\"async\" alt=\"\" data-orig-style=\"width: 632px; height: 478px;\" src=\"https:\/\/www.europesays.com\/cz\/wp-content\/uploads\/2026\/05\/sobatd-9.jpg\" style=\"\"\/><\/p>\n<p>&#13;<\/p>\n<p>    Psali jsme:<\/p>\n","protected":false},"excerpt":{"rendered":"&#13; Sv\u00e1tek matek v poslaneck\u00e9 kancel\u00e1\u0159i &#13; Do sv\u00e9 poslaneck\u00e9 kancel\u00e1\u0159e v Olomouci jsem tentokr\u00e1t vzala prvn\u011b, a&hellip;\n","protected":false},"author":2,"featured_media":27275,"comment_status":"","ping_status":"","sticky":false,"template":"","format":"standard","meta":{"footnotes":"","_share_on_mastodon":"0"},"categories":[7],"tags":[43,42,41,40,3020,3669,580,3852,4328,7721,6659,9154],"class_list":["post-90765","post","type-post","status-publish","format-standard","has-post-thumbnail","category-cesko","tag-ceska-republika","tag-cesko","tag-czech-republic","tag-czechia","tag-motoriste","tag-platy","tag-prezident","tag-prezident-pavel","tag-sedlackova","tag-snemovna","tag-sudetsti-nemci","tag-suverenita"],"share_on_mastodon":{"url":"https:\/\/pubeurope.com\/@cz\/116602197234168893","error":""},"_links":{"self":[{"href":"https:\/\/www.europesays.com\/cz\/wp-json\/wp\/v2\/posts\/90765","targetHints":{"allow":["GET"]}}],"collection":[{"href":"https:\/\/www.europesays.com\/cz\/wp-json\/wp\/v2\/posts"}],"about":[{"href":"https:\/\/www.europesays.com\/cz\/wp-json\/wp\/v2\/types\/post"}],"author":[{"embeddable":true,"href":"https:\/\/www.europesays.com\/cz\/wp-json\/wp\/v2\/users\/2"}],"replies":[{"embeddable":true,"href":"https:\/\/www.europesays.com\/cz\/wp-json\/wp\/v2\/comments?post=90765"}],"version-history":[{"count":0,"href":"https:\/\/www.europesays.com\/cz\/wp-json\/wp\/v2\/posts\/90765\/revisions"}],"wp:featuredmedia":[{"embeddable":true,"href":"https:\/\/www.europesays.com\/cz\/wp-json\/wp\/v2\/media\/27275"}],"wp:attachment":[{"href":"https:\/\/www.europesays.com\/cz\/wp-json\/wp\/v2\/media?parent=90765"}],"wp:term":[{"taxonomy":"category","embeddable":true,"href":"https:\/\/www.europesays.com\/cz\/wp-json\/wp\/v2\/categories?post=90765"},{"taxonomy":"post_tag","embeddable":true,"href":"https:\/\/www.europesays.com\/cz\/wp-json\/wp\/v2\/tags?post=90765"}],"curies":[{"name":"wp","href":"https:\/\/api.w.org\/{rel}","templated":true}]}}